{"id":46741,"date":"2020-05-06T23:23:53","date_gmt":"2020-05-06T22:23:53","guid":{"rendered":"https:\/\/middleeasttransparent.com\/?p=46741"},"modified":"2020-05-06T23:23:53","modified_gmt":"2020-05-06T22:23:53","slug":"dans-la-tempete-du-covid-19-le-vent-tourne-contre-la-chine","status":"publish","type":"post","link":"https:\/\/middleeasttransparent.com\/fr\/dans-la-tempete-du-covid-19-le-vent-tourne-contre-la-chine\/","title":{"rendered":"Dans la temp\u00eate du Covid-19, le vent tourne contre la Chine"},"content":{"rendered":"<header class=\"css-1n8jgp1 e8mzd9n1\">\n<h2 class=\"css-betwzw edox7vr0\"><span style=\"color: #0000ff;\"><strong>D\u00c9CRYPTAGE &#8211; Des pays de plus en plus nombreux exigent l\u2019ouverture d\u2019une enqu\u00eate internationale \u00e0 Wuhan.<\/strong><\/span><\/h2>\n<\/header>\n<figure class=\"css-1mx1nbj e109d7m50\"><\/figure>\n<p>&nbsp;<\/p>\n<div class=\"css-6zzxro ey7xkwt0\" data-component=\"fig-content-body\">\n<p class=\"css-s6jpj4 ekabp3u0\">Le vent tourne et il se met \u00e0 souffler fort contre la Chine. D\u2019un bout \u00e0 l\u2019autre de la plan\u00e8te, les voix sont de plus en plus nombreuses \u00e0 r\u00e9clamer l\u2019ouverture d\u2019une enqu\u00eate internationale pour d\u00e9terminer l\u2019origine du Covid-19. Les pressions se font plus fortes contre la Chine communiste, qui a refus\u00e9 de donner le r\u00e9sultat de son enqu\u00eate \u00e9pid\u00e9miologique et d\u2019accueillir des experts \u00e9trangers.<\/p>\n<p class=\"css-s6jpj4 ekabp3u0\"><strong>Ils veulent mieux conna\u00eetre\u00a0<a class=\"css-bdba3s esdb6og5\" href=\"https:\/\/www.lefigaro.fr\/international\/les-mysteres-du-laboratoire-de-wuhan-20200417\" data-fig-id=\"bGVmaWdhcm8uZnJfXzZmNTRhYzJjLTgwY2UtMTFlYS1hZTdhLTVjMTg1Y2MwNTZkY19fQXJ0aWNsZQ==\" data-fig-type=\"Article\" data-gtm-custom-categorie=\"navigation\" data-gtm-custom-action=\"crossclick\" data-gtm-custom-label=\"Contextuel\" data-gtm-event=\"customEventSPE\">l\u2019\u00e9pid\u00e9mie partie de Wuhan<\/a>, qui a d\u00e9j\u00e0 officiellement contamin\u00e9 3,5 millions de personnes dans le monde et tu\u00e9 au moins 230.000 malades, contraint la moiti\u00e9 de l\u2019humanit\u00e9 \u00e0 se confiner et\u00a0<a class=\"css-bdba3s esdb6og5\" href=\"https:\/\/www.lefigaro.fr\/conjoncture\/6-graphiques-pour-mesurer-l-impact-du-covid-19-sur-l-economie-mondiale-20200323\" data-fig-id=\"bGVmaWdhcm8uZnJfXzg0OTZiY2E3LTZhYzQtMTFlYS04ZmYwLWEwMzY5ZjkxZjMwNF9fQXJ0aWNsZQ==\" data-fig-type=\"Article\" data-gtm-custom-categorie=\"navigation\" data-gtm-custom-action=\"crossclick\" data-gtm-custom-label=\"Contextuel\" data-gtm-event=\"customEventSPE\">mis \u00e0 terre l\u2019\u00e9conomie mondiale<\/a><\/strong>. L\u2019\u00e9tude des origines du virus est consid\u00e9r\u00e9e par les scientifiques et les responsables politiques comme une \u00e9tape urgente et indispensable pour pr\u00e9venir une nouvelle pand\u00e9mie.<\/p>\n<p class=\"css-s6jpj4 ekabp3u0\">L\u2019attaque la plus frontale est venue des \u00c9tats-Unis, o\u00f9 Donald Trump a acquis la certitude que le Covid-19 vient du laboratoire P4 hautement sensible de Wuhan. En cette ann\u00e9e d\u2019\u00e9lection pr\u00e9sidentielle, la question chinoise est devenue l\u2019un des marqueurs de la vie politique \u00e0 Washington. Le pr\u00e9sident am\u00e9ricain, pour qui tout se paye,\u00a0<a class=\"css-bdba3s esdb6og5\" href=\"https:\/\/www.lefigaro.fr\/flash-actu\/trump-dit-que-la-chine-veut-qu-il-ne-soit-pas-reelu-20200430\" data-fig-id=\"bGVmaWdhcm8uZnJfXzE3Yzc2ZmYyLThhN2EtMTFlYS04ZmYwLWEwMzY5ZjkxZjMwNF9fTmV3c0ZsYXNo\" data-fig-type=\"NewsFlash\" data-gtm-custom-categorie=\"navigation\" data-gtm-custom-action=\"crossclick\" data-gtm-custom-label=\"Contextuel\" data-gtm-event=\"customEventSPE\">demande des comptes \u00e0 la Chine<\/a>, contre qui il envisage\u00a0<a class=\"css-bdba3s esdb6og5\" href=\"https:\/\/www.lefigaro.fr\/conjoncture\/exportations-vers-la-chine-trump-impose-des-limites-20200427\" data-fig-id=\"bGVmaWdhcm8uZnJfXzA2NDlkM2UwLTg4YjQtMTFlYS1iYTlmLTJmY2NhM2ZjYjRlY19fQXJ0aWNsZQ==\" data-fig-type=\"Article\" data-gtm-custom-categorie=\"navigation\" data-gtm-custom-action=\"crossclick\" data-gtm-custom-label=\"Contextuel\" data-gtm-event=\"customEventSPE\">de nouvelles taxes punitives<\/a>. D\u2019ordinaire assez discret sur l\u2019\u00e9chiquier diplomatique international,\u00a0<a class=\"css-bdba3s esdb6og5\" href=\"https:\/\/www.lefigaro.fr\/international\/le-coronavirus-fait-flamber-les-tensions-entre-la-chine-et-l-australie-20200504\" data-fig-id=\"bGVmaWdhcm8uZnJfXzRiZGQ5MDA2LThlMmEtMTFlYS1iM2U1LWE1ZWVmYmQ4ZDQ2Yl9fQXJ0aWNsZQ==\" data-fig-type=\"Article\" data-gtm-custom-categorie=\"navigation\" data-gtm-custom-action=\"crossclick\" data-gtm-custom-label=\"Contextuel\" data-gtm-event=\"customEventSPE\">le premier ministre australien a lui aussi promis de faire pression<\/a>\u00a0\u00e0 la prochaine assembl\u00e9e g\u00e9n\u00e9rale de l\u2019OMS pour obtenir l\u2019ouverture d\u2019une enqu\u00eate sur la pand\u00e9mie. <strong>P\u00e9kin a r\u00e9pliqu\u00e9 par des menaces de repr\u00e9sailles \u00e9conomiques contre Canberra, notamment le boycott des produits et des universit\u00e9s.<\/strong><\/p>\n<h2 class=\"css-1trbs3s e197bajz0\"><strong>L\u2019UE hausse le ton<\/strong><\/h2>\n<p class=\"css-s6jpj4 ekabp3u0\">Jusque-l\u00e0, les gouvernements europ\u00e9ens avaient h\u00e9sit\u00e9 \u00e0 ouvrir une querelle diplomatique avec la Chine \u00e0 un moment particuli\u00e8rement sensible.\u00a0<a class=\"css-bdba3s esdb6og5\" href=\"https:\/\/www.lefigaro.fr\/international\/l-ambassadeur-de-chine-en-france-recadre-par-jean-yves-le-drian-20200415\" data-fig-id=\"bGVmaWdhcm8uZnJfXzFiYzYzZTEwLTdmMjgtMTFlYS1hZTdhLTVjMTg1Y2MwNTZkY19fQXJ0aWNsZQ==\" data-fig-type=\"Article\" data-gtm-custom-categorie=\"navigation\" data-gtm-custom-action=\"crossclick\" data-gtm-custom-label=\"Contextuel\" data-gtm-event=\"customEventSPE\">Jean-Yves Le Drian avait bien convoqu\u00e9 l\u2019ambassadeur chinois<\/a>\u00a0\u00e0 Paris pour ses propos injurieux contre la France. <strong>Mais l\u2019Union europ\u00e9enne avait surtout d\u00e9cal\u00e9 la publication d\u2019un texte critique sur la d\u00e9sinformation chinoise avant de le r\u00e9\u00e9crire en l\u2019adoucissant<\/strong>. Le rapport de forces n\u2019est pas la sp\u00e9cialit\u00e9 des pays europ\u00e9ens, surtout avec la Chine, \u00e0 laquelle leurs \u00e9conomies sont li\u00e9es par un grand nombre de contrats, notamment pour les \u00e9quipements m\u00e9dicaux.<\/p>\n<p class=\"css-s6jpj4 ekabp3u0\">Aujourd\u2019hui, l\u2019UE commence \u00e0 hausser le ton et pr\u00e9pare un projet de r\u00e9solution pour l\u2019assembl\u00e9e g\u00e9n\u00e9rale de l\u2019OMS. Dans une interview au\u00a0<em>JDD<\/em>, le chef de la diplomatie europ\u00e9enne Josep Borrell a soulign\u00e9 \u00ab<em>l\u2019importance que rev\u00eat une meilleure connaissance des circonstances qui ont permis \u00e0 cette pand\u00e9mie de se d\u00e9velopper<\/em>\u00bb. Il insiste sur la n\u00e9cessit\u00e9 \u00ab<em>d\u2019\u00e9tudier de fa\u00e7on ind\u00e9pendante ce qui s\u2019est pass\u00e9<\/em>\u00bb. M\u00eame si la Chine reste \u00ab<em>un partenaire strat\u00e9gique\u2026 avec lequel l\u2019UE doit trouver un \u00e9quilibre d\u2019int\u00e9r\u00eats\u2026<\/em>\u00bb.<\/p>\n<p class=\"css-s6jpj4 ekabp3u0\">M\u00eame l\u2019OMS,\u00a0<a class=\"css-bdba3s esdb6og5\" href=\"https:\/\/www.lefigaro.fr\/international\/comment-la-chine-tire-les-ficelles-de-l-organisation-mondiale-de-la-sante-20200409\" data-fig-id=\"bGVmaWdhcm8uZnJfXzUwYmU1MGMyLTdhODYtMTFlYS1hN2NmLTE0OTNmMWJlNGNiMV9fQXJ0aWNsZQ==\" data-fig-type=\"Article\" data-gtm-custom-categorie=\"navigation\" data-gtm-custom-action=\"crossclick\" data-gtm-custom-label=\"Contextuel\" data-gtm-event=\"customEventSPE\">critiqu\u00e9e pour avoir soutenu P\u00e9kin<\/a>, sans distance, depuis le d\u00e9but de l\u2019\u00e9pid\u00e9mie, et dont le biais pro-chinois de son directeur lui a co\u00fbt\u00e9 la participation financi\u00e8re des \u00c9tats-Unis, semble avoir retrouv\u00e9 ses esprits. Elle sugg\u00e8re aujourd\u2019hui aux dirigeants chinois d\u2019inviter ses \u00e9quipes \u00e0 participer aux enqu\u00eates sur les origines du virus.<\/p>\n<p class=\"css-s6jpj4 ekabp3u0\">Les pays qui demandent des comptes \u00e0 la Chine sont chaque jour plus nombreux. <strong>La pression vient aussi des services de renseignement. Dans un dossier de quinze pages, les agences des Five Eyes<\/strong> anglo-saxons (\u00c9tats-Unis, Australie, Canada, Nouvelle-Z\u00e9lande et Grande-Bretagne) accusent la Chine d\u2019avoir d\u00e9truit les preuves de l\u2019origine du coronavirus. Le document consid\u00e8re que l\u2019attitude chinoise est \u00ab<em>une insulte \u00e0 la transparence internationale<\/em>\u00bb.<\/p>\n<h2 class=\"css-1trbs3s e197bajz0\"><strong>Un rapport interne<\/strong><\/h2>\n<p class=\"css-s6jpj4 ekabp3u0\">\u00c0 tous ceux qui leur demandent de se justifier et de s\u2019ouvrir aux experts \u00e9trangers, les autorit\u00e9s chinoises ont pour l\u2019instant oppos\u00e9 une fin de non-recevoir, consid\u00e9rant que les demandes d\u2019\u00ab<em>enqu\u00eate ind\u00e9pendante sont motiv\u00e9es par des raisons politiques<\/em>\u00bb.<\/p>\n<p class=\"css-s6jpj4 ekabp3u0\">Le Covid-19 est d\u00e9sormais au c\u0153ur d\u2019une bataille diplomatique entre la Chine et les grandes puissances occidentales. Il provoque un affrontement violent entre deux mod\u00e8les oppos\u00e9s, celui des d\u00e9mocraties qui exigent la transparence et celui des r\u00e9gimes ultra-autoritaires et communistes, qui cherchent leur protection dans l\u2019opacit\u00e9 et la d\u00e9sinformation. Lequel des deux l\u2019emportera?<\/p>\n<p class=\"css-s6jpj4 ekabp3u0\">La situation est en tout cas jug\u00e9e suffisamment d\u00e9licate en Chine pour avoir fait l\u2019objet <strong>d\u2019un rapport interne pr\u00e9sent\u00e9 par le ministre de la S\u00e9curit\u00e9 aux responsables chinois le mois dernier et dont l\u2019agence Reuters se fait l\u2019\u00e9cho<\/strong>. Le document r\u00e9v\u00e8le que la Chine fait aujourd\u2019hui face \u00e0 une \u00e9norme vague d\u2019hostilit\u00e9 dans le monde. Le sentiment anti chinois serait m\u00eame \u00e0 son plus haut niveau depuis 1989 et la r\u00e9pression de la place Tiananmen. Apr\u00e8s les \u00e9v\u00e9nements, l\u2019Occident avait \u00e0 l\u2019\u00e9poque impos\u00e9 des sanctions contre la Chine. Le pays est aujourd\u2019hui beaucoup plus puissant.<\/p>\n<\/div>\n<div class=\"hide-print css-1ncvmh8 e14fanc10\"><\/div>\n<div class=\"css-6zzxro ey7xkwt0\" data-component=\"fig-content-body\">\n<div class=\"hide-print css-1ncvmh8 e14fanc10\"><strong>Mais le rapport du think-tank Cicir, proche du minist\u00e8re de la S\u00e9curit\u00e9, pr\u00e9vient que le sentiment anti chinois pourrait ralentir l\u2019extension du projet des \u00abnouvelles routes de la soie\u00bb.<\/strong> Il pourrait aussi faire basculer les relations entre la Chine et les \u00c9tats-Unis dans le pire sc\u00e9nario de confrontation militaire. Par \u00e9crit en tout cas, les autorit\u00e9s chinoises, qui ont amplifi\u00e9 depuis le mois de mars leurs op\u00e9rations de d\u00e9sinformation \u00e0 l\u2019\u00e9tranger, semblent pr\u00eates \u00e0 tous les exc\u00e8s pour \u00e9viter de faire la lumi\u00e8re sur l\u2019origine du coronavirus.<\/div>\n<\/div>\n<div><\/div>\n<div><a href=\"https:\/\/www.lefigaro.fr\/international\/dans-la-tempete-du-covid-19-le-vent-tourne-contre-la-chine-20200504\">LE FIGARO<\/a><\/div>\n","protected":false},"excerpt":{"rendered":"<p>D\u00c9CRYPTAGE &#8211; Des pays de plus en plus nombreux exigent l\u2019ouverture d\u2019une enqu\u00eate internationale \u00e0 Wuhan. &nbsp; Le vent tourne et il se met \u00e0 souffler fort contre la Chine. D\u2019un bout \u00e0 l\u2019autre de la plan\u00e8te, les voix sont de plus en plus nombreuses \u00e0 r\u00e9clamer l\u2019ouverture d\u2019une enqu\u00eate internationale pour d\u00e9terminer l\u2019origine du<\/p>\n","protected":false},"author":570,"featured_media":46753,"comment_status":"open","ping_status":"open","sticky":false,"template":"","format":"standard","meta":{"_uf_show_specific_survey":0,"_uf_disable_surveys":false,"footnotes":""},"categories":[37],"tags":[],"class_list":{"0":"post-46741","1":"post","2":"type-post","3":"status-publish","4":"format-standard","5":"has-post-thumbnail","7":"category-alaune-fr"},"aioseo_notices":[],"_links":{"self":[{"href":"https:\/\/middleeasttransparent.com\/fr\/wp-json\/wp\/v2\/posts\/46741","targetHints":{"allow":["GET"]}}],"collection":[{"href":"https:\/\/middleeasttransparent.com\/fr\/wp-json\/wp\/v2\/posts"}],"about":[{"href":"https:\/\/middleeasttransparent.com\/fr\/wp-json\/wp\/v2\/types\/post"}],"author":[{"embeddable":true,"href":"https:\/\/middleeasttransparent.com\/fr\/wp-json\/wp\/v2\/users\/570"}],"replies":[{"embeddable":true,"href":"https:\/\/middleeasttransparent.com\/fr\/wp-json\/wp\/v2\/comments?post=46741"}],"version-history":[{"count":0,"href":"https:\/\/middleeasttransparent.com\/fr\/wp-json\/wp\/v2\/posts\/46741\/revisions"}],"wp:featuredmedia":[{"embeddable":true,"href":"https:\/\/middleeasttransparent.com\/fr\/wp-json\/wp\/v2\/media\/46753"}],"wp:attachment":[{"href":"https:\/\/middleeasttransparent.com\/fr\/wp-json\/wp\/v2\/media?parent=46741"}],"wp:term":[{"taxonomy":"category","embeddable":true,"href":"https:\/\/middleeasttransparent.com\/fr\/wp-json\/wp\/v2\/categories?post=46741"},{"taxonomy":"post_tag","embeddable":true,"href":"https:\/\/middleeasttransparent.com\/fr\/wp-json\/wp\/v2\/tags?post=46741"}],"curies":[{"name":"wp","href":"https:\/\/api.w.org\/{rel}","templated":true}]}}