{"id":46495,"date":"2020-04-30T17:42:58","date_gmt":"2020-04-30T16:42:58","guid":{"rendered":"https:\/\/middleeasttransparent.com\/?p=46495"},"modified":"2020-04-30T17:42:58","modified_gmt":"2020-04-30T16:42:58","slug":"liban-dans-un-pays-en-faillite-la-colere-plus-forte-que-la-peur-du-virus","status":"publish","type":"post","link":"https:\/\/middleeasttransparent.com\/fr\/liban-dans-un-pays-en-faillite-la-colere-plus-forte-que-la-peur-du-virus\/","title":{"rendered":"Liban\u00a0: \u00ab\u00a0dans un pays en faillite\u00a0\u00bb, la col\u00e8re plus forte que la peur du virus"},"content":{"rendered":"<h3><span style=\"color: #0000ff;\">Les manifestations ont repris \u00e0 Tripoli, ouvrant la voie aux r\u00e9cup\u00e9rations politiques<\/span><\/h3>\n<p>&nbsp;<\/p>\n<div dir=\"auto\">\n<div>\n<div>\n<p><strong>TRIPOLI &#8211;\u00a0correspondance<\/strong><\/p>\n<p>Quartier de <em>Ghouraba<\/em>, \u00e0 Tripoli, dans le nord du Liban. Des ruelles \u00e9troites au sol d\u00e9fonc\u00e9, autour d\u2019un cimeti\u00e8re. Assiettes \u00e0 la main, des femmes et des enfants vont s\u2019asseoir en face de l\u2019une des bicoques de ce faubourg, transform\u00e9e en cuisine temporaire par une association. Ils attendent leur tour pour ramener ce qui tiendra lieu <em>d\u2019iftar<\/em>, le repas de rupture du je\u00fbne, en ce temps de ramadan. Ni distanciation sociale, ni masques, quand bien m\u00eame la menace du nouveau coronavirus reste pr\u00e9sente. Un masque\u00a0? C\u2019est le cadet des soucis d\u2019Amina Majdalani, 40\u00a0ans.\u00a0\u00ab\u00a0On vit au jour le jour en se demandant ce qu\u2019on va manger.\u00a0\u00bb\u00a0Son mari, ouvrier, travaille\u00a0\u00ab\u00a0quand il y a une occasion\u00a0\u00bb.\u00a0Au moins a-t-il encore un emploi.<\/p>\n<p>Tous les ingr\u00e9dients sont r\u00e9unis pour que la rue explose\u00a0: la d\u00e9valuation officieuse mais galopante (le dollar s\u2019\u00e9change \u00e0 4\u00a0000\u00a0livres libanaises, contre 1\u00a0500 selon le taux officiel)\u00a0; l\u2019inflation (le prix du lait pour b\u00e9b\u00e9 a tripl\u00e9)\u00a0; l\u2019activit\u00e9 \u00e9conomique, d\u00e9j\u00e0 sinistr\u00e9e, \u00e0 l\u2019arr\u00eat pour cause de crise sanitaire\u00a0; les restrictions bancaires draconiennes et sans base l\u00e9gale.<\/p>\n<p>A <em>Ghouraba<\/em>, dit Adnane, on a entendu le son des \u00e9meutes qui ont secou\u00e9 le centre de Tripoli d\u00e8s lundi, ou du moins\u00a0\u00ab\u00a0les tirs\u00a0\u00bb. Les tensions ont repris mercredi 29\u00a0avril en soir\u00e9e, sur la place <em>Al-Nour<\/em>, qui fut pendant plusieurs mois l\u2019\u00e9picentre de la contestation populaire n\u00e9e en octobre\u00a02019, et dans le quartier de <em>Mina<\/em>, pr\u00e8s de la mer. Adnane a toutes les raisons de manifester.\u00a0\u00ab\u00a0Dans ma vie, je n\u2019ai vu mon quotidien que r\u00e9gresser. On touche le fond aujourd\u2019hui.\u00a0\u00bb\u00a0S\u2019il comprend la col\u00e8re, ce p\u00e8re de famille de 40\u00a0ans ne descend pas dans la rue\u00a0:\u00a0\u00ab\u00a0J\u2019h\u00e9site, un manifestant est mort\u00a0[d\u00e9c\u00e9d\u00e9 mardi de ses blessures apr\u00e8s avoir \u00e9t\u00e9 touch\u00e9 par un tir \u00e0 balle r\u00e9elle de l\u2019arm\u00e9e la veille].\u00a0Et puis j\u2019ai des cousins soldats, je ne veux pas me retrouver en face-\u00e0-face avec eux.\u00a0\u00bb<\/p>\n<h2>Contexte politique explosif<\/h2>\n<p>Les manifestations ont pris un tour violent depuis leur retour dans la ville. Sur la place <em>Al-Nour<\/em> et dans le centre-ville, des banques ont \u00e9t\u00e9 incendi\u00e9es. Des ouvriers posent des panneaux en m\u00e9tal sur les vitrines des agences, ferm\u00e9es. Mercredi apr\u00e8s-midi, dans le quartier de <em>Mina<\/em>, des jeunes manifestaient contre l\u2019arrestation par les services de s\u00e9curit\u00e9 de protestataires. Le soir, les sc\u00e8nes des jours pr\u00e9c\u00e9dents ont repris\u00a0: jets de pierre et de p\u00e9tards contre les soldats, tirs de balles en caoutchouc par l\u2019arm\u00e9e. Et des bless\u00e9s, des deux c\u00f4t\u00e9s.<\/p>\n<p>Il n\u2019y a pas qu\u2019\u00e0 Tripoli, o\u00f9 des centaines de personnes \u00e9taient rassembl\u00e9es mercredi soir, que la col\u00e8re gronde\u00a0; ailleurs aussi, les banques ont \u00e9t\u00e9 prises pour cible. Mais, dans la grande ville la plus pauvre du pays, l\u2019histoire r\u00e9cente est dans les esprits. Tripoli est tristement devenue au fil des ans la\u00a0\u00ab\u00a0parfaite bo\u00eete \u00e0 messages\u00a0\u00bb,\u00a0rappelle Sahar Minkara, qui tient un caf\u00e9 alternatif non loin de la place Al-Nour. Par le pass\u00e9, les rivalit\u00e9s nationales \u2013 entre camps politiques adverses \u2013 ou locales \u2013 entre notables politiques sunnites de la ville \u2013 se sont plusieurs fois exprim\u00e9es par la violence, et par la manipulation des plus d\u00e9favoris\u00e9s, d\u00e9pendant du patronage entretenu par les leaders politiques.<\/p>\n<p>Aux manifestations actuelles se retrouvent\u00a0\u00ab\u00a0des militants de la premi\u00e8re heure de la contestation, des sympathisants de partis politiques, et des pauvres\u00a0\u00bb, selon un activiste. Qui l\u2019emportera\u00a0? La mobilisation co\u00efncide avec le d\u00e9but du plan de d\u00e9confinement, mais aussi avec un contexte politique explosif. La joute a lieu notamment autour de la figure de Riad Salameh, le gouverneur de la banque centrale, et de sa gestion financi\u00e8re. Mercredi, le premier ministre, Hassan Diab, a de nouveau accus\u00e9, sans les nommer, ceux qui veulent\u00a0\u00ab\u00a0le chaos, car ce chaos les prot\u00e8ge\u00a0\u00bb.<\/p>\n<h2>\u00ab\u00a0La situation est grave\u00a0\u00bb<\/h2>\n<p>Ses adversaires, comme l\u2019ancien premier ministre Saad Hariri, le leader druze Walid Joumblatt et le chef chr\u00e9tien Samir Geagea, n\u2019ont pas \u00e9t\u00e9 en reste dans leurs charges contre lui. Pour les m\u00e9dias proches du Hezbollah, une offensive est en cours pour affaiblir le parti chiite, qui soutient le gouvernement. A l\u2019inverse, la presse proche du camp rival relaie les accusations contre le camp pro-iranien, tax\u00e9 de vouloir renforcer son assise dans le pays. Dans tous les cas, le bras de fer\u00a0\u00ab\u00a0risque de marginaliser les causes sociales et l\u2019alternative politique demand\u00e9e par le mouvement de contestation, juge un expert politique.\u00a0La situation est grave. La crise, \u00e0 tous les niveaux\u00a0: \u00e9conomique, politique, sociale, dans un pays en faillite.\u00a0\u00bb<\/p>\n<p>Devant l\u2019association Sesobel Nour, non loin du centre-ville, des passants cherchent \u00e0 s\u2019enregistrer pour recevoir de l\u2019aide. Dans les bureaux, des jeunes pr\u00e9parent des colis alimentaires. L\u2019association a ouvert une boulangerie pour distribuer du pain aux plus d\u00e9munis.\u00a0\u00ab\u00a0On assiste \u00e0 une d\u00e9gringolade sociale. Des gens de la classe moyenne sont venus gonfler les rangs de ceux qui ont besoin d\u2019aide. Des p\u00e8res de famille abandonnent leur foyer, parce qu\u2019ils ne sont plus capables d\u2019assumer leurs responsabilit\u00e9s \u00e9conomiques\u00a0\u00bb,\u00a0d\u00e9plore Rida Sayadi Dassouki, la pr\u00e9sidente, derri\u00e8re la vitre install\u00e9e sur son bureau par mesure sanitaire.<\/p>\n<p>Malgr\u00e9 la pr\u00e9sence de partisans de la contestation populaire aux manifestations, elle ne croit pas \u00e0 la \u00ab\u00a0r\u00e9volte de la faim\u00a0\u00bb, comme on a baptis\u00e9 les rassemblements des derniers jours.\u00a0\u00ab\u00a0Oui, les gens sont affam\u00e9s, oui, il y a de la col\u00e8re. Mais des manipulations par des politiciens sont \u00e0 l\u2019\u0153uvre ces jours-ci.\u00a0\u00bb\u00a0<strong>Qui\u00a0? Elle ne nomme personne.\u00a0Si elle \u00e9tait descendue dans la rue en octobre, esp\u00e9rant\u00a0\u00ab\u00a0un changement de toute la classe politique\u00a0\u00bb, elle n\u2019y va plus.\u00a0\u00ab\u00a0On est dans un tunnel dont on ne voit pas le bout\u00a0\u00bb,\u00a0s\u2019inqui\u00e8te-t-elle.<\/strong><\/p>\n<\/div>\n<p><a href=\"https:\/\/www.lemonde.fr\/international\/article\/2020\/04\/30\/a-tripoli-de-violentes-manifestations-dans-un-contexte-politique-explosif_6038246_3210.html\">Le Monde<\/a><\/p>\n<\/div>\n<\/div>\n","protected":false},"excerpt":{"rendered":"<p>Les manifestations ont repris \u00e0 Tripoli, ouvrant la voie aux r\u00e9cup\u00e9rations politiques &nbsp; TRIPOLI &#8211;\u00a0correspondance Quartier de Ghouraba, \u00e0 Tripoli, dans le nord du Liban. Des ruelles \u00e9troites au sol d\u00e9fonc\u00e9, autour d\u2019un cimeti\u00e8re. Assiettes \u00e0 la main, des femmes et des enfants vont s\u2019asseoir en face de l\u2019une des bicoques de ce faubourg, transform\u00e9e<\/p>\n","protected":false},"author":611,"featured_media":46503,"comment_status":"open","ping_status":"open","sticky":false,"template":"","format":"standard","meta":{"_uf_show_specific_survey":0,"_uf_disable_surveys":false,"footnotes":""},"categories":[37],"tags":[],"class_list":{"0":"post-46495","1":"post","2":"type-post","3":"status-publish","4":"format-standard","5":"has-post-thumbnail","7":"category-alaune-fr"},"aioseo_notices":[],"_links":{"self":[{"href":"https:\/\/middleeasttransparent.com\/fr\/wp-json\/wp\/v2\/posts\/46495","targetHints":{"allow":["GET"]}}],"collection":[{"href":"https:\/\/middleeasttransparent.com\/fr\/wp-json\/wp\/v2\/posts"}],"about":[{"href":"https:\/\/middleeasttransparent.com\/fr\/wp-json\/wp\/v2\/types\/post"}],"author":[{"embeddable":true,"href":"https:\/\/middleeasttransparent.com\/fr\/wp-json\/wp\/v2\/users\/611"}],"replies":[{"embeddable":true,"href":"https:\/\/middleeasttransparent.com\/fr\/wp-json\/wp\/v2\/comments?post=46495"}],"version-history":[{"count":0,"href":"https:\/\/middleeasttransparent.com\/fr\/wp-json\/wp\/v2\/posts\/46495\/revisions"}],"wp:featuredmedia":[{"embeddable":true,"href":"https:\/\/middleeasttransparent.com\/fr\/wp-json\/wp\/v2\/media\/46503"}],"wp:attachment":[{"href":"https:\/\/middleeasttransparent.com\/fr\/wp-json\/wp\/v2\/media?parent=46495"}],"wp:term":[{"taxonomy":"category","embeddable":true,"href":"https:\/\/middleeasttransparent.com\/fr\/wp-json\/wp\/v2\/categories?post=46495"},{"taxonomy":"post_tag","embeddable":true,"href":"https:\/\/middleeasttransparent.com\/fr\/wp-json\/wp\/v2\/tags?post=46495"}],"curies":[{"name":"wp","href":"https:\/\/api.w.org\/{rel}","templated":true}]}}