{"id":46246,"date":"2020-04-24T02:24:11","date_gmt":"2020-04-24T01:24:11","guid":{"rendered":"https:\/\/middleeasttransparent.com\/?p=46246"},"modified":"2020-04-24T02:28:42","modified_gmt":"2020-04-24T01:28:42","slug":"un-procureur-suisse-se-defend-davoir-rencontre-secretement-le-president-de-la-fifa","status":"publish","type":"post","link":"https:\/\/middleeasttransparent.com\/fr\/un-procureur-suisse-se-defend-davoir-rencontre-secretement-le-president-de-la-fifa\/","title":{"rendered":"Un procureur suisse se d\u00e9fend d\u2019avoir rencontr\u00e9 secr\u00e8tement le pr\u00e9sident de la FIFA"},"content":{"rendered":"<header class=\"article__header \">\n<div class=\"article__heading\">\n<h2 class=\"article__desc\"><em>Dans un courrier que \u00ab\u00a0Le Monde\u00a0\u00bb a consult\u00e9, C\u00e9dric Remund, charg\u00e9 des enqu\u00eates en lien avec la F\u00e9d\u00e9ration internationale de football, a d\u00e9menti avoir particip\u00e9 \u00e0 un rendez-vous avec le pr\u00e9sident de l\u2019instance en juin\u00a02017.<\/em><\/h2>\n<\/div>\n<p>&nbsp;<\/p>\n<\/header>\n<figure><\/figure>\n<section class=\"article__wrapper \">\n<article class=\"article__content old__article-content-single\">\n<p class=\"article__paragraph \">Le procureur suisse C\u00e9dric Remund a-t-il assist\u00e9 \u00e0 une r\u00e9union secr\u00e8te en pr\u00e9sence du pr\u00e9sident de la F\u00e9d\u00e9ration internationale de football (FIFA), Gianni Infantino, le 16\u00a0juin\u00a02017, \u00e0 Berne\u00a0?<\/p>\n<p class=\"article__paragraph \">L\u2019interrogation plane depuis que les quotidiens allemand et suisse la\u00a0<em>S\u00fcddeutsche Zeitung\u00a0<\/em>et la\u00a0<em>Luzerner Zeitung<\/em>\u00a0<a href=\"https:\/\/www.lemonde.fr\/football\/article\/2020\/04\/19\/fifa-le-parquet-suisse-fragilise-par-les-soupcons-de-collusion_6037070_1616938.html\">ont avanc\u00e9, le 18\u00a0avril, que le magistrat, charg\u00e9 de plusieurs enqu\u00eates en lien avec la FIFA depuis 2015, aurait \u00e9t\u00e9 pr\u00e9sent \u00e0 ce rendez-vous<\/a>\u00a0lors duquel le patron du football mondial et son ami d\u2019enfance, le premier procureur du Haut-Valais Rinaldo Arnold, ont rencontr\u00e9 le procureur g\u00e9n\u00e9ral suisse Michael Lauber et son chef de la communication, Andr\u00e9 Marty.<\/p>\n<p class=\"article__paragraph \">Selon nos informations, M.\u00a0Remund d\u00e9ment avoir particip\u00e9 \u00e0 cette r\u00e9union et a fourni un alibi aux diff\u00e9rentes parties concern\u00e9es par les proc\u00e9dures.\u00a0<em>Le Monde<\/em>\u00a0et la<em>\u00a0S\u00fcddeutsche Zeitung<\/em> ont eu acc\u00e8s \u00e0 son courrier justificatif, dat\u00e9 du 20\u00a0avril, envoy\u00e9 au Tribunal p\u00e9nal f\u00e9d\u00e9ral.<\/p>\n<p class=\"article__paragraph \">Dans cette missive, M.\u00a0Remund affirme qu\u2019il a pris une journ\u00e9e de cong\u00e9, ce 16\u00a0juin\u00a02017, pour \u00ab\u00a0<em>\u00e9crire<\/em>\u00a0<em>un article scientifique\u00a0\u00bb,\u00a0<\/em>sans donner davantage de pr\u00e9cisions.Le magistrat a joint \u00e0 ce courrier un formulaire attestant de son absence, ce jour-l\u00e0, au si\u00e8ge du Minist\u00e8re public de la Conf\u00e9d\u00e9ration helv\u00e9tique (MPC), \u00e0 Berne.<\/p>\n<p class=\"article__paragraph \">Contact\u00e9 par\u00a0<em>Le Monde,<\/em>\u00a0le 19\u00a0avril, M.\u00a0Remund n\u2019avait pas pr\u00e9cis\u00e9 s\u2019il \u00e9tait pr\u00e9sent \u00e0 la rencontre de juin\u00a02017.<\/p>\n<h2 class=\"article__sub-title\">Charg\u00e9 de plusieurs proc\u00e9dures p\u00e9nales<\/h2>\n<p class=\"article__paragraph \">Si la pr\u00e9sence M. Remund \u00e0 la r\u00e9union de juin\u00a02017 devait \u00eatre confirm\u00e9e, elle pourrait compromettre plusieurs proc\u00e9dures p\u00e9nales, dont celle visant Nasser Al-Khela\u00effi, le patron qatari du Paris-Saint-Germain et de BeIn Media, ainsi que le Fran\u00e7ais J\u00e9r\u00f4me Valcke, l\u2019ex-secr\u00e9taire g\u00e9n\u00e9ral de la FIFA (2007-2015).<\/p>\n<p class=\"article__paragraph \">M.\u00a0Remund avait par ailleurs interrog\u00e9 l\u2019ex-pr\u00e9sident de l\u2019Union des associations europ\u00e9ennes de football (UEFA) Michel Platini, en septembre\u00a02015, comme t\u00e9moin assist\u00e9 dans l\u2019affaire du paiement pr\u00e9sum\u00e9 d\u00e9loyal de 2\u00a0millions de francs suisses (1,8\u00a0million d\u2019euros) que lui a fait, en\u00a02011, l\u2019ex-pr\u00e9sident de la FIFA, Sepp Blatter. En mai\u00a02018, c\u2019est lui aussi qui avait signifi\u00e9 par courrier \u00e0 M.\u00a0Platini qu\u2019il ne serait pas poursuivi dans le cadre de l\u2019enqu\u00eate.<\/p>\n<p class=\"article__paragraph \">D\u2019apr\u00e8s une ordonnance de classement, que\u00a0<em>Le Monde\u00a0<\/em>a consult\u00e9e, M.\u00a0Remund avait par ailleurs clos, en novembre\u00a02017, une enqu\u00eate \u00ab\u00a0contre inconnu\u00a0\u00bb relative \u00e0 un contrat douteux sign\u00e9 en\u00a02006 par M.\u00a0Infantino, alors directeur de la division des affaires juridiques de l\u2019UEFA, et octroyant des droits t\u00e9l\u00e9vis\u00e9s \u00e0 une soci\u00e9t\u00e9 offshore, d\u00e9tenue par des hommes d\u2019affaires inculp\u00e9s en\u00a02015 par la justice am\u00e9ricaine.<\/p>\n<p class=\"article__paragraph \">Les articles de la\u00a0<em>S\u00fcddeutsche Zeitung\u00a0<\/em>et de la\u00a0<em>Luzerner Zeitung\u00a0<\/em>ont provoqu\u00e9 quelques remous en Suisse alors que l\u2019Autorit\u00e9 de surveillance du parquet suisse (AS-MPC) a reconnu, le 4\u00a0mars, le procureur g\u00e9n\u00e9ral Lauber\u00a0<em>\u00ab<\/em>\u00a0<em>coupable d\u2019avoir contrevenu \u00e0 plusieurs devoirs de fonction\u00a0\u00bb\u00a0<\/em>en rencontrant, de mani\u00e8re informelle (sans proc\u00e8s-verbal \u00e0 l\u2019appui), et en trois occasions, le pr\u00e9sident de la FIFA (partie civile dans ces proc\u00e9dures), en mars et en avril\u00a02016, puis en juin\u00a02017.<\/p>\n<section><\/section>\n<h2 class=\"catcher catcher--inline\">Pas de souvenir<\/h2>\n<p class=\"article__paragraph \">Dans son rapport, l\u2019AS-MPC s\u2019interroge sur la pr\u00e9sence de Rinaldo Arnold, ami de M.\u00a0Infantino, \u00e0 trois rendez-vous avec M. Lauber. D\u2019apr\u00e8s les informations du\u00a0<em>Monde<\/em>\u00a0et du journal suisse\u00a0<em>Neue Z\u00fcrcher Zeitung,\u00a0<\/em>l\u2019Autorit\u00e9 de surveillance du parquet suisse estime que M.\u00a0Arnold a cherch\u00e9, pour le compte de M. Infantino, le 8\u00a0juillet\u00a02015, \u00e0 glaner aupr\u00e8s du procureur Lauber des informations judiciaires concernant Sepp Blatter et Michel Platini, alors favori dans la course \u00e0 la pr\u00e9sidence de la FIFA.<\/p>\n<section class=\"catcher catcher--inline\"><span class=\"catcher__title\"><span class=\"icon__premium\"><span class=\"sr-only\">Article r\u00e9serv\u00e9 \u00e0 nos abonn\u00e9s<\/span><\/span>\u00a0Lire aussi\u00a0<\/span><span class=\"catcher__desc\"><a class=\"js-article-read-also\" href=\"https:\/\/www.lemonde.fr\/sport\/article\/2020\/04\/01\/fifa-le-rapport-qui-renforce-les-soupcons-sur-gianni-infantino_6035126_3242.html\" data-premium=\"1\">FIFA\u00a0: le rapport qui renforce les soup\u00e7ons sur Gianni Infantino<\/a><\/span><\/section>\n<p class=\"article__paragraph \">Selon l\u2019AS-MPC, la rencontre du 8\u00a0juillet\u00a02015 a eu lieu apr\u00e8s un rendez-vous de \u00ab<em>\u00a0cinq heures\u00a0<\/em>\u00bb entre la FIFA et le MPC, le 26\u00a0juin\u00a02015, lors duquel les deux parties ont \u00e9voqu\u00e9 la question de la transmission des donn\u00e9es scell\u00e9es de la FIFA.<\/p>\n<p class=\"article__paragraph \">L\u2019AS-MPC indique que M. Arnold n\u2019a mentionn\u00e9 ni la r\u00e9union du 8\u00a0juillet\u00a02015 ni celle du 16\u00a0juin\u00a02017 lors de son interrogatoire par le procureur extraordinaire du canton du Valais. A quel titre cet ami d\u2019enfance de M. Infantino a-t-il accompagn\u00e9 ce dernier lors de deux rencontres avec M. Lauber\u00a0? Contact\u00e9, M.\u00a0Arnold n\u2019a pas donn\u00e9 suite.<\/p>\n<p class=\"article__paragraph \">Pour sa part, la FIFA ne r\u00e9pond pas \u00e0 la question et ne pr\u00e9cise pas si sa direction juridique, en lien permanent avec le parquet suisse, \u00e9tait ou non au courant de la pr\u00e9sence de M. Arnold lors des rendez-vous avec le MPC. Selon l\u2019AS-MPC, \u00ab\u00a0<em>il n\u2019existe aucune base juridique permettant une telle pr\u00e9sence dans les proc\u00e9dures devant le MPC.<\/em>\u00a0\u00bb<\/p>\n<p class=\"article__paragraph \">Pour la FIFA, \u00ab\u00a0<em>il n\u2019y a rien de secret ou de suspect \u00e0 propos<\/em>\u00a0\u00bb de ces rencontres entre M. Infantino et M. Lauber. L\u2019organisation rappelle sa volont\u00e9 de \u00ab<em>\u00a0coop\u00e9rer\u00a0<\/em>\u00bb et \u00ab\u00a0<em>esp\u00e8re que les enqu\u00eates seront bient\u00f4t termin\u00e9es et qu\u2019il y aura des r\u00e9sultats concrets.\u00a0\u00bb<\/em><\/p>\n<p class=\"article__paragraph \">Organis\u00e9e \u00e0 l\u2019h\u00f4tel Schweizerhof de Berne, propri\u00e9t\u00e9 d\u2019une soci\u00e9t\u00e9 li\u00e9e \u00e0 un fonds souverain qatari, la rencontre du 16\u00a0juin\u00a02017 reste nimb\u00e9e d\u2019un halo de myst\u00e8re. M.\u00a0Infantino, pas plus que M. Marty et M. Arnold, n\u2019en a conserv\u00e9 le moindre souvenir. Quant \u00e0 M. Lauber, il a assur\u00e9 \u00e0 l\u2019AS-MPC, en novembre\u00a02018, qu\u2019il n\u2019avait plus rencontr\u00e9 des repr\u00e9sentants de la FIFA apr\u00e8s\u2026 avril\u00a02016. S\u2019il a assur\u00e9 aux rapporteurs de l\u2019AS-MPC \u00ab\u00a0<em>avoir une bonne m\u00e9moire<\/em>\u00a0\u00bb, il ne se souvient pas non plus de la rencontre du 16\u00a0juin\u00a02017.<\/p>\n<section class=\"author\">\n<p class=\"article__author-container\"><span class=\"author__detail\"><a class=\"article__author-link\" href=\"https:\/\/www.lemonde.fr\/signataires\/remi-dupre\/\"><span class=\"author__name\">Le Monde<\/span><\/a><\/span><\/p>\n<\/section>\n<\/article>\n<\/section>\n","protected":false},"excerpt":{"rendered":"<p>Dans un courrier que \u00ab\u00a0Le Monde\u00a0\u00bb a consult\u00e9, C\u00e9dric Remund, charg\u00e9 des enqu\u00eates en lien avec la F\u00e9d\u00e9ration internationale de football, a d\u00e9menti avoir particip\u00e9 \u00e0 un rendez-vous avec le pr\u00e9sident de l\u2019instance en juin\u00a02017. &nbsp; Le procureur suisse C\u00e9dric Remund a-t-il assist\u00e9 \u00e0 une r\u00e9union secr\u00e8te en pr\u00e9sence du pr\u00e9sident de la F\u00e9d\u00e9ration internationale<\/p>\n","protected":false},"author":296,"featured_media":46255,"comment_status":"open","ping_status":"open","sticky":false,"template":"","format":"standard","meta":{"_uf_show_specific_survey":0,"_uf_disable_surveys":false,"footnotes":""},"categories":[37],"tags":[],"class_list":{"0":"post-46246","1":"post","2":"type-post","3":"status-publish","4":"format-standard","5":"has-post-thumbnail","7":"category-alaune-fr"},"aioseo_notices":[],"_links":{"self":[{"href":"https:\/\/middleeasttransparent.com\/fr\/wp-json\/wp\/v2\/posts\/46246","targetHints":{"allow":["GET"]}}],"collection":[{"href":"https:\/\/middleeasttransparent.com\/fr\/wp-json\/wp\/v2\/posts"}],"about":[{"href":"https:\/\/middleeasttransparent.com\/fr\/wp-json\/wp\/v2\/types\/post"}],"author":[{"embeddable":true,"href":"https:\/\/middleeasttransparent.com\/fr\/wp-json\/wp\/v2\/users\/296"}],"replies":[{"embeddable":true,"href":"https:\/\/middleeasttransparent.com\/fr\/wp-json\/wp\/v2\/comments?post=46246"}],"version-history":[{"count":0,"href":"https:\/\/middleeasttransparent.com\/fr\/wp-json\/wp\/v2\/posts\/46246\/revisions"}],"wp:featuredmedia":[{"embeddable":true,"href":"https:\/\/middleeasttransparent.com\/fr\/wp-json\/wp\/v2\/media\/46255"}],"wp:attachment":[{"href":"https:\/\/middleeasttransparent.com\/fr\/wp-json\/wp\/v2\/media?parent=46246"}],"wp:term":[{"taxonomy":"category","embeddable":true,"href":"https:\/\/middleeasttransparent.com\/fr\/wp-json\/wp\/v2\/categories?post=46246"},{"taxonomy":"post_tag","embeddable":true,"href":"https:\/\/middleeasttransparent.com\/fr\/wp-json\/wp\/v2\/tags?post=46246"}],"curies":[{"name":"wp","href":"https:\/\/api.w.org\/{rel}","templated":true}]}}