{"id":4588,"date":"2015-09-13T16:19:27","date_gmt":"2015-09-13T15:19:27","guid":{"rendered":"http:\/\/middleeasttransparent.com\/news\/?p=4588"},"modified":"2015-09-13T16:19:27","modified_gmt":"2015-09-13T15:19:27","slug":"drs-le-general-toufik-sen-va-tartag-le-remplace","status":"publish","type":"post","link":"https:\/\/middleeasttransparent.com\/fr\/drs-le-general-toufik-sen-va-tartag-le-remplace\/","title":{"rendered":"DRS : le g\u00e9n\u00e9ral Toufik s\u2019en va, Tartag le remplace"},"content":{"rendered":"<p>Le pr\u00e9sident de la R\u00e9publique, Abdelaziz Bouteflika,\u00a0 a mis fin aux fonctions de chef du D\u00e9partement du Renseignement et de la\u00a0 S\u00e9curit\u00e9, exerc\u00e9es par le g\u00e9n\u00e9ral de corps d&rsquo;arm\u00e9e, Mohamed Mediene, admis\u00a0 \u00e0 la retraite, indique dimanche un communiqu\u00e9 de la Pr\u00e9sidence de la R\u00e9publique.<\/p>\n<div id=\"texte\" class=\"texte\">\n<p>\u00a0\u00ab\u00a0Conform\u00e9ment aux dispositions des articles 77 (alin\u00e9as 1 et 8) et 78\u00a0 (alin\u00e9a 2) de la Constitution, Monsieur Abdelaziz Bouteflika, pr\u00e9sident de\u00a0\u00a0 la R\u00e9publique, ministre de la D\u00e9fense nationale, a mis fin ce jour aux fonctions\u00a0 de chef du D\u00e9partement du Renseignement et de la S\u00e9curit\u00e9, exerc\u00e9es par le\u00a0 g\u00e9n\u00e9ral de corps d&rsquo;arm\u00e9e, Mohamed Mediene, admis \u00e0 la retraite\u00a0\u00bb, lit-on dans\u00a0 le communiqu\u00e9.<\/p>\n<p>Le pr\u00e9sident de la R\u00e9publique a nomm\u00e9 M. Athmane Tartag, chef du D\u00e9partement\u00a0 du Renseignement et de la S\u00e9curit\u00e9, ajoute la m\u00eame source.<\/p>\n<p>M. Athmane Tartag, g\u00e9n\u00e9ral-major \u00e0 la retraite, \u00e9tait jusqu&rsquo;\u00e0 ce jour\u00a0 conseiller aupr\u00e8s du pr\u00e9sident de la R\u00e9publique. Auparavant, il avait assum\u00e9\u00a0 plusieurs hautes responsabilit\u00e9s au sein des services de renseignement et de\u00a0 s\u00e9curit\u00e9, conclut le communiqu\u00e9.<\/p>\n<\/div>\n<h5 class=\"signature\">APS<\/h5>\n<p><a href=\"http:\/\/www.elwatan.com\/une\/drs-le-general-toufik-s-en-va-tartag-le-remplace-13-09-2015-303384_108.php\">Elwatan<\/a><\/p>\n","protected":false},"excerpt":{"rendered":"<p>Le pr\u00e9sident de la R\u00e9publique, Abdelaziz Bouteflika,\u00a0 a mis fin aux fonctions de chef du D\u00e9partement du Renseignement et de la\u00a0 S\u00e9curit\u00e9, exerc\u00e9es par le g\u00e9n\u00e9ral de corps d&rsquo;arm\u00e9e, Mohamed Mediene, admis\u00a0 \u00e0 la retraite, indique dimanche un communiqu\u00e9 de la Pr\u00e9sidence de la R\u00e9publique. \u00a0\u00ab\u00a0Conform\u00e9ment aux dispositions des articles 77 (alin\u00e9as 1 et 8)<\/p>\n","protected":false},"author":178,"featured_media":4590,"comment_status":"open","ping_status":"open","sticky":false,"template":"","format":"standard","meta":{"_uf_show_specific_survey":0,"_uf_disable_surveys":false,"footnotes":""},"categories":[22],"tags":[],"class_list":{"0":"post-4588","1":"post","2":"type-post","3":"status-publish","4":"format-standard","5":"has-post-thumbnail","7":"category-actualites-fr"},"aioseo_notices":[],"_links":{"self":[{"href":"https:\/\/middleeasttransparent.com\/fr\/wp-json\/wp\/v2\/posts\/4588","targetHints":{"allow":["GET"]}}],"collection":[{"href":"https:\/\/middleeasttransparent.com\/fr\/wp-json\/wp\/v2\/posts"}],"about":[{"href":"https:\/\/middleeasttransparent.com\/fr\/wp-json\/wp\/v2\/types\/post"}],"author":[{"embeddable":true,"href":"https:\/\/middleeasttransparent.com\/fr\/wp-json\/wp\/v2\/users\/178"}],"replies":[{"embeddable":true,"href":"https:\/\/middleeasttransparent.com\/fr\/wp-json\/wp\/v2\/comments?post=4588"}],"version-history":[{"count":0,"href":"https:\/\/middleeasttransparent.com\/fr\/wp-json\/wp\/v2\/posts\/4588\/revisions"}],"wp:featuredmedia":[{"embeddable":true,"href":"https:\/\/middleeasttransparent.com\/fr\/wp-json\/wp\/v2\/media\/4590"}],"wp:attachment":[{"href":"https:\/\/middleeasttransparent.com\/fr\/wp-json\/wp\/v2\/media?parent=4588"}],"wp:term":[{"taxonomy":"category","embeddable":true,"href":"https:\/\/middleeasttransparent.com\/fr\/wp-json\/wp\/v2\/categories?post=4588"},{"taxonomy":"post_tag","embeddable":true,"href":"https:\/\/middleeasttransparent.com\/fr\/wp-json\/wp\/v2\/tags?post=4588"}],"curies":[{"name":"wp","href":"https:\/\/api.w.org\/{rel}","templated":true}]}}