{"id":45854,"date":"2020-04-15T00:23:23","date_gmt":"2020-04-14T23:23:23","guid":{"rendered":"https:\/\/middleeasttransparent.com\/?p=45854"},"modified":"2020-04-17T10:44:33","modified_gmt":"2020-04-17T09:44:33","slug":"lambassadeur-de-chine-a-paris-convoque-pour-certains-propos-lies-au-coronavirus","status":"publish","type":"post","link":"https:\/\/middleeasttransparent.com\/fr\/lambassadeur-de-chine-a-paris-convoque-pour-certains-propos-lies-au-coronavirus\/","title":{"rendered":"L&rsquo;ambassadeur de Chine \u00e0 Paris convoqu\u00e9 pour \u00abcertains propos\u00bb li\u00e9s au coronavirus"},"content":{"rendered":"<header class=\"css-r32ezy e8mzd9n1\">\n<h3 class=\"css-umpurk e590w5o1\"><strong>Le ministre fran\u00e7ais des Affaires \u00e9trang\u00e8res Jean-Yves Le Drian a convoqu\u00e9 mardi l&rsquo;ambassadeur de Chine en France pour lui signifier sa \u00ab<em>d\u00e9sapprobation<\/em>\u00bb vis-\u00e0-vis de <a href=\"http:\/\/www.amb-chine.fr\/fra\/zfzj\/t1768712.htm\">\u00ab<em>certains propos r\u00e9cents<\/em>\u00bb<\/a> li\u00e9s au nouveau coronavirus, a-t-il annonc\u00e9 dans un communiqu\u00e9.<\/strong><\/h3>\n<\/header>\n<div class=\"hide-print css-1ncvmh8 e14fanc10\"><\/div>\n<div class=\"css-1lz652c ey7xkwt0\" data-component=\"fig-content-body\">\n<p class=\"css-s6jpj4 ekabp3u0\">\u00ab<em>J&rsquo;ai fait conna\u00eetre clairement ma d\u00e9sapprobation de certains propos r\u00e9cents \u00e0 l&rsquo;ambassadeur de la R\u00e9publique populaire de Chine en France, lors de sa convocation au minist\u00e8re de l&rsquo;Europe et des Affaires \u00e9trang\u00e8res, ce mardi 14 avril au matin<\/em>\u00bb, a soulign\u00e9 le chef de la diplomatie fran\u00e7aise. \u00ab<em><a href=\"http:\/\/www.amb-chine.fr\/fra\/zfzj\/t1768712.htm\">Certaines prises de position publiques r\u00e9centes de repr\u00e9sentants de l&rsquo;ambassade de Chine en France<\/a> ne sont pas conformes \u00e0 la qualit\u00e9 de la relation bilat\u00e9rale entre nos deux pays<\/em>\u00bb, a d\u00e9plor\u00e9 le ministre, en r\u00e9f\u00e9rence \u00e0 la campagne d\u00e9complex\u00e9e men\u00e9e par cette ambassade pour vanter la \u00ab<em>victoire<\/em>\u00bb du gouvernement chinois dans sa bataille contre le coronavirus et critiquer la gestion occidentale de cette \u00e9pid\u00e9mie.<\/p>\n<p><a href=\"https:\/\/middleeasttransparent.com\/fr\/lambassadeur-de-chine-a-paris-convoque-pour-certains-propos-lies-au-coronavirus\/gin\/\" rel=\"attachment wp-att-45863\"><img fetchpriority=\"high\" decoding=\"async\" class=\"size-full wp-image-45863 aligncenter\" src=\"https:\/\/middleeasttransparent.com\/wp-content\/uploads\/2020\/04\/GIN.png\" alt=\"\" width=\"705\" height=\"344\" srcset=\"https:\/\/middleeasttransparent.com\/wp-content\/uploads\/2020\/04\/GIN.png 705w, https:\/\/middleeasttransparent.com\/wp-content\/uploads\/2020\/04\/GIN-600x293.png 600w\" sizes=\"(max-width: 705px) 100vw, 705px\" \/><\/a><\/p>\n<p class=\"css-s6jpj4 ekabp3u0\">Dimanche, l&rsquo;ambassade de Chine en France a publi\u00e9 sur son site un long texte intitul\u00e9 <a href=\"http:\/\/www.amb-chine.fr\/fra\/zfzj\/t1768712.htm\">\u00ab<em>R\u00e9tablir des faits distordus &#8211; Observations d&rsquo;un diplomate chinois en poste \u00e0 Paris<\/em>\u00bb<\/a>. Les Occidentaux y sont notamment accus\u00e9s de d\u00e9nigrer injustement la Chine apr\u00e8s avoir qualifi\u00e9 la maladie Covid-19 de \u00ab<em>grippette<\/em>\u00bb au d\u00e9but de l&rsquo;\u00e9pid\u00e9mie et les Am\u00e9ricains sont critiqu\u00e9s pour avoir limog\u00e9 le commandant d&rsquo;un porte-avions dont l&rsquo;\u00e9quipage est contamin\u00e9. Le texte accuse aussi &#8211; sans fournir de preuves &#8211; les membres du personnel soignant fran\u00e7ais des \u00e9tablissements pour personnes \u00e2g\u00e9es (Ehpad) d&rsquo;avoir \u00ab<em>abandonn\u00e9 leurs postes du jour au lendemain (&#8230;) laissant mourir leurs pensionnaires de faim et de maladie<\/em>\u00bb.<\/p>\n<p class=\"css-s6jpj4 ekabp3u0\"><strong>\u00ab<em>Le Covid-19 est une pand\u00e9mie qui touche tous les continents et toutes les soci\u00e9t\u00e9s. Face au virus et \u00e0 ses cons\u00e9quences sur nos \u00e9conomies, les pol\u00e9miques n&rsquo;ont pas leur place et la France oeuvre r\u00e9solument en faveur de l&rsquo;unit\u00e9, de la solidarit\u00e9 et de la plus grande coop\u00e9ration internationale<\/em>\u00bb, a r\u00e9torqu\u00e9 mardi le ministre fran\u00e7ais des Affaires \u00e9trang\u00e8res dans son communiqu\u00e9.<\/strong><\/p>\n<p class=\"css-s6jpj4 ekabp3u0\"><strong>\u00bb \u00c0 voir aussi &#8211; Coronavirus: la Chine r\u00e9\u00e9crit l&rsquo;histoire<\/strong><\/p>\n<\/div>\n<p><a href=\"https:\/\/www.lefigaro.fr\/flash-actu\/l-ambassadeur-de-chine-a-paris-convoque-pour-certains-propos-lies-au-coronavirus-20200414\">Le Figaro<\/a><\/p>\n<p style=\"text-align: center;\"><strong>*<\/strong><\/p>\n<p>&nbsp;<\/p>\n<header class=\"content-page__wrap--header\">\n<h1 class=\"content-page__title bold\" style=\"text-align: center;\">Le diplomate chinois Lu Shaye, pourfendeur de la presse canadienne, nomm\u00e9 ambassadeur en France<\/h1>\n<div class=\"content-page__tags\">\n<div class=\"field field-name-field-rsf-country field-type-taxonomy-term-reference field-label-hidden\">\n<div class=\"field-items\"><\/div>\n<\/div>\n<\/div>\n<div class=\"rsf-share-toolbar\">\n<p><strong>17 juin 2019<\/strong><\/p>\n<\/div>\n<\/header>\n<div class=\"container img-c-full\">\n<div class=\"row\">\n<div class=\"col-sm-12\">\n<div class=\"center-block\">\n<div class=\"field field-name-field-rsf-img field-type-image field-label-hidden\">\n<div class=\"field-items\">\n<div class=\"field-item even\"><picture class=\"img-responsive\"><source srcset=\"https:\/\/rsf.org\/sites\/default\/files\/styles\/rsf_full\/public\/2019-06-18_rsf_chinese_ambassador_lu_shaye_0.png?itok=5-HKribR&amp;timestamp=1560761322 1x\" media=\"(min-width:415px)\" \/><source srcset=\"https:\/\/rsf.org\/sites\/default\/files\/styles\/rsf_mobile_responsive\/public\/2019-06-18_rsf_chinese_ambassador_lu_shaye_0.png?itok=SP74Sq2Q&amp;timestamp=1560761322 1x\" \/><img decoding=\"async\" class=\"img-responsive\" title=\"\" src=\"https:\/\/rsf.org\/sites\/default\/files\/styles\/rsf_full\/public\/2019-06-18_rsf_chinese_ambassador_lu_shaye_0.png?itok=5-HKribR&amp;timestamp=1560761322\" alt=\"\" \/><\/picture><\/div>\n<\/div>\n<\/div>\n<\/div>\n<\/div>\n<\/div>\n<\/div>\n<div class=\"content-page__wrap--text\">\n<div class=\"content-page__top-right-block\">\n<div class=\"content-page__top-right-block-el\"><a class=\"twitter-account\" href=\"http:\/\/www.twitter.com\/RSF_fr\" target=\"_blank\" rel=\"noopener noreferrer\">RSF_fr<\/a><\/div>\n<\/div>\n<section class=\"content-page__chapo\">\n<div class=\"field field-name-field-rsf-chapo field-type-text-long field-label-hidden\">\n<div class=\"field-items\">\n<div class=\"field-item even\">Apr\u00e8s deux ann\u00e9es en poste au Canada, Lu Shaye, doit prochainement prendre ses fonctions comme ambassadeur de Chine en France. Reporters sans fronti\u00e8res (RSF) rappelle qu\u2019un diplomate ne doit pas tenter d\u2019intimider les m\u00e9dias du pays o\u00f9 il r\u00e9side.<\/div>\n<\/div>\n<\/div>\n<\/section>\n<section class=\"content-page__body font-18\">\n<div class=\"field field-name-body field-type-text-with-summary field-label-hidden\">\n<div class=\"field-items\">\n<div class=\"field-item even\">\n<p>Reporters sans fronti\u00e8res (RSF) s\u2019inqui\u00e8te de\u00a0<a href=\"https:\/\/www.theglobeandmail.com\/world\/article-chinas-ambassador-to-canada-to-leave-post-later-this-month\/\" target=\"_blank\" rel=\"noopener noreferrer\">l\u2019arriv\u00e9e prochaine<\/a>\u00a0de Lu Shaye \u00e0 l\u2019ambassade de Chine en France, en remplacement de l\u2019ambassadeur actuel Zhai Jun. Le diplomate, \u00e2g\u00e9 de 54 ans et qui parle couramment fran\u00e7ais, exerce depuis 2017 la fonction d\u2019ambassadeur de Chine au Canada et s\u2019est taill\u00e9 la r\u00e9putation\u00a0<a href=\"https:\/\/nationalpost.com\/opinion\/kelly-mcparland-chinas-ambassador-has-a-simple-message-give-us-what-we-want\" target=\"_blank\" rel=\"noopener noreferrer\">d\u2019ennemi des journalistes<\/a>, qu\u2019il accuse syst\u00e9matiquement de\u00a0<em>\u00ab\u00a0<\/em><a href=\"https:\/\/www.nationalobserver.com\/2017\/07\/04\/news\/influential-misinformed-canadian-media-hurts-china-canada-relations-envoy\" target=\"_blank\" rel=\"noopener noreferrer\"><em>relayer une<\/em>\u00a0<em>image n\u00e9gative de la Chine<\/em><\/a>\u00a0<em>\u00bb<\/em>\u00a0d\u00e8s que leurs articles lui d\u00e9plaisent. Un style peu diplomatique qui tranchera\u00a0avec la relative discr\u00e9tion de son pr\u00e9d\u00e9cesseur.<\/p>\n<p><em>\u00ab\u00a0Un diplomate ne doit pas tenter d\u2019intimider les\u00a0<\/em><em>m\u00e9dias<\/em><em>\u00a0du pays dans lequel il est post\u00e9 et encore moins leur donner des instructions,\u00a0<\/em>rappelle C\u00e9dric Alviani, directeur du bureau Asie de l\u2019Est de RSF.<em>\u00a0Le fait m\u00eame que Lu Shaye soit encore ambassadeur en d\u00e9pit de ses coups d\u2019\u00e9clat est r\u00e9v\u00e9lateur de l\u2019attitude agressive et d\u00e9complex\u00e9e avec laquelle P\u00e9kin tente d\u2019<\/em><a href=\"https:\/\/rsf.org\/fr\/rapports\/rapport-rsf-le-nouvel-ordre-mondial-des-medias-selon-la-chine\"><em>imposer sa propagande hors de ses fronti\u00e8res<\/em><\/a><em>. \u00bb<\/em><\/p>\n<p>A peine arriv\u00e9 en poste \u00e0 Ottawa, en 2017, Lu Shaye n\u2019a pas h\u00e9sit\u00e9 \u00e0 s\u2019en prendre au gouvernement du Premier ministre Justin Trudeau, estimant qu\u2019il ferait mieux de\u00a0<em>\u00ab\u00a0<\/em><em>n\u00e9gocier un accord de libre-\u00e9change avec P\u00e9kin plut\u00f4t que de se prosterner devant les journalistes canadiens pr\u00e9occup\u00e9s par les droits humains en Chine. \u00bb\u00a0<\/em>Plus r\u00e9cemment, il a accus\u00e9 les m\u00e9dias canadiens de relayer \u201c<a href=\"https:\/\/www.hilltimes.com\/2019\/01\/09\/double-standard-justice-canadians-chinese\/182367?utm_source=Member+-+Hill+Times+Publishing&amp;utm_campaign=f7b8cb19ba-EMAIL_CAMPAIGN_2019_01_09_09_00&amp;utm_medium=email&amp;utm_term=0_207adb2c89-f7b8cb19ba-91283307&amp;mc_cid=f7b8cb19ba&amp;mc_eid=014da035bb\" target=\"_blank\" rel=\"noopener noreferrer\">l\u2019\u00e9gotisme occidental et la supr\u00e9matie de la race blanche<\/a>\u201d et a\u00a0<a href=\"http:\/\/ca.china-embassy.org\/eng\/gdxw\/t1666127.htm\" target=\"_blank\" rel=\"noopener noreferrer\">d\u00e9nigr\u00e9 leur travail<\/a>\u00a0en consid\u00e9rant qu\u2019ils \u00e9taient moins bien plac\u00e9s que le peuple chinois pour juger du d\u00e9veloppement de la Chine. Il s\u2019est aussi r\u00e9guli\u00e8rement plaint du caract\u00e8re selon lui\u00a0<em>\u00ab\u00a0<\/em><em>biais\u00e9\u00a0<\/em><em>\u00bb<\/em>\u00a0et\u00a0<em>\u00ab\u00a0<\/em><em>calomnieux\u00a0<\/em><em>\u00bb\u00a0<\/em>des articles d\u00e9non\u00e7ant les pers\u00e9cutions des\u00a0<a href=\"https:\/\/rsf.org\/fr\/actualites\/58-journalistes-ouighours-detenus-en-chine\">Ou\u00efghours<\/a>\u00a0dans la presse canadienne.<\/p>\n<p>Lu Shaye n\u2019est pas le premier dignitaire chinois \u00e0 s\u2019attaquer aux m\u00e9dias \u00e9trangers. L\u2019ambassadeur de Chine en Su\u00e8de, Gui Congyou, s\u2019est lui aussi lanc\u00e9 ces derni\u00e8res ann\u00e9es dans une v\u00e9ritable croisade\u00a0<a href=\"https:\/\/rsf.org\/fr\/actualites\/suede-rsf-appelle-lambassadeur-de-chine-cesser-de-harceler-les-medias\">contre les journalistes<\/a>. En juin 2016, le ministre chinois des Affaires \u00e9trang\u00e8res Wang Yi, en visite officielle au Canada, avait aussi publiquement qualifi\u00e9\u00a0<a href=\"https:\/\/www.theguardian.com\/law\/2016\/jun\/02\/chinese-foreign-minister-canada-angry-human-rights-question\" target=\"_blank\" rel=\"noopener noreferrer\">\u00ab\u00a0d\u2019irresponsables \u00bb<\/a>\u00a0les questions d\u2019une journaliste portant sur les droits humains en Chine.<\/p>\n<p>La Chine est l\u2019une des plus grandes prisons du monde pour les journalistes, avec au moins 111 d\u2019entre eux derri\u00e8re les barreaux dans des conditions qui laissent craindre pour leur vie. Dans le\u00a0<a href=\"https:\/\/rsf.org\/fr\/classement\">Classement mondial RSF de la libert\u00e9 de la presse 2019<\/a>, le pays est class\u00e9 au 177e rang sur 180.<\/p>\n<\/div>\n<\/div>\n<\/div>\n<\/section>\n<\/div>\n<footer class=\"content-page__footer\">\n<div class=\"container\">\n<div class=\"row\">\n<div class=\"col-sm-12\">\n<div class=\"content-page__tags uppercase bold\">\n<div class=\"field field-name-field-rsf-country field-type-taxonomy-term-reference field-label-hidden\">\n<div class=\"field-items\">\n<div class=\"field-item even\"><\/div>\n<\/div>\n<\/div>\n<\/div>\n<\/div>\n<\/div>\n<\/div>\n<\/footer>\n","protected":false},"excerpt":{"rendered":"<p>Le ministre fran\u00e7ais des Affaires \u00e9trang\u00e8res Jean-Yves Le Drian a convoqu\u00e9 mardi l&rsquo;ambassadeur de Chine en France pour lui signifier sa \u00abd\u00e9sapprobation\u00bb vis-\u00e0-vis de \u00abcertains propos r\u00e9cents\u00bb li\u00e9s au nouveau coronavirus, a-t-il annonc\u00e9 dans un communiqu\u00e9. \u00abJ&rsquo;ai fait conna\u00eetre clairement ma d\u00e9sapprobation de certains propos r\u00e9cents \u00e0 l&rsquo;ambassadeur de la R\u00e9publique populaire de Chine en<\/p>\n","protected":false},"author":152,"featured_media":45862,"comment_status":"open","ping_status":"open","sticky":false,"template":"","format":"standard","meta":{"_uf_show_specific_survey":0,"_uf_disable_surveys":false,"footnotes":""},"categories":[37],"tags":[],"class_list":{"0":"post-45854","1":"post","2":"type-post","3":"status-publish","4":"format-standard","5":"has-post-thumbnail","7":"category-alaune-fr"},"aioseo_notices":[],"_links":{"self":[{"href":"https:\/\/middleeasttransparent.com\/fr\/wp-json\/wp\/v2\/posts\/45854","targetHints":{"allow":["GET"]}}],"collection":[{"href":"https:\/\/middleeasttransparent.com\/fr\/wp-json\/wp\/v2\/posts"}],"about":[{"href":"https:\/\/middleeasttransparent.com\/fr\/wp-json\/wp\/v2\/types\/post"}],"author":[{"embeddable":true,"href":"https:\/\/middleeasttransparent.com\/fr\/wp-json\/wp\/v2\/users\/152"}],"replies":[{"embeddable":true,"href":"https:\/\/middleeasttransparent.com\/fr\/wp-json\/wp\/v2\/comments?post=45854"}],"version-history":[{"count":0,"href":"https:\/\/middleeasttransparent.com\/fr\/wp-json\/wp\/v2\/posts\/45854\/revisions"}],"wp:featuredmedia":[{"embeddable":true,"href":"https:\/\/middleeasttransparent.com\/fr\/wp-json\/wp\/v2\/media\/45862"}],"wp:attachment":[{"href":"https:\/\/middleeasttransparent.com\/fr\/wp-json\/wp\/v2\/media?parent=45854"}],"wp:term":[{"taxonomy":"category","embeddable":true,"href":"https:\/\/middleeasttransparent.com\/fr\/wp-json\/wp\/v2\/categories?post=45854"},{"taxonomy":"post_tag","embeddable":true,"href":"https:\/\/middleeasttransparent.com\/fr\/wp-json\/wp\/v2\/tags?post=45854"}],"curies":[{"name":"wp","href":"https:\/\/api.w.org\/{rel}","templated":true}]}}