{"id":45761,"date":"2020-04-11T21:25:05","date_gmt":"2020-04-11T20:25:05","guid":{"rendered":"https:\/\/middleeasttransparent.com\/?p=45761"},"modified":"2020-04-11T21:25:05","modified_gmt":"2020-04-11T20:25:05","slug":"le-covid-19-fragilise-le-liban-deja-en-faillite","status":"publish","type":"post","link":"https:\/\/middleeasttransparent.com\/fr\/le-covid-19-fragilise-le-liban-deja-en-faillite\/","title":{"rendered":"Le Covid-19 fragilise le Liban, d\u00e9j\u00e0 en faillite"},"content":{"rendered":"<h2>Le ralentissement de l\u2019activit\u00e9 et le confinement vont aggraver la crise \u00e9conomique que traverse le pays<\/h2>\n<div><\/div>\n<div><\/div>\n<div dir=\"auto\">\n<div>\n<p>&nbsp;<\/p>\n<p><em>REPORTAGE BEYROUTH- correspondance<\/em><\/p>\n<p>Volontaire de longue date, <strong>Ramy Finge<\/strong> conna\u00eet bien les faubourgs mis\u00e9reux aux marges de Tripoli, la ville la plus pauvre du Liban, lui qui fut l\u2019un des coordinateurs locaux du soul\u00e8vement populaire contre la classe politique qui a \u00e9clat\u00e9 en octobre\u00a02019 au pays du C\u00e8dre.\u00a0\u00ab\u00a0Je vois ces jours-ci une d\u00e9tresse inou\u00efe, lors des distributions de nourriture\u00a0: des septuag\u00e9naires en pleurs, des gens munis de sacs en plastique en guise de r\u00e9cipients\u2026 Ils me demandent\u00a0: \u201cAllez-vous revenir demain\u00a0?\u201d\u00a0\u00bb, d\u00e9crit avec \u00e9motion ce dentiste de 54\u00a0ans, mobilis\u00e9 pour servir des repas aux habitants des banlieues tripolitaines, en ces temps de confinement li\u00e9 au nouveau coronavirus.\u00a0\u00ab\u00a0Comme tout le monde, les plus d\u00e9munis doivent rester chez eux. Mais ils n\u2019ont aucune ressource\u00a0\u00bb, s\u2019alarme le soignant, joint par t\u00e9l\u00e9phone.<\/p>\n<h2>D\u00e9flagration sociale<\/h2>\n<p>Au Liban, le premier cas de Covid-19 a \u00e9t\u00e9 diagnostiqu\u00e9 en f\u00e9vrier. Vendredi 10\u00a0avril, 20\u00a0d\u00e9c\u00e8s dus au coronavirus avaient \u00e9t\u00e9 enregistr\u00e9s depuis l\u2019apparition locale de la pand\u00e9mie. Prolong\u00e9 jusqu\u2019au 26\u00a0avril, le confinement a \u00e9t\u00e9 annonc\u00e9 le 15\u00a0mars par le gouvernement dirig\u00e9 par le premier ministre Hassan Diab, avec la suspension des commerces non essentiels. Avant cette date, restaurants et bars avaient d\u00e9j\u00e0 d\u00fb fermer. Les \u00e9coles aussi. <strong>Le pays est isol\u00e9<\/strong>. A l\u2019exception du rapatriement en cours des Libanais de l\u2019\u00e9tranger, les vols ont \u00e9t\u00e9 suspendus, et les postes-fronti\u00e8res avec la Syrie boucl\u00e9s.<\/p>\n<p>Le ralentissement de l\u2019activit\u00e9 exacerbe les difficult\u00e9s, dans un pays secou\u00e9 par une grave crise financi\u00e8re et \u00e9conomique depuis l\u2019automne 2019. <strong>La d\u00e9pression s\u2019\u00e9tait d\u00e9j\u00e0 fait sentir avant la crise sanitaire<\/strong>, avec la difficult\u00e9 croissante de familles \u00e0 s\u2019acquitter des frais de scolarit\u00e9 de leurs enfants (la majorit\u00e9 des \u00e9l\u00e8ves sont scolaris\u00e9s dans le priv\u00e9) ou \u00e0 se soigner. Selon un responsable du minist\u00e8re des finances, pr\u00e8s de 45\u00a0% de la population vit d\u00e9sormais sous le seuil de pauvret\u00e9. Ce taux \u00e9tait \u00e9valu\u00e9 \u00e0 un tiers avant l\u2019automne.\u00a0\u00ab\u00a0L\u2019appauvrissement va s\u2019acc\u00e9l\u00e9rer avec la crise du Covid-19. Des entreprises, dans la restauration\u00a0[des centaines de restaurants ont d\u00e9j\u00e0 mis la cl\u00e9 sous la porte depuis octobre]\u00a0ou l\u2019industrie, sont menac\u00e9es de faillite, ce qui signifierait de nouveaux licenciements\u00a0\u00bb,\u00a0consid\u00e8re le ministre de l\u2019\u00e9conomie, Raoul Nehm\u00e9. Selon le cabinet d\u2019analyses Infopro, <strong>pr\u00e8s de 220\u00a0000\u00a0emplois ont d\u00e9j\u00e0 \u00e9t\u00e9 supprim\u00e9s<\/strong> entre octobre\u00a02019 et janvier\u00a02020. La mise \u00e0 l\u2019arr\u00eat du pays fragilise aussi la main-d\u2019\u0153uvre du secteur informel (plus de la moiti\u00e9 des travailleurs au Liban).<\/p>\n<p>La d\u00e9flagration sociale en cours repr\u00e9sente un d\u00e9fi suppl\u00e9mentaire pour le gouvernement form\u00e9 en janvier, dans un contexte tr\u00e8s d\u00e9licat. La dette publique a atteint 92\u00a0milliards de dollars (84,4\u00a0milliards d\u2019euros), soit 170\u00a0% du produit int\u00e9rieur brut, et le pays s\u2019est d\u00e9clar\u00e9 en d\u00e9faut de paiement sur sa dette, d\u00e9but mars, pour la premi\u00e8re fois de son histoire.\u00a0\u00ab\u00a0Nous n\u2019avons pas de ressources financi\u00e8res pour soutenir les entreprises, constate le ministre.Notre priorit\u00e9, pour l\u2019instant, est de venir en aide aux plus pauvres.\u00a0\u00bb\u00a0Une somme de 400\u00a0000\u00a0livres libanaises (142\u00a0dollars, selon le cours sur le march\u00e9 non bancaire, soit 131\u00a0euros) par famille vuln\u00e9rable libanaise devrait \u00eatre distribu\u00e9e \u00e0 partir du 14\u00a0avril. Mais ce plan est critiqu\u00e9 pour son manque de clart\u00e9, et moins de 200\u00a0000\u00a0foyers touch\u00e9s par la crise sont concern\u00e9s, vu le montant de l\u2019enveloppe allou\u00e9e (75\u00a0milliards de livres libanaises). ONG ou entrepreneurs ont appel\u00e9 le gouvernement \u00e0 d\u2019autres mesures de soutien, comme le gel des remboursements de pr\u00eats, pour les particuliers ou les soci\u00e9t\u00e9s.<\/p>\n<h2>Gestes de d\u00e9sespoir<\/h2>\n<p>Le d\u00e9nuement pousse certains \u00e0 tenter de continuer de travailler, malgr\u00e9 le risque de sanctions. Avec, parfois, des gestes de d\u00e9sespoir. D\u00e9but avril, un homme a menac\u00e9 de s\u2019immoler \u00e0 Sa\u00efda, dans le sud du pays, apr\u00e8s avoir re\u00e7u une amende pour avoir ouvert son \u00e9choppe, selon la presse locale. En mars, un chauffeur de taxi, verbalis\u00e9 pour son activit\u00e9, avait incendi\u00e9 son v\u00e9hicule aux portes de Beyrouth. <strong>Malgr\u00e9 le couvre-feu nocturne impos\u00e9, de petites manifestations ont eu lieu en banlieue, au sud de la capitale, ou \u00e0 Tripoli, dans le nord, pour d\u00e9noncer les conditions \u00e9conomiques.<\/strong><\/p>\n<p>Dans la ville septentrionale, o\u00f9 pr\u00e8s de 60\u00a0% des m\u00e9nages vivaient sous le seuil de pauvret\u00e9 avant la crise financi\u00e8re, le secteur associatif\u00a0\u00ab\u00a0est mobilis\u00e9 pour aider les plus d\u00e9munis\u00a0\u00bb, souligne le\u00a0docteur Ramy Finge. Les repas qu\u2019il d\u00e9livre sont financ\u00e9s par des dons priv\u00e9s et pr\u00e9par\u00e9s \u00e0 <strong>la \u00ab\u00a0cuisine de la r\u00e9volution\u00a0\u00bb<\/strong>, d\u00e9localis\u00e9e apr\u00e8s le d\u00e9mant\u00e8lement par l\u2019arm\u00e9e, le 7\u00a0avril, des tentes de la place Al-Nour \u00e0 Tripoli, o\u00f9 ont eu lieu des manifestations pendant plusieurs mois. Ailleurs dans le pays, la solidarit\u00e9 est aussi \u00e0 l\u2019\u0153uvre, mais les besoins sont grands. Depuis la mi-f\u00e9vrier, les prix de l\u2019alimentation ont augment\u00e9 de plus de 13\u00a0%, selon l\u2019association de protection des consommateurs, une entit\u00e9 priv\u00e9e. D\u2019apr\u00e8s certaines projections, la croissance devrait \u00eatre n\u00e9gative pour 2020, et l\u2019inflation d\u00e9passer 25\u00a0%. A ce fl\u00e9au s\u2019ajoutent, pour les Libanais, la d\u00e9gringolade du pouvoir d\u2019achat \u2013 la monnaie a lourdement chut\u00e9 face au dollar sur le march\u00e9 non bancaire \u2013 ainsi que les restrictions draconiennes impos\u00e9es par les banques sur les retraits.<\/p>\n<p>Pour parer \u00e0 l\u2019urgence sociale, le gouvernement a demand\u00e9 \u00e0 plusieurs reprises un soutien international. Mais les consid\u00e9rations politiques (pour d\u2019habituels bailleurs comme l\u2019Arabie saoudite ou les Emirats arabes unis, qui battent froid au cabinet d\u2019Hassan Diab, soutenu par le Hezbollah et ses alli\u00e9s) et le repli mondial, depuis l\u2019irruption de la pand\u00e9mie, pourraient compliquer la donne. La d\u00e9tresse et le m\u00e9contentement populaire risquent de redoubler face \u00e0 l\u2019exacerbation de la crise \u00e9conomique.<\/p>\n<\/div>\n<p><a href=\"https:\/\/www.lemonde.fr\/economie\/article\/2020\/04\/11\/le-covid-19-fragilise-le-liban-deja-en-faillite_6036321_3234.html\">LE MONDE<\/a><\/p>\n<\/div>\n","protected":false},"excerpt":{"rendered":"<p>Le ralentissement de l\u2019activit\u00e9 et le confinement vont aggraver la crise \u00e9conomique que traverse le pays &nbsp; REPORTAGE BEYROUTH- correspondance Volontaire de longue date, Ramy Finge conna\u00eet bien les faubourgs mis\u00e9reux aux marges de Tripoli, la ville la plus pauvre du Liban, lui qui fut l\u2019un des coordinateurs locaux du soul\u00e8vement populaire contre la classe<\/p>\n","protected":false},"author":611,"featured_media":45764,"comment_status":"open","ping_status":"open","sticky":false,"template":"","format":"standard","meta":{"_uf_show_specific_survey":0,"_uf_disable_surveys":false,"footnotes":""},"categories":[37],"tags":[],"class_list":{"0":"post-45761","1":"post","2":"type-post","3":"status-publish","4":"format-standard","5":"has-post-thumbnail","7":"category-alaune-fr"},"aioseo_notices":[],"_links":{"self":[{"href":"https:\/\/middleeasttransparent.com\/fr\/wp-json\/wp\/v2\/posts\/45761","targetHints":{"allow":["GET"]}}],"collection":[{"href":"https:\/\/middleeasttransparent.com\/fr\/wp-json\/wp\/v2\/posts"}],"about":[{"href":"https:\/\/middleeasttransparent.com\/fr\/wp-json\/wp\/v2\/types\/post"}],"author":[{"embeddable":true,"href":"https:\/\/middleeasttransparent.com\/fr\/wp-json\/wp\/v2\/users\/611"}],"replies":[{"embeddable":true,"href":"https:\/\/middleeasttransparent.com\/fr\/wp-json\/wp\/v2\/comments?post=45761"}],"version-history":[{"count":0,"href":"https:\/\/middleeasttransparent.com\/fr\/wp-json\/wp\/v2\/posts\/45761\/revisions"}],"wp:featuredmedia":[{"embeddable":true,"href":"https:\/\/middleeasttransparent.com\/fr\/wp-json\/wp\/v2\/media\/45764"}],"wp:attachment":[{"href":"https:\/\/middleeasttransparent.com\/fr\/wp-json\/wp\/v2\/media?parent=45761"}],"wp:term":[{"taxonomy":"category","embeddable":true,"href":"https:\/\/middleeasttransparent.com\/fr\/wp-json\/wp\/v2\/categories?post=45761"},{"taxonomy":"post_tag","embeddable":true,"href":"https:\/\/middleeasttransparent.com\/fr\/wp-json\/wp\/v2\/tags?post=45761"}],"curies":[{"name":"wp","href":"https:\/\/api.w.org\/{rel}","templated":true}]}}