{"id":4377,"date":"2015-09-08T17:08:07","date_gmt":"2015-09-08T16:08:07","guid":{"rendered":"http:\/\/middleeasttransparent.com\/news\/?p=4377"},"modified":"2015-09-08T17:08:07","modified_gmt":"2015-09-08T16:08:07","slug":"la-presence-russe-en-syrie-trahie-par-des-selfies","status":"publish","type":"post","link":"https:\/\/middleeasttransparent.com\/fr\/la-presence-russe-en-syrie-trahie-par-des-selfies\/","title":{"rendered":"La pr\u00e9sence russe en Syrie trahie par des selfies"},"content":{"rendered":"<p class=\"bloc_signature\"><strong><span class=\"signature_article\">Par <span class=\"auteur txt2_120\"> <a class=\"auteur\" href=\"http:\/\/www.lemonde.fr\/journaliste\/isabelle-mandraud\/\" target=\"_blank\">Isabelle Mandraud<\/a> (Moscou, correspondante) <\/span> <\/span><\/strong><\/p>\n<p>Pr\u00e9matur\u00e9e, l\u2019implication militaire russe en Syrie comme le pr\u00e9tend Vladimir Poutine\u00a0? Des photos post\u00e9es sur le r\u00e9seau <a class=\"lien_interne rub\" title=\"Toute l\u2019actualit\u00e9 social\" href=\"http:\/\/www.lemonde.fr\/social\/\">social<\/a> VKontakte, le <a class=\"lien_interne rub\" title=\"Toute l\u2019actualit\u00e9 Facebook\" href=\"http:\/\/www.lemonde.fr\/facebook\/\">Facebook<\/a> russe, par de jeunes, et parfois m\u00eame tr\u00e8s jeunes soldats en <a class=\"lien_interne rub\" title=\"Toute l\u2019actualit\u00e9 Syrie\" href=\"http:\/\/www.lemonde.fr\/syrie\/\">Syrie<\/a>, jettent le trouble. Ainsi, le 27\u00a0ao\u00fbt, Pavel N., originaire de S\u00e9bastopol, en Crim\u00e9e \u2013 la p\u00e9ninsule ukrainienne annex\u00e9e par la <a class=\"lien_interne rub\" title=\"Toute l\u2019actualit\u00e9 Russie\" href=\"http:\/\/www.lemonde.fr\/russie\/\">Russie<\/a> en mars\u00a02014 \u2013, a publi\u00e9 sur son compte personnel une photo le repr\u00e9sentant en uniforme militaire, arme \u00e0 la main, devant un blind\u00e9 sur lequel est peint le drapeau syrien. Encore plus r\u00e9cemment, dimanche 6\u00a0septembre, apr\u00e8s un \u00ab\u00a0silence\u00a0\u00bb de deux mois depuis sa derni\u00e8re intervention sur sa page VKontakte, Vania S., tout juste \u00e2g\u00e9 de 19 ans, a post\u00e9 une photo de quatre hommes en uniforme, casques sur la poitrine avec ce commentaire\u00a0:<em> \u00ab\u00a0C\u2019est la Syrie\u00a0!!! C\u2019\u00e9tait dur les mecs\u00a0!\u00a0\u00bb<\/em><\/p>\n<div id=\"articleBody\" class=\"contenu_article js_article_body\">\n<figure class=\"illustration_haut   \"><img decoding=\"async\" class=\"lazy-retina aligncenter\" title=\"VKontakte\" src=\"http:\/\/s2.lemde.fr\/image2x\/2015\/09\/07\/534x0\/4748290_4_3f28_pavel-n-soldat-natif-de-sebastopol-prenant_d45ccd190a6d2c554159a91a1f78990f.png\" alt=\"Pavel N., soldat natif de S\u00e9bastopol, prenant la pose devant un camion arborant le drapeau syrien.\" width=\"534\" data-hd-src=\"http:\/\/s2.lemde.fr\/image2x\/2015\/09\/07\/534x0\/4748290_4_3f28_pavel-n-soldat-natif-de-sebastopol-prenant_d45ccd190a6d2c554159a91a1f78990f.png\" data-no-hd-src=\"http:\/\/s2.lemde.fr\/image\/2015\/09\/07\/534x0\/4748290_4_3f28_pavel-n-soldat-natif-de-sebastopol-prenant_d45ccd190a6d2c554159a91a1f78990f.png\" data-lazyload=\"false\" \/><\/figure>\n<p>D\u2019autres ont \u00e9t\u00e9 effac\u00e9es. La derni\u00e8re image accessible de Maxime M., 27 ans, le situe en tenue de camouflage sur le pont d\u2019un navire, le 29\u00a0mars, devant ce qui appara\u00eet <a class=\"lien_interne conjug\" title=\"Conjugaison du verbe \u00eatre\" href=\"http:\/\/conjugaison.lemonde.fr\/conjugaison\/auxiliaire\/%C3%AAtre\/\" target=\"_blank\">\u00eatre<\/a> le Bosphore, en <a class=\"lien_interne rub\" title=\"Toute l\u2019actualit\u00e9 Turquie\" href=\"http:\/\/www.lemonde.fr\/turquie\/\">Turquie<\/a>. Il tend alors une feuille avec ce joli message\u00a0: <em>\u00ab\u00a0Je t\u2019aime\u00a0\u00bb<\/em>. Mais une photo plus r\u00e9cente, le montrant souriant, en civil et en tongs, devant un baraquement o\u00f9 est suspendu un portrait conjoint de Bachar Al-Assad et de Vladimir Poutine a disparu il y a peu. On n\u2019en trouve plus trace que dans les archives. Des sources turques avaient \u00e9voqu\u00e9 le passage, par le Bosphore, de <em>\u00ab\u00a0trois grands bateaux russes\u00a0\u00bb<\/em>.<\/p>\n<figure class=\"illustration_haut   \"><img decoding=\"async\" class=\"lazy-retina aligncenter\" title=\"VKontakte\" src=\"http:\/\/s1.lemde.fr\/image2x\/2015\/09\/07\/534x0\/4748291_4_2e42_photo-de-maxime-m-publiee-sur-son-compte_6e83962eba57672287f3229690f81255.png\" alt=\"Photo de Maxime M., publi\u00e9e sur son compte VKontakte avant d'\u00eatre retir\u00e9e.\" width=\"534\" data-hd-src=\"http:\/\/s1.lemde.fr\/image2x\/2015\/09\/07\/534x0\/4748291_4_2e42_photo-de-maxime-m-publiee-sur-son-compte_6e83962eba57672287f3229690f81255.png\" data-no-hd-src=\"http:\/\/s1.lemde.fr\/image\/2015\/09\/07\/534x0\/4748291_4_2e42_photo-de-maxime-m-publiee-sur-son-compte_6e83962eba57672287f3229690f81255.png\" data-lazyload=\"false\" \/><\/figure>\n<h2 class=\"intertitre\">Inqui\u00e9tude de Washington<\/h2>\n<p>Il existe d\u2019autres photos de soldats russes, avec des r\u00e9f\u00e9rences g\u00e9ographiques de villes syriennes comme Tartous, Lattaqui\u00e9, Homs\u2026 Situ\u00e9e \u00e0 environ 160 kilom\u00e8tres au nord-ouest de Damas, et \u00e0 une trentaine de kilom\u00e8tres de la fronti\u00e8re avec le <a class=\"lien_interne rub\" title=\"Toute l\u2019actualit\u00e9 Liban\" href=\"http:\/\/www.lemonde.fr\/liban\/\">Liban<\/a>, Tartous est d\u00e9j\u00e0 connue pour <a class=\"lien_interne conjug\" title=\"Conjugaison du verbe abriter\" href=\"http:\/\/conjugaison.lemonde.fr\/conjugaison\/premier-groupe\/abriter\/\" target=\"_blank\">abriter<\/a> une base permanente de la flotte militaire russe. Mais le flot r\u00e9cent de t\u00e9moignages sur les <a class=\"lien_interne rub\" title=\"Toute l\u2019actualit\u00e9 r\u00e9seaux sociaux\" href=\"http:\/\/www.lemonde.fr\/reseaux-sociaux\/\">r\u00e9seaux sociaux<\/a>, repris en boucle par des sites, semble bien <a class=\"lien_interne conjug\" title=\"Conjugaison du verbe indiquer\" href=\"http:\/\/conjugaison.lemonde.fr\/conjugaison\/premier-groupe\/indiquer\/\" target=\"_blank\">indiquer<\/a> une recrudescence de la pr\u00e9sence militaire russe. Surtout, les recrues apparaissent trop jeunes pour <a class=\"lien_interne conjug\" title=\"Conjugaison du verbe faire\" href=\"http:\/\/conjugaison.lemonde.fr\/conjugaison\/troisieme-groupe\/faire\/\" target=\"_blank\">faire<\/a> partie des \u00ab\u00a0instructeurs\u00a0\u00bb et des \u00ab\u00a0conseillers\u00a0\u00bb depuis longtemps sur place et toujours mis en avant par Moscou.<\/p>\n<p>A ce stade, rien ne prouve cependant que les auteurs de ces photos participent \u00e0 des combats au c\u00f4t\u00e9 de l\u2019<a class=\"lien_interne rub\" title=\"Toute l\u2019actualit\u00e9 arm\u00e9e\" href=\"http:\/\/www.lemonde.fr\/armee\/\">arm\u00e9e<\/a> de Bachar Al-Assad. Les selfies sont pos\u00e9s, d\u00e9tendus. Aucun ne t\u00e9moigne directement non plus sur la pr\u00e9sence de pilotes destin\u00e9s \u00e0 <a class=\"lien_interne conjug\" title=\"Conjugaison du verbe pr\u00e9parer\" href=\"http:\/\/conjugaison.lemonde.fr\/conjugaison\/premier-groupe\/pr%C3%A9parer\/\" target=\"_blank\">pr\u00e9parer<\/a> des frappes a\u00e9riennes imminentes. Mais une vid\u00e9o dat\u00e9e du 23\u00a0ao\u00fbt tourn\u00e9e par une milice pro-Assad et diffus\u00e9e sur YouTube a elle aussi sem\u00e9 le trouble. En plein milieu de combats, au milieu du fracas des tirs, tandis que des soldats s\u2019abritent derri\u00e8re un mur, on entend assez clairement des hommes <a class=\"lien_interne conjug\" title=\"Conjugaison du verbe crier\" href=\"http:\/\/conjugaison.lemonde.fr\/conjugaison\/premier-groupe\/crier\/\" target=\"_blank\">crier<\/a> en russe\u00a0: <em>\u00ab\u00a0Dava\u00ef, dava\u00ef\u00a0! I\u00e9cho raz\u00a0!\u00a0\u00bb<\/em> (\u00ab\u00a0Vas-y, vas-y\u00a0! Encore une fois\u00a0!\u00a0\u00bb).<\/p>\n<p>Au-del\u00e0 du mat\u00e9riel et de l\u2019armement fournis par la Russie \u00e0 son alli\u00e9 syrien, admis sans difficult\u00e9s \u00e0 Moscou, la participation aux combats de soldats, plus d\u00e9licate, ne semble pas \u00e9cart\u00e9e.<\/p>\n<p>Ces \u00e9l\u00e9ments rappellent \u00e9trangement les \u00ab\u00a0selfies\u00a0\u00bb de jeunes russes engag\u00e9s ou envoy\u00e9s au c\u00f4t\u00e9 des s\u00e9paratistes dans le conflit meurtrier qui mine le Donbass, dans l\u2019est de l\u2019<a class=\"lien_interne rub\" title=\"Toute l\u2019actualit\u00e9 Ukraine\" href=\"http:\/\/www.lemonde.fr\/ukraine\/\">Ukraine<\/a>, dont la pr\u00e9sence a \u00e9t\u00e9 ni\u00e9e par la Russie avant que Moscou ne reconnaisse l\u2019existence de <em>\u00ab\u00a0volontaires\u00a0\u00bb<\/em>. Depuis, aussi, le Kremlin a mis bon ordre dans ce d\u00e9ballage en interdisant par la loi, le 28\u00a0mai, la publication de <em>\u00ab\u00a0pertes militaires en temps de paix\u00a0\u00bb.<\/em><\/p>\n<div class=\"grid_4 encart_retrait_gauche\"><span class=\"accroche\">A ce stade, rien ne prouve cependant que les auteurs de ces photos participent \u00e0 des combats au c\u00f4t\u00e9 de l\u2019<a class=\"lien_interne rub\" title=\"Toute l\u2019actualit\u00e9 arm\" href=\"http:\/\/www.lemonde.fr\/arm\/\">arm<\/a>\u00e9e de Bachar Al-Assad<\/span><\/div>\n<p>Les images en provenance de Syrie ont en tout cas suffisamment inqui\u00e9t\u00e9 Washington pour que le secr\u00e9taire d\u2019Etat am\u00e9ricain, John Kerry, appelle samedi 6\u00a0septembre son homologue russe Sergue\u00ef Lavrov afin de lui <a class=\"lien_interne conjug\" title=\"Conjugaison du verbe exprimer\" href=\"http:\/\/conjugaison.lemonde.fr\/conjugaison\/premier-groupe\/exprimer\/\" target=\"_blank\">exprimer<\/a> <em>\u00ab\u00a0l\u2019inqui\u00e9tude des Etats-Unis\u00a0\u00bb. \u00ab\u00a0Le secr\u00e9taire d\u2019Etat a dit clairement que si de telles informations \u00e9taient exactes, ces actions pourraient <a class=\"lien_interne conjug\" title=\"Conjugaison du verbe provoquer\" href=\"http:\/\/conjugaison.lemonde.fr\/conjugaison\/premier-groupe\/provoquer\/\" target=\"_blank\">provoquer<\/a> une escalade du conflit\u00a0\u00bb<\/em>, a fait <a class=\"lien_interne conjug\" title=\"Conjugaison du verbe valoir\" href=\"http:\/\/conjugaison.lemonde.fr\/conjugaison\/troisieme-groupe\/valoir\/\" target=\"_blank\">valoir<\/a> la <a class=\"lien_interne rub\" title=\"Toute l\u2019actualit\u00e9 diplomatie\" href=\"http:\/\/www.lemonde.fr\/diplomatie\/\">diplomatie<\/a> am\u00e9ricaine en rapportant la conversation t\u00e9l\u00e9phonique entre les deux ministres. Pour Washington, qui pilote depuis un an des frappes militaires contre l\u2019EI, cela <em>\u00ab\u00a0pourrait <a class=\"lien_interne conjug\" title=\"Conjugaison du verbe conduire\" href=\"http:\/\/conjugaison.lemonde.fr\/conjugaison\/troisieme-groupe\/conduire\/\" target=\"_blank\">conduire<\/a> \u00e0 davantage de pertes de vies innocentes, \u00e0 une augmentation du flot de r\u00e9fugi\u00e9s et \u00e0 un risque de confrontation avec la coalition contre l\u2019<a class=\"lien_interne rub\" title=\"Toute l\u2019actualit\u00e9 Etat islamique\" href=\"http:\/\/www.lemonde.fr\/etat-islamique\/\">Etat islamique<\/a> op\u00e9rant en Syrie\u00a0\u00bb<\/em>.<\/p>\n<h2 class=\"intertitre\">Coalition \u00e9largie contre l\u2019EI<\/h2>\n<p>La veille, en marge d\u2019un sommet \u00e9conomique \u00e0 Vladivostok, Vladimir Poutine, tout en critiquant la<em> \u00ab\u00a0faible efficacit\u00e9\u00a0\u00bb<\/em> des frappes am\u00e9ricaines, avait qualifi\u00e9 de<em> \u00ab\u00a0pr\u00e9matur\u00e9e\u00a0\u00bb<\/em> une intervention militaire russe. <em>\u00ab\u00a0De toute fa\u00e7on<\/em>, a-t-il alors soulign\u00e9,<em> nous apportons un soutien s\u00e9rieux et fort en mati\u00e8re de mat\u00e9riel, de <a class=\"lien_interne rub\" title=\"Toute l\u2019actualit\u00e9 formation\" href=\"http:\/\/www.lemonde.fr\/formation\/\">formation<\/a> militaire et d\u2019armement. Il y a d\u00e9j\u00e0 cinq ou six ans, nous avons d\u00e9j\u00e0 sign\u00e9 de gros contrats avec la Syrie et nous les ex\u00e9cutons dans leur int\u00e9<a class=\"lien_interne bourse\" href=\"http:\/\/www.lemonde.fr\/bourse\/nyse-euronext-paris-equities\/g-a-i\/\">gralit<\/a>\u00e9.\u00a0\u00bb<\/em> Ces contrats pr\u00e9voient notamment la livraison d\u2019avions de chasse MIG-31.<\/p>\n<figure class=\"illustration_haut   \"><img decoding=\"async\" class=\"lazy-retina\" title=\"ALEXANDER NEMENOV \/ AFP\" src=\"http:\/\/s2.lemde.fr\/image2x\/2015\/09\/07\/534x0\/4748260_6_ce21_serguei-lavrov-ministre-russe-des-affaires_53dd0f6d3595915d0235665c99dbd61e.jpg\" alt=\"Sergue\u00ef Lavrov, ministre russe des affaires \u00e9trang\u00e8res, lors d'une rencontre avec l'opposition syrienne, le 31 ao\u00fbt, \u00e0 Moscou.\" width=\"534\" data-hd-src=\"http:\/\/s2.lemde.fr\/image2x\/2015\/09\/07\/534x0\/4748260_6_ce21_serguei-lavrov-ministre-russe-des-affaires_53dd0f6d3595915d0235665c99dbd61e.jpg\" data-no-hd-src=\"http:\/\/s2.lemde.fr\/image\/2015\/09\/07\/534x0\/4748260_6_ce21_serguei-lavrov-ministre-russe-des-affaires_53dd0f6d3595915d0235665c99dbd61e.jpg\" data-lazyload=\"false\" \/><\/figure>\n<p>Le chef du Kremlin est revenu, dans la foul\u00e9e, sur sa volont\u00e9 d\u2019agir afin de <em>\u00ab\u00a0cr\u00e9er une certaine coalition internationale pour <a class=\"lien_interne conjug\" title=\"Conjugaison du verbe lutter\" href=\"http:\/\/conjugaison.lemonde.fr\/conjugaison\/premier-groupe\/lutter\/\" target=\"_blank\">lutter<\/a> contre le terrorisme et l\u2019extr\u00e9misme\u00a0\u00bb<\/em>. Mais tandis que les Etats-Unis et l\u2019<a class=\"lien_interne rub\" title=\"Toute l\u2019actualit\u00e9 Europe\" href=\"http:\/\/www.lemonde.fr\/europe\/\">Europe<\/a> continuent \u00e0 <a class=\"lien_interne conjug\" title=\"Conjugaison du verbe pr\u00f4ner\" href=\"http:\/\/conjugaison.lemonde.fr\/conjugaison\/premier-groupe\/pr%C3%B4ner\/\" target=\"_blank\">pr\u00f4ner<\/a> le d\u00e9part de Bachar Al-Assad, responsable, au m\u00eame <a class=\"lien_interne conjug\" title=\"Conjugaison du verbe titre\" href=\"http:\/\/conjugaison.lemonde.fr\/conjugaison\/troisieme-groupe\/titre\/\" target=\"_blank\">titre<\/a> que l\u2019EI, des atrocit\u00e9s dans ce pays d\u00e9vast\u00e9 par la guerre, le chef du Kremlin a pris soin d\u2019\u00e9carter de toutes repr\u00e9sailles son alli\u00e9 syrien. <em>\u00ab\u00a0Les gens fuient, non le r\u00e9gime de Bachar Al-Assad mais l\u2019Etat islamique qui s\u2019est empar\u00e9 de territoires, en Syrie et en <a class=\"lien_interne rub\" title=\"Toute l\u2019actualit\u00e9 Irak\" href=\"http:\/\/www.lemonde.fr\/moyen-orient-irak\/\">Irak<\/a>, et y commet des atrocit\u00e9s\u00a0\u00bb<\/em>, a-t-il soulign\u00e9. Ces derni\u00e8res semaines, la diplomatie russe n\u2019a cess\u00e9 de <a class=\"lien_interne conjug\" title=\"Conjugaison du verbe mettre\" href=\"http:\/\/conjugaison.lemonde.fr\/conjugaison\/troisieme-groupe\/mettre\/\" target=\"_blank\">mettre<\/a> l\u2019accent sur les exactions commises par l\u2019EI, un argument rebattu par Moscou qui lui permet d\u2019avancer l\u2019hypoth\u00e8se d\u2019une coalition \u00e9largie contre les djihadistes de l\u2019EI comprenant les pays de la r\u00e9gion mais aussi l\u2019arm\u00e9e r\u00e9guli\u00e8re syrienne.<\/p>\n<p>Les <a class=\"lien_interne rub\" title=\"Toute l\u2019actualit\u00e9 discussions\" href=\"http:\/\/www.lemonde.fr\/discussions\/\">discussions<\/a> devraient <a class=\"lien_interne conjug\" title=\"Conjugaison du verbe reprendre\" href=\"http:\/\/conjugaison.lemonde.fr\/conjugaison\/troisieme-groupe\/reprendre\/\" target=\"_blank\">reprendre<\/a> entre John Kerry et son homologue russe, Sergue\u00ef Lavrov, en marge de la 70<sup>e<\/sup> Assembl\u00e9e g\u00e9n\u00e9rale de l\u2019ONU pr\u00e9vue \u00e0 New York du 17 au 22\u00a0septembre. Le pr\u00e9sident Poutine, dit-on \u00e0 Moscou, devrait alors y <a class=\"lien_interne conjug\" title=\"Conjugaison du verbe pr\u00e9senter\" href=\"http:\/\/conjugaison.lemonde.fr\/conjugaison\/premier-groupe\/pr%C3%A9senter\/\" target=\"_blank\">pr\u00e9senter<\/a> son \u00ab\u00a0plan\u00a0\u00bb pour la Syrie.<\/p>\n<p><a href=\"http:\/\/www.lemonde.fr\/international\/article\/2015\/09\/07\/les-selfies-troublants-de-soldats-russes-en-syrie_4748261_3210.html\">Le Monde<\/a><\/p>\n<\/div>\n","protected":false},"excerpt":{"rendered":"<p>Par Isabelle Mandraud (Moscou, correspondante) Pr\u00e9matur\u00e9e, l\u2019implication militaire russe en Syrie comme le pr\u00e9tend Vladimir Poutine\u00a0? Des photos post\u00e9es sur le r\u00e9seau social VKontakte, le Facebook russe, par de jeunes, et parfois m\u00eame tr\u00e8s jeunes soldats en Syrie, jettent le trouble. Ainsi, le 27\u00a0ao\u00fbt, Pavel N., originaire de S\u00e9bastopol, en Crim\u00e9e \u2013 la p\u00e9ninsule ukrainienne<\/p>\n","protected":false},"author":134,"featured_media":4378,"comment_status":"open","ping_status":"open","sticky":false,"template":"","format":"standard","meta":{"_uf_show_specific_survey":0,"_uf_disable_surveys":false,"footnotes":""},"categories":[22],"tags":[],"class_list":{"0":"post-4377","1":"post","2":"type-post","3":"status-publish","4":"format-standard","5":"has-post-thumbnail","7":"category-actualites-fr"},"aioseo_notices":[],"_links":{"self":[{"href":"https:\/\/middleeasttransparent.com\/fr\/wp-json\/wp\/v2\/posts\/4377","targetHints":{"allow":["GET"]}}],"collection":[{"href":"https:\/\/middleeasttransparent.com\/fr\/wp-json\/wp\/v2\/posts"}],"about":[{"href":"https:\/\/middleeasttransparent.com\/fr\/wp-json\/wp\/v2\/types\/post"}],"author":[{"embeddable":true,"href":"https:\/\/middleeasttransparent.com\/fr\/wp-json\/wp\/v2\/users\/134"}],"replies":[{"embeddable":true,"href":"https:\/\/middleeasttransparent.com\/fr\/wp-json\/wp\/v2\/comments?post=4377"}],"version-history":[{"count":0,"href":"https:\/\/middleeasttransparent.com\/fr\/wp-json\/wp\/v2\/posts\/4377\/revisions"}],"wp:featuredmedia":[{"embeddable":true,"href":"https:\/\/middleeasttransparent.com\/fr\/wp-json\/wp\/v2\/media\/4378"}],"wp:attachment":[{"href":"https:\/\/middleeasttransparent.com\/fr\/wp-json\/wp\/v2\/media?parent=4377"}],"wp:term":[{"taxonomy":"category","embeddable":true,"href":"https:\/\/middleeasttransparent.com\/fr\/wp-json\/wp\/v2\/categories?post=4377"},{"taxonomy":"post_tag","embeddable":true,"href":"https:\/\/middleeasttransparent.com\/fr\/wp-json\/wp\/v2\/tags?post=4377"}],"curies":[{"name":"wp","href":"https:\/\/api.w.org\/{rel}","templated":true}]}}