{"id":4372,"date":"2015-09-08T16:57:00","date_gmt":"2015-09-08T15:57:00","guid":{"rendered":"http:\/\/middleeasttransparent.com\/news\/?p=4372"},"modified":"2015-09-08T16:59:46","modified_gmt":"2015-09-08T15:59:46","slug":"paris-aidera-les-minorites-persecutees-par-letat-islamique-a-hauteur-de-25-millions-deuros","status":"publish","type":"post","link":"https:\/\/middleeasttransparent.com\/fr\/paris-aidera-les-minorites-persecutees-par-letat-islamique-a-hauteur-de-25-millions-deuros\/","title":{"rendered":"Paris aidera les minorit\u00e9s pers\u00e9cut\u00e9es par l\u2019Etat islamique \u00e0 hauteur de 25 millions d\u2019euros"},"content":{"rendered":"<div class=\"copy-paste-block\">\n<p class=\"bloc_signature\"><strong><span class=\"signature_article\">\u00a0Par <span class=\"auteur txt2_120\"> <a class=\"auteur txt2_120\" href=\"http:\/\/www.lemonde.fr\/journaliste\/helene-sallon\/\" target=\"_blank\">H\u00e9l\u00e8ne Sallon<\/a><\/span><\/span><\/strong><\/p>\n<div id=\"articleBody\" class=\"contenu_article js_article_body\">\n<p>Certaines r\u00e9ticences de pays de la r\u00e9gion, dont l\u2019Irak, qui refusaient la distinction faite entre communaut\u00e9s dans les violences commises par l\u2019EI, ont \u00e9t\u00e9 lev\u00e9es. Tous \u00e9taient repr\u00e9sent\u00e9s \u00e0 Paris, \u00e0 l\u2019exception de la Syrie et de l\u2019<a class=\"lien_interne rub\" title=\"Toute l\u2019actualit\u00e9 Iran\" href=\"http:\/\/www.lemonde.fr\/iran\/\">Iran<\/a>. <em>\u00ab\u00a0Evidemment, on s\u2019int\u00e9resse \u00e0 toutes les victimes de Daech<\/em> [acronyme arabe de l\u2019organisation Etat islamique]<em>, certaines ne sont pas cibl\u00e9es pour leur religion. Mais, certaines communaut\u00e9s sont menac\u00e9es en tant que telles. Il y a une volont\u00e9 d\u2019\u00e9radiquer des groupes humains et une urgence \u00e0 agir\u00a0\u00bb<\/em>, justifie une source diplomatique.<\/p>\n<h2 class=\"intertitre\">\u00ab\u00a0S\u00e9parer la religion de l\u2019Etat\u00a0\u00bb<\/h2>\n<p>A la tribune, Monseigneur Louis Sako, patriarche des chald\u00e9ens de Babylone, a tenu \u00e0 <a class=\"lien_interne conjug\" title=\"Conjugaison du verbe parler\" href=\"http:\/\/conjugaison.lemonde.fr\/conjugaison\/premier-groupe\/parler\/\" target=\"_blank\">parler<\/a> pour les trois millions de d\u00e9plac\u00e9s irakiens et non uniquement des 120\u00a0000 chr\u00e9tiens d\u2019Irak, au nom de la lutte contre le sectarisme. <em>\u00ab\u00a0La pr\u00e9sence des Etats et des chefs religieux de toutes confessions est une occasion tr\u00e8s sp\u00e9ciale pour <a class=\"lien_interne conjug\" title=\"Conjugaison du verbe collaborer\" href=\"http:\/\/conjugaison.lemonde.fr\/conjugaison\/premier-groupe\/collaborer\/\" target=\"_blank\">collaborer<\/a> \u00e0 la r\u00e9conciliation <a class=\"lien_interne rub\" title=\"Toute l\u2019actualit\u00e9 politique\" href=\"http:\/\/www.lemonde.fr\/politique\/\">politique<\/a> et \u00e0 la paix<\/em>, a-t-il comment\u00e9 au <em>Monde<\/em>. <em>L\u2019action internationale est efficace pour en <a class=\"lien_interne conjug\" title=\"Conjugaison du verbe finir\" href=\"http:\/\/conjugaison.lemonde.fr\/conjugaison\/deuxieme-groupe\/finir\/\" target=\"_blank\">finir<\/a> avec Daech mais, sur le long terme, il faut <a class=\"lien_interne conjug\" title=\"Conjugaison du verbe d\u00e9truire\" href=\"http:\/\/conjugaison.lemonde.fr\/conjugaison\/troisieme-groupe\/d%C3%A9truire\/\" target=\"_blank\">d\u00e9truire<\/a> cette id\u00e9ologie horrible et <a class=\"lien_interne conjug\" title=\"Conjugaison du verbe promouvoir\" href=\"http:\/\/conjugaison.lemonde.fr\/conjugaison\/troisieme-groupe\/promouvoir\/\" target=\"_blank\">promouvoir<\/a> une r\u00e9conciliation, une citoyennet\u00e9 \u00e9gale pour tous les Irakiens, et <a class=\"lien_interne conjug\" title=\"Conjugaison du verbe s\u00e9parer\" href=\"http:\/\/conjugaison.lemonde.fr\/conjugaison\/premier-groupe\/s%C3%A9parer\/\" target=\"_blank\">s\u00e9parer<\/a> la religion de l\u2019Etat.\u00a0\u00bb<\/em><\/p>\n<p>Le plan d\u2019action, finalis\u00e9 sous la copr\u00e9sidence de M. Fabius et de son homologue jordanien, Nasser Judeh, entend <a class=\"lien_interne conjug\" title=\"Conjugaison du verbe permettre\" href=\"http:\/\/conjugaison.lemonde.fr\/conjugaison\/troisieme-groupe\/permettre\/\" target=\"_blank\">permettre<\/a> le retour durable des personnes d\u00e9plac\u00e9es et r\u00e9fugi\u00e9es, <a class=\"lien_interne conjug\" title=\"Conjugaison du verbe mettre\" href=\"http:\/\/conjugaison.lemonde.fr\/conjugaison\/troisieme-groupe\/mettre\/\" target=\"_blank\">mettre<\/a> fin \u00e0 l\u2019impunit\u00e9 des crimes commis contre les populations pour leur appartenance ethnique ou religieuse, et promouvoir des politiques inclusives et respectueuses de la diversit\u00e9 culturelle. <em>\u00ab\u00a0Il y a une volont\u00e9 de <a class=\"lien_interne conjug\" title=\"Conjugaison du verbe sortir\" href=\"http:\/\/conjugaison.lemonde.fr\/conjugaison\/troisieme-groupe\/sortir\/\" target=\"_blank\">sortir<\/a> de la logique de l\u2019urgence et du r\u00e9flexe de l\u2019accueil, comme le souhaitent les communaut\u00e9s sur place\u00a0\u00bb<\/em>, pr\u00e9cise une source diplomatique, au lendemain de l\u2019annonce par le pr\u00e9sident Hollande de l\u2019accueil de 24\u00a0000 r\u00e9fugi\u00e9s en France. <em>\u00ab\u00a0C\u2019est gentil et g\u00e9n\u00e9reux d\u2019accueillir cette masse de r\u00e9fugi\u00e9s mais c\u2019est une solution provisoire\u00a0\u00bb<\/em>, abonde Mgr Sako.<\/p>\n<p>Concernant le volet humanitaire, l\u2019accent sera mis sur le d\u00e9minage, la reconstruction, l\u2019acc\u00e8s \u00e0 la sant\u00e9 et \u00e0 l\u2019\u00e9ducation, la relance des activit\u00e9s \u00e9conomiques et la <a class=\"lien_interne rub\" title=\"Toute l\u2019actualit\u00e9 formation\" href=\"http:\/\/www.lemonde.fr\/formation\/\">formation<\/a> des forces de <a class=\"lien_interne rub\" title=\"Toute l\u2019actualit\u00e9 police\" href=\"http:\/\/www.lemonde.fr\/police\/\">police<\/a> locale. Pour le volet judiciaire, <em>\u00ab\u00a0la France est favorable \u00e0 une saisine du Conseil de s\u00e9curit\u00e9, mais les Etats de la r\u00e9gion n\u2019ont pas adh\u00e9r\u00e9 au statut de Rome et la Russie a par le pass\u00e9 oppos\u00e9 son veto sur le dossier syrien, donc on regarde ce que l\u2019on peut <a class=\"lien_interne conjug\" title=\"Conjugaison du verbe faire\" href=\"http:\/\/conjugaison.lemonde.fr\/conjugaison\/troisieme-groupe\/faire\/\" target=\"_blank\">faire<\/a> pour des saisines d\u2019actions judiciaires nationales\u00a0\u00bb<\/em>, pr\u00e9cise une source diplomatique.<\/p>\n<h2 class=\"intertitre\">Coop\u00e9ration judiciaire<\/h2>\n<p>Des programmes de coop\u00e9ration judiciaire, notamment sur l\u2019identification des preuves avec la F\u00e9d\u00e9ration internationale des ligues des droits de l\u2019homme (FIDH), et de sensibilisation des populations sur le terrain sont envisag\u00e9s. Pour le volet <a class=\"lien_interne rub\" title=\"Toute l\u2019actualit\u00e9 politique\" href=\"http:\/\/www.lemonde.fr\/afrique-politique\/\">politique<\/a>, les actions visent \u00e0 <a class=\"lien_interne conjug\" title=\"Conjugaison du verbe renforcer\" href=\"http:\/\/conjugaison.lemonde.fr\/conjugaison\/premier-groupe\/renforcer\/\" target=\"_blank\">renforcer<\/a> les capacit\u00e9s des autorit\u00e9s locales en mati\u00e8re de gouvernance, \u00e0 <a class=\"lien_interne conjug\" title=\"Conjugaison du verbe soutenir\" href=\"http:\/\/conjugaison.lemonde.fr\/conjugaison\/troisieme-groupe\/soutenir\/\" target=\"_blank\">soutenir<\/a> la soci\u00e9t\u00e9 civile et \u00e0 <a class=\"lien_interne conjug\" title=\"Conjugaison du verbe offrir\" href=\"http:\/\/conjugaison.lemonde.fr\/conjugaison\/troisieme-groupe\/offrir\/\" target=\"_blank\">offrir<\/a> des bourses universitaires aux communaut\u00e9s pers\u00e9cut\u00e9es.<\/p>\n<p>La France s\u2019est engag\u00e9e \u00e0 d\u00e9bloquer 25\u00a0millions d\u2019euros, dont 10\u00a0millions sur deux ans pour alimenter un fonds d\u2019urgence, notamment pour des actions de d\u00e9minage, de logement, de r\u00e9habilitation et de coop\u00e9ration judiciaire. Quinze millions suppl\u00e9mentaires seront apport\u00e9s par l\u2019Agence fran\u00e7aise de d\u00e9veloppement pour les camps de r\u00e9fugi\u00e9s et le soutien aux communaut\u00e9s h\u00f4tes au <a class=\"lien_interne rub\" title=\"Toute l\u2019actualit\u00e9 Liban\" href=\"http:\/\/www.lemonde.fr\/liban\/\">Liban<\/a>, en <a class=\"lien_interne rub\" title=\"Toute l\u2019actualit\u00e9 Jordanie\" href=\"http:\/\/www.lemonde.fr\/jordanie\/\">Jordanie<\/a>, en Irak et en <a class=\"lien_interne rub\" title=\"Toute l\u2019actualit\u00e9 Turquie\" href=\"http:\/\/www.lemonde.fr\/turquie\/\">Turquie<\/a>. Une conf\u00e9rence de suivi devrait <a class=\"lien_interne conjug\" title=\"Conjugaison du verbe \u00eatre\" href=\"http:\/\/conjugaison.lemonde.fr\/conjugaison\/auxiliaire\/%C3%AAtre\/\" target=\"_blank\">\u00eatre<\/a> organis\u00e9e d\u00e9but 2016 en <a class=\"lien_interne rub\" title=\"Toute l\u2019actualit\u00e9 Espagne\" href=\"http:\/\/www.lemonde.fr\/espagne\/\">Espagne<\/a>.<\/p>\n<div class=\"btn_lecture_zen btn_offre_decouverte_zen\"><\/div>\n<\/div>\n<p><a href=\"http:\/\/www.lemonde.fr\/proche-orient\/article\/2015\/09\/08\/un-plan-d-aide-aux-minorites-persecutees-par-l-ei_4749181_3218.html#rg6EbdSEXiGzW2us.99\">Le Monde <\/a><\/p>\n<\/div>\n","protected":false},"excerpt":{"rendered":"<p>\u00a0Par H\u00e9l\u00e8ne Sallon Certaines r\u00e9ticences de pays de la r\u00e9gion, dont l\u2019Irak, qui refusaient la distinction faite entre communaut\u00e9s dans les violences commises par l\u2019EI, ont \u00e9t\u00e9 lev\u00e9es. Tous \u00e9taient repr\u00e9sent\u00e9s \u00e0 Paris, \u00e0 l\u2019exception de la Syrie et de l\u2019Iran. \u00ab\u00a0Evidemment, on s\u2019int\u00e9resse \u00e0 toutes les victimes de Daech [acronyme arabe de l\u2019organisation Etat<\/p>\n","protected":false},"author":134,"featured_media":4373,"comment_status":"open","ping_status":"open","sticky":false,"template":"","format":"standard","meta":{"_uf_show_specific_survey":0,"_uf_disable_surveys":false,"footnotes":""},"categories":[22],"tags":[],"class_list":{"0":"post-4372","1":"post","2":"type-post","3":"status-publish","4":"format-standard","5":"has-post-thumbnail","7":"category-actualites-fr"},"aioseo_notices":[],"_links":{"self":[{"href":"https:\/\/middleeasttransparent.com\/fr\/wp-json\/wp\/v2\/posts\/4372","targetHints":{"allow":["GET"]}}],"collection":[{"href":"https:\/\/middleeasttransparent.com\/fr\/wp-json\/wp\/v2\/posts"}],"about":[{"href":"https:\/\/middleeasttransparent.com\/fr\/wp-json\/wp\/v2\/types\/post"}],"author":[{"embeddable":true,"href":"https:\/\/middleeasttransparent.com\/fr\/wp-json\/wp\/v2\/users\/134"}],"replies":[{"embeddable":true,"href":"https:\/\/middleeasttransparent.com\/fr\/wp-json\/wp\/v2\/comments?post=4372"}],"version-history":[{"count":0,"href":"https:\/\/middleeasttransparent.com\/fr\/wp-json\/wp\/v2\/posts\/4372\/revisions"}],"wp:featuredmedia":[{"embeddable":true,"href":"https:\/\/middleeasttransparent.com\/fr\/wp-json\/wp\/v2\/media\/4373"}],"wp:attachment":[{"href":"https:\/\/middleeasttransparent.com\/fr\/wp-json\/wp\/v2\/media?parent=4372"}],"wp:term":[{"taxonomy":"category","embeddable":true,"href":"https:\/\/middleeasttransparent.com\/fr\/wp-json\/wp\/v2\/categories?post=4372"},{"taxonomy":"post_tag","embeddable":true,"href":"https:\/\/middleeasttransparent.com\/fr\/wp-json\/wp\/v2\/tags?post=4372"}],"curies":[{"name":"wp","href":"https:\/\/api.w.org\/{rel}","templated":true}]}}