{"id":42169,"date":"2019-11-19T00:07:23","date_gmt":"2019-11-18T23:07:23","guid":{"rendered":"https:\/\/middleeasttransparent.com\/?p=42169"},"modified":"2019-11-19T00:07:23","modified_gmt":"2019-11-18T23:07:23","slug":"silence-de-lunesco-le-liban-rase-le-cimetiere-juif-de-saida","status":"publish","type":"post","link":"https:\/\/middleeasttransparent.com\/fr\/silence-de-lunesco-le-liban-rase-le-cimetiere-juif-de-saida\/","title":{"rendered":"Silence de l\u2019UNESCO: le Liban rase le cimeti\u00e8re juif de Sa\u00efda"},"content":{"rendered":"<div class=\"td-post-header\"><\/div>\n<div class=\"td-post-sharing-top\">\n<div id=\"td_social_sharing_article_top\" class=\"td-post-sharing td-ps-bg td-ps-notext td-post-sharing-style1 \">\n<div class=\"td-post-sharing-visible\">\n<div class=\"td-social-but-icon\"><\/div>\n<div class=\"td-social-but-icon\"><em><strong>Des travaux d\u2019agrandissement de l\u2019autoroute de Sa\u00efda (Liban-Sud) ont caus\u00e9 la destruction en trois endroits de l\u2019enceinte prot\u00e9geant le cimeti\u00e8re juif de la ville ainsi que l\u2019affaissement de plusieurs tombes, a d\u00e9nonc\u00e9 Nagi George Zeidan, chercheur et sp\u00e9cialiste de la communaut\u00e9 juive au Liban, qui a d\u00e9couvert les travaux la semaine derni\u00e8re en se rendant au cimeti\u00e8re.<\/strong><\/em><\/div>\n<div><\/div>\n<\/div>\n<\/div>\n<\/div>\n<div class=\"td-post-content\">\n<p>&nbsp;<\/p>\n<p><em>\u201cL\u2019enceinte pour prot\u00e9ger le cimeti\u00e8re avait \u00e9t\u00e9 construite en 2015 suite \u00e0 un don d\u2019un juif libanais vivant \u00e0 Paris dont les parents et les grands-parents reposent au cimeti\u00e8re. J\u2019avais \u00e9t\u00e9 charg\u00e9 aussi de nettoyer les tombes dont certaines s\u2019\u00e9taient affaiss\u00e9es en 1992 lors de la construction de la premi\u00e8re autoroute\u201d,<\/em>\u00a0raconte-t-il. C\u2019est lui qui a tir\u00e9 la sonnette d\u2019alarme en pr\u00e9venant le conseil de la communaut\u00e9 juive au Liban et en publiant des photos sur Facebook.<\/p>\n<p>https:\/\/www.facebook.com\/nagigeorges.zeidan\/videos\/495965850805453\/<\/p>\n<\/div>\n","protected":false},"excerpt":{"rendered":"<p>Des travaux d\u2019agrandissement de l\u2019autoroute de Sa\u00efda (Liban-Sud) ont caus\u00e9 la destruction en trois endroits de l\u2019enceinte prot\u00e9geant le cimeti\u00e8re juif de la ville ainsi que l\u2019affaissement de plusieurs tombes, a d\u00e9nonc\u00e9 Nagi George Zeidan, chercheur et sp\u00e9cialiste de la communaut\u00e9 juive au Liban, qui a d\u00e9couvert les travaux la semaine derni\u00e8re en se rendant<\/p>\n","protected":false},"author":606,"featured_media":42173,"comment_status":"open","ping_status":"open","sticky":false,"template":"","format":"standard","meta":{"_uf_show_specific_survey":0,"_uf_disable_surveys":false,"footnotes":""},"categories":[37],"tags":[],"class_list":{"0":"post-42169","1":"post","2":"type-post","3":"status-publish","4":"format-standard","5":"has-post-thumbnail","7":"category-alaune-fr"},"aioseo_notices":[],"_links":{"self":[{"href":"https:\/\/middleeasttransparent.com\/fr\/wp-json\/wp\/v2\/posts\/42169","targetHints":{"allow":["GET"]}}],"collection":[{"href":"https:\/\/middleeasttransparent.com\/fr\/wp-json\/wp\/v2\/posts"}],"about":[{"href":"https:\/\/middleeasttransparent.com\/fr\/wp-json\/wp\/v2\/types\/post"}],"author":[{"embeddable":true,"href":"https:\/\/middleeasttransparent.com\/fr\/wp-json\/wp\/v2\/users\/606"}],"replies":[{"embeddable":true,"href":"https:\/\/middleeasttransparent.com\/fr\/wp-json\/wp\/v2\/comments?post=42169"}],"version-history":[{"count":0,"href":"https:\/\/middleeasttransparent.com\/fr\/wp-json\/wp\/v2\/posts\/42169\/revisions"}],"wp:featuredmedia":[{"embeddable":true,"href":"https:\/\/middleeasttransparent.com\/fr\/wp-json\/wp\/v2\/media\/42173"}],"wp:attachment":[{"href":"https:\/\/middleeasttransparent.com\/fr\/wp-json\/wp\/v2\/media?parent=42169"}],"wp:term":[{"taxonomy":"category","embeddable":true,"href":"https:\/\/middleeasttransparent.com\/fr\/wp-json\/wp\/v2\/categories?post=42169"},{"taxonomy":"post_tag","embeddable":true,"href":"https:\/\/middleeasttransparent.com\/fr\/wp-json\/wp\/v2\/tags?post=42169"}],"curies":[{"name":"wp","href":"https:\/\/api.w.org\/{rel}","templated":true}]}}