{"id":4209,"date":"2015-09-04T12:30:01","date_gmt":"2015-09-04T11:30:01","guid":{"rendered":"http:\/\/middleeasttransparent.com\/news\/?p=4209"},"modified":"2015-09-04T12:52:23","modified_gmt":"2015-09-04T11:52:23","slug":"au-liban-et-en-irak-a-loppose-du-printemps-arabe-on-reclame-un-etat-fort","status":"publish","type":"post","link":"https:\/\/middleeasttransparent.com\/fr\/au-liban-et-en-irak-a-loppose-du-printemps-arabe-on-reclame-un-etat-fort\/","title":{"rendered":"\u00abAu Liban et en Irak, \u00e0 l&rsquo;oppos\u00e9 du printemps arabe, on r\u00e9clame un \u00c9tat fort\u00bb"},"content":{"rendered":"<p><strong><em>Par<\/em> <a class=\"fig-anchor fig-picto-journaliste-haut\" href=\"http:\/\/www.lefigaro.fr\/international\/2015\/09\/04\/01003-20150904ARTFIG00124-au-liban-et-en-irak-a-l-oppose-du-printemps-arabe-on-reclame-un-etat-fort.php#auteur\">Julien Licourt<\/a><\/strong><\/p>\n<p>&nbsp;<\/p>\n<p class=\"fig-chapo\"><strong>INTERVIEW &#8211; D&rsquo;importantes manifestations se d\u00e9roulent dans les capitales des deux pays depuis cet \u00e9t\u00e9. Les protestataires d\u00e9noncent l&rsquo;impuissance des politiques. Pour Mansouria Mokhefi, conseiller Moyen-Orient \u00e0 l&rsquo;Ifri, ces mouvements sont symptomatiques de la d\u00e9ception de la classe moyenne.<\/strong><\/p>\n<div class=\"fig-article-body\">\n<p>Au Liban, <a href=\"http:\/\/www.lefigaro.fr\/international\/2015\/08\/23\/01003-20150823ARTFIG00215--beyrouth-la-crise-des-ordures-fait-plus-de-70-blesses.php\" target=\"\">la crise des ordures tra\u00eene depuis le mois de juillet<\/a> et exasp\u00e8re les habitants de Beyrouth et des environs. Depuis le milieu de l&rsquo;\u00e9t\u00e9, dans les grandes villes <a href=\"http:\/\/plus.lefigaro.fr\/tag\/irak\" target=\"\">irakiennes<\/a>, la population a commenc\u00e9 \u00e0 manifester contre les coupures de courant la privant de ventilateurs et de climatiseurs alors que s\u00e9vissaient des temp\u00e9ratures de 50 degr\u00e9s. Ces aspects mat\u00e9riels cristallisent la contestation mais derri\u00e8re eux, c&rsquo;est l&rsquo;immobilisme de la classe politique et le syst\u00e8me en place qui sont vis\u00e9s. <a href=\"http:\/\/www.lefigaro.fr\/international\/2015\/09\/01\/01003-20150901ARTFIG00203-la-crise-des-ordures-au-liban-prend-une-nouvelle-tournure.php\" target=\"\">Des dizaines de milliers de personnes ont manifest\u00e9 dans la capitale libanaise et un minist\u00e8re a \u00e9t\u00e9 occup\u00e9<\/a>. En Irak, le premier ministre a d\u00fb <a href=\"http:\/\/www.lefigaro.fr\/international\/2015\/08\/09\/01003-20150809ARTFIG00127-abadi-promet-de-reformer-l-etat-irakien.php\" target=\"\">mettre en \u0153uvre une r\u00e9forme constitutionnelle sous pression de la rue<\/a>. Le point avec Mansouria Mokhefi, conseiller Moyen-Orient \u00e0 l&rsquo;Institut fran\u00e7ais des relations internationales (Ifri).<\/p>\n<p><strong>LE FIGARO. &#8211; Deux mouvements de protestation agitent l&rsquo;Irak et le Liban depuis le milieu de l&rsquo;\u00e9t\u00e9. Au-del\u00e0 de cette concomitance, quels parall\u00e8les peuvent \u00eatre faits entre les deux mouvements?<\/strong><\/p>\n<p><strong>Mansouria MOKHEFI &#8211; <\/strong>Il y a plusieurs similitudes entre eux. Tous deux d\u00e9passent les sch\u00e9mas partisans habituels et les divisions sectaires qui r\u00e9gissent de coutume la vie politique de ces pays. Ils sont men\u00e9s par une classe moyenne qui, en Irak comme au Liban, partage les m\u00eames demandes: elle d\u00e9nonce l&rsquo;incurie d&rsquo;une classe politique incapable de fournir de l&rsquo;eau, de l&rsquo;\u00e9lectricit\u00e9 ou un service publique de base tel que le ramassage des ordures \u00e0 Beyrouth. Elle regrette l&rsquo;absence d&rsquo;\u00c9tat, mais, surtout d&rsquo;un \u00c9tat fort. C&rsquo;est un ras-le-bol g\u00e9n\u00e9ral<\/p>\n<p><strong>Les deux pays ont la particularit\u00e9 de ne pas avoir \u00e9t\u00e9 touch\u00e9s par le printemps arabe en 2011\u2026<\/strong><\/p>\n<p>Effectivement. On peut constater qu&rsquo;ils ne sont pas les seuls dans ce cas. L&rsquo;Alg\u00e9rie, qui avait \u00e9t\u00e9 tr\u00e8s peu touch\u00e9e \u00e0 l&rsquo;\u00e9poque, est face \u00e0 une agitation sociale sans pr\u00e9c\u00e9dent dans les r\u00e9gions du sud du pays et confront\u00e9e \u00e0 diverses menaces s\u00e9curitaires. Concernant le Liban et l&rsquo;Irak, on peut \u00e9galement remarquer que ces troubles surviennent dans deux pays extr\u00eamement fragiles et victimes des recompositions et des chamboulements r\u00e9gionaux. Les risques de fractures y sont importants. Le Liban, du fait de la crise syrienne et des dramatiques cons\u00e9quences \u00e9conomiques et sociales ainsi que de la pr\u00e9sence et du r\u00f4le du Hezbollah dans le pays. L&rsquo;Irak, du fait des mouvements djihadistes et de la pr\u00e9sence de milices chiites et, de mani\u00e8re g\u00e9n\u00e9rale, de l&rsquo;influence de l&rsquo;Iran sur son sol.<\/p>\n<p><a href=\"http:\/\/middleeasttransparent.com\/news\/wp-content\/uploads\/2015\/09\/XVMb32ab2f4-52f0-11e5-bf8c-b7b63165d32e-805x453.jpg\"><img fetchpriority=\"high\" decoding=\"async\" class=\"size-full wp-image-4215 aligncenter\" src=\"http:\/\/middleeasttransparent.com\/news\/wp-content\/uploads\/2015\/09\/XVMb32ab2f4-52f0-11e5-bf8c-b7b63165d32e-805x453.jpg\" alt=\"XVMb32ab2f4-52f0-11e5-bf8c-b7b63165d32e-805x453\" width=\"805\" height=\"453\" srcset=\"https:\/\/middleeasttransparent.com\/wp-content\/uploads\/2015\/09\/XVMb32ab2f4-52f0-11e5-bf8c-b7b63165d32e-805x453.jpg 805w, https:\/\/middleeasttransparent.com\/wp-content\/uploads\/2015\/09\/XVMb32ab2f4-52f0-11e5-bf8c-b7b63165d32e-805x453-600x338.jpg 600w\" sizes=\"(max-width: 805px) 100vw, 805px\" \/><\/a><\/p>\n<p><strong>Si les revendications et la situation g\u00e9opolitique sont diff\u00e9rentes, ces manifestations ne sont donc pas des r\u00e9pliques du printemps arabe?<\/strong><\/p>\n<p>Ces mouvements sont effectivement diff\u00e9rents du printemps arabe. Tout d&rsquo;abord parce qu&rsquo;ils sont, pour le moment, d&rsquo;une ampleur plus limit\u00e9e que les manifestations que nous avons connues il y a quatre ans. Apr\u00e8s, parce qu&rsquo;ils ne sont pas tourn\u00e9s contre des figures fortes telles que pouvaient l&rsquo;\u00eatre Ben Ali, Kadhafi ou Moubarak. Au Liban, il n&rsquo;y a m\u00eame plus de haut repr\u00e9sentant contre lequel se battre, puisqu&rsquo;il n&rsquo;y a plus de pr\u00e9sident depuis 2014, les d\u00e9put\u00e9s n&rsquo;ayant pas r\u00e9ussi \u00e0 s&rsquo;entendre pour \u00e9lire un nouveau chef d&rsquo;\u00c9tat. Quant au gouvernement irakien, il n&rsquo;est plus que l&rsquo;ombre de lui-m\u00eame, n&rsquo;exer\u00e7ant son autorit\u00e9 que sur Bagdad et le sud du pays. C&rsquo;est au final plut\u00f4t un revers par rapport aux manifestations du printemps arabe. Les populations voient que leur situation a empir\u00e9 depuis 2011, que les diverses r\u00e9volutions n&rsquo;ont pas r\u00e9solu les in\u00e9galit\u00e9s, la corruption et la mauvaise gouvernance. Il y a fort \u00e0 craindre, que, \u00e0 l&rsquo;image de l&rsquo;Irak et du Liban, il y ait \u00e0 l&rsquo;avenir de nouvelles pouss\u00e9es de fi\u00e8vre dans le monde arabe. Et ceci tant que l&rsquo;on n&rsquo;aura pas con\u00e7u la bonne forme de gouvernance et que l&rsquo;on n&rsquo;aura pas trouv\u00e9 une place acceptable pour la religion dans ces soci\u00e9t\u00e9s. Le probl\u00e8me est loin d&rsquo;avoir \u00e9t\u00e9 r\u00e9solu.<\/p>\n<p><a href=\"http:\/\/www.lefigaro.fr\/international\/2015\/09\/04\/01003-20150904ARTFIG00124-au-liban-et-en-irak-a-l-oppose-du-printemps-arabe-on-reclame-un-etat-fort.php\">Le Figaro<\/a><\/p>\n<\/div>\n","protected":false},"excerpt":{"rendered":"<p>Par Julien Licourt &nbsp; INTERVIEW &#8211; D&rsquo;importantes manifestations se d\u00e9roulent dans les capitales des deux pays depuis cet \u00e9t\u00e9. Les protestataires d\u00e9noncent l&rsquo;impuissance des politiques. Pour Mansouria Mokhefi, conseiller Moyen-Orient \u00e0 l&rsquo;Ifri, ces mouvements sont symptomatiques de la d\u00e9ception de la classe moyenne. Au Liban, la crise des ordures tra\u00eene depuis le mois de juillet<\/p>\n","protected":false},"author":152,"featured_media":4211,"comment_status":"open","ping_status":"open","sticky":false,"template":"","format":"standard","meta":{"_uf_show_specific_survey":0,"_uf_disable_surveys":false,"footnotes":""},"categories":[22],"tags":[],"class_list":{"0":"post-4209","1":"post","2":"type-post","3":"status-publish","4":"format-standard","5":"has-post-thumbnail","7":"category-actualites-fr"},"aioseo_notices":[],"_links":{"self":[{"href":"https:\/\/middleeasttransparent.com\/fr\/wp-json\/wp\/v2\/posts\/4209","targetHints":{"allow":["GET"]}}],"collection":[{"href":"https:\/\/middleeasttransparent.com\/fr\/wp-json\/wp\/v2\/posts"}],"about":[{"href":"https:\/\/middleeasttransparent.com\/fr\/wp-json\/wp\/v2\/types\/post"}],"author":[{"embeddable":true,"href":"https:\/\/middleeasttransparent.com\/fr\/wp-json\/wp\/v2\/users\/152"}],"replies":[{"embeddable":true,"href":"https:\/\/middleeasttransparent.com\/fr\/wp-json\/wp\/v2\/comments?post=4209"}],"version-history":[{"count":0,"href":"https:\/\/middleeasttransparent.com\/fr\/wp-json\/wp\/v2\/posts\/4209\/revisions"}],"wp:featuredmedia":[{"embeddable":true,"href":"https:\/\/middleeasttransparent.com\/fr\/wp-json\/wp\/v2\/media\/4211"}],"wp:attachment":[{"href":"https:\/\/middleeasttransparent.com\/fr\/wp-json\/wp\/v2\/media?parent=4209"}],"wp:term":[{"taxonomy":"category","embeddable":true,"href":"https:\/\/middleeasttransparent.com\/fr\/wp-json\/wp\/v2\/categories?post=4209"},{"taxonomy":"post_tag","embeddable":true,"href":"https:\/\/middleeasttransparent.com\/fr\/wp-json\/wp\/v2\/tags?post=4209"}],"curies":[{"name":"wp","href":"https:\/\/api.w.org\/{rel}","templated":true}]}}