{"id":4204,"date":"2015-09-04T11:13:25","date_gmt":"2015-09-04T10:13:25","guid":{"rendered":"http:\/\/middleeasttransparent.com\/news\/?p=4204"},"modified":"2015-09-04T11:13:25","modified_gmt":"2015-09-04T10:13:25","slug":"la-presidentielle-au-coeur-des-preoccupations-locales-et-internationales","status":"publish","type":"post","link":"https:\/\/middleeasttransparent.com\/fr\/la-presidentielle-au-coeur-des-preoccupations-locales-et-internationales\/","title":{"rendered":"La pr\u00e9sidentielle, au c\u0153ur des pr\u00e9occupations locales et internationales"},"content":{"rendered":"<h4><strong><span class=\"tag\">L\u2019\u00e9clairage<\/span><\/strong><\/h4>\n<div class=\"text\">\n<p>Au moment o\u00f9 la rue continue de bouillonner, les manifestants r\u00e9clamant en ch\u0153ur aux autorit\u00e9s des comptes et des r\u00e9formes, notamment au niveau des services publics, la question de l&rsquo;\u00e9lection pr\u00e9sidentielle reste au c\u0153ur des pr\u00e9occupations des milieux locaux et internationaux.<\/p>\n<p>N&rsquo;ayant pu r\u00e9ussir, dans un premier temps, \u00e0 convaincre les postulants \u00e0 la pr\u00e9sidence \u00e0 d\u00e9finir un d\u00e9lai pour la pr\u00e9sentation de leur candidature, Bkerk\u00e9, qui a accept\u00e9 de parrainer cette \u00e9ch\u00e9ance depuis plusieurs mois, revient \u00e0 la charge pour tenter de relancer la dynamique en vue de d\u00e9bloquer la pr\u00e9sidentielle. Cette nouvelle initiative, qui survient apr\u00e8s l&rsquo;\u00e9chec des tentatives diplomatiques qui devaient verser dans le m\u00eame sens, a \u00e9chou\u00e9 une nouvelle fois lorsque le sommet islamo-chr\u00e9tien pr\u00e9vu il y a quelques jours \u00e0 Bkerk\u00e9 s&rsquo;est transform\u00e9 en sommet exclusivement chr\u00e9tien, le vice-pr\u00e9sident du Conseil sup\u00e9rieur chiite, le cheikh Abdel Amir Kabalan, s&rsquo;\u00e9tant d\u00e9sist\u00e9 en derni\u00e8re minute, suivi des autres chefs spirituels musulmans.<br \/>\nLe patriarcat maronite, soutenu par plusieurs p\u00f4les politiques, revient \u00e0 la charge pour demander aux diff\u00e9rents protagonistes de convenir d&rsquo;un ou de plusieurs candidats choisis en dehors de la polarisation, 8 \/ 14 Mars. Les deux candidats maronites dits \u00ab\u00a0forts\u00a0\u00bb, Samir Geagea et Michel Aoun, sont ainsi invit\u00e9s \u00e0 proposer des noms de personnes aux profils \u00ab\u00a0neutres\u00a0\u00bb.<\/p>\n<p>Entre-temps, et avec la progression du mouvement de contestation dirig\u00e9 par le collectif d&rsquo;ONG et par la soci\u00e9t\u00e9 civile en g\u00e9n\u00e9rale, plusieurs aspirants au poste de la premi\u00e8re magistrature ont tent\u00e9 d&rsquo;exploiter la vague de protestation pour promouvoir leur candidature d\u00e8s qu&rsquo;il s&rsquo;est av\u00e9r\u00e9 que cette dynamique de masse pourrait d\u00e9boucher, en cours de route, sur un nouveau pr\u00e9sident.<br \/>\nLes milieux de Bkerk\u00e9 assurent que le patriarche est d\u00e9termin\u00e9 \u00e0 lancer une nouvelle initiative en direction de la rue chr\u00e9tienne pour d\u00e9bloquer l&rsquo;\u00e9ch\u00e9ance pr\u00e9sidentielle. Plusieurs formules sont envisag\u00e9es et examin\u00e9es par les milieux concern\u00e9s, convaincus de la n\u00e9cessit\u00e9 de r\u00e9unifier la position chr\u00e9tienne autour de cette question. \u00c0 d\u00e9faut, les leaders et responsables politiques risquent de laisser passer l&rsquo;opportunit\u00e9 de libaniser l&rsquo;\u00e9ch\u00e9ance qui peut toujours \u00eatre sauv\u00e9e, m\u00eame si le temps presse.<\/p>\n<p>L&rsquo;action amorc\u00e9e par le si\u00e8ge patriarcal maronite \u2013 que ce soit par le biais du sommet chr\u00e9tien, \u00e0 travers le prochain sommet islamo-chr\u00e9tien qui devrait se tenir bient\u00f4t, ou encore gr\u00e2ce aux efforts entrepris en vue de rassembler les leaders chr\u00e9tiens dans le but d&rsquo;unifier les rangs \u2013 est motiv\u00e9e par le pari plac\u00e9 sur les d\u00e9veloppements r\u00e9gionaux et internationaux. C&rsquo;est ce qu&rsquo;estime une source diplomatique libanaise qui fait \u00e9galement \u00e9tat de tractations qui ont actuellement lieu \u00e0 Amman et dans d&rsquo;autres capitales, loin des feux de la rampe, en vue de d\u00e9bloquer le dossier de la pr\u00e9sidentielle. Des milieux diplomatiques croient savoir que la r\u00e9union de l&rsquo;Assembl\u00e9e g\u00e9n\u00e9rale de l&rsquo;Onu pourrait \u00eatre l&rsquo;occasion de rencontres importantes entre de hauts responsables.<\/p>\n<p>Ces concertations profiteraient au Liban, d&rsquo;autant que le Conseil de s\u00e9curit\u00e9 est cens\u00e9 consacrer une r\u00e9union pour examiner la situation au Liban \u00e0 la lumi\u00e8re du rapport que devra soumettre la coordinatrice sp\u00e9ciale des Nations unies au Liban, Sigrid Kaag, \u00e0 l&rsquo;issue de sa tourn\u00e9e aupr\u00e8s des responsables et d\u00e9cideurs libanais. Parall\u00e8lement, se tiendra la r\u00e9union du groupe de soutien au Liban, qui prendra \u00e9galement part \u00e0 la conf\u00e9rence du d\u00e9veloppement durable. \u00c0 noter que le pape Fran\u00e7ois, qui sera pr\u00e9sent \u00e0 la r\u00e9union de l&rsquo;Assembl\u00e9e g\u00e9n\u00e9rale de l&rsquo;Onu, participera au sommet avec le pr\u00e9sident am\u00e9ricain, Barack Obama. Les deux hommes examineront le dossier libanais qui figure en t\u00eate de l&rsquo;ordre du jour de ce sommet. C&rsquo;est dans ce cadre qu&rsquo;il faut donc comprendre l&rsquo;initiative du patriarche maronite, Mgr B\u00e9chara Ra\u00ef, plac\u00e9e, \u00e0 la demande du Vatican, en amont de ce sommet.<\/p>\n<p><strong>Selon des milieux parlementaires proches de A\u00efn el-Tin\u00e9, l&rsquo;initiative prise par le chef du Parlement, Nabih Berry, se fonde sur ces donnes ainsi que sur des informations diplomatiques qui lui sont parvenues faisant \u00e9tat d&rsquo;une progression dans les relations irano-saoudiennes.<\/strong> Un ancien ministre croit savoir d&rsquo;ailleurs que le r\u00e9cent mouvement de la soci\u00e9t\u00e9 civile vient s&rsquo;inscrire dans le cadre de ce climat positif pavant la voie \u00e0 un r\u00e8glement de la crise dans la r\u00e9gion et au Liban plus pr\u00e9cis\u00e9ment. Ainsi, la r\u00e9volte de la rue pourrait \u00eatre exploit\u00e9e en vue de sortir le pays de l&rsquo;impasse et aboutir \u00e0 l&rsquo;\u00e9lection d&rsquo;un pr\u00e9sident pour ensuite redynamiser la vie institutionnelle.<\/p>\n<p><a href=\"http:\/\/www.lorientlejour.com\/article\/942511\/la-presidentielle-au-coeur-des-preoccupations-locales-et-internationales.html\">L&rsquo;Orient Le Jour<\/a><\/p>\n<\/div>\n","protected":false},"excerpt":{"rendered":"<p>L\u2019\u00e9clairage Au moment o\u00f9 la rue continue de bouillonner, les manifestants r\u00e9clamant en ch\u0153ur aux autorit\u00e9s des comptes et des r\u00e9formes, notamment au niveau des services publics, la question de l&rsquo;\u00e9lection pr\u00e9sidentielle reste au c\u0153ur des pr\u00e9occupations des milieux locaux et internationaux. N&rsquo;ayant pu r\u00e9ussir, dans un premier temps, \u00e0 convaincre les postulants \u00e0 la<\/p>\n","protected":false},"author":182,"featured_media":4206,"comment_status":"open","ping_status":"open","sticky":false,"template":"","format":"standard","meta":{"_uf_show_specific_survey":0,"_uf_disable_surveys":false,"footnotes":""},"categories":[22],"tags":[],"class_list":{"0":"post-4204","1":"post","2":"type-post","3":"status-publish","4":"format-standard","5":"has-post-thumbnail","7":"category-actualites-fr"},"aioseo_notices":[],"_links":{"self":[{"href":"https:\/\/middleeasttransparent.com\/fr\/wp-json\/wp\/v2\/posts\/4204","targetHints":{"allow":["GET"]}}],"collection":[{"href":"https:\/\/middleeasttransparent.com\/fr\/wp-json\/wp\/v2\/posts"}],"about":[{"href":"https:\/\/middleeasttransparent.com\/fr\/wp-json\/wp\/v2\/types\/post"}],"author":[{"embeddable":true,"href":"https:\/\/middleeasttransparent.com\/fr\/wp-json\/wp\/v2\/users\/182"}],"replies":[{"embeddable":true,"href":"https:\/\/middleeasttransparent.com\/fr\/wp-json\/wp\/v2\/comments?post=4204"}],"version-history":[{"count":0,"href":"https:\/\/middleeasttransparent.com\/fr\/wp-json\/wp\/v2\/posts\/4204\/revisions"}],"wp:featuredmedia":[{"embeddable":true,"href":"https:\/\/middleeasttransparent.com\/fr\/wp-json\/wp\/v2\/media\/4206"}],"wp:attachment":[{"href":"https:\/\/middleeasttransparent.com\/fr\/wp-json\/wp\/v2\/media?parent=4204"}],"wp:term":[{"taxonomy":"category","embeddable":true,"href":"https:\/\/middleeasttransparent.com\/fr\/wp-json\/wp\/v2\/categories?post=4204"},{"taxonomy":"post_tag","embeddable":true,"href":"https:\/\/middleeasttransparent.com\/fr\/wp-json\/wp\/v2\/tags?post=4204"}],"curies":[{"name":"wp","href":"https:\/\/api.w.org\/{rel}","templated":true}]}}