{"id":4120,"date":"2015-09-01T23:05:31","date_gmt":"2015-09-01T22:05:31","guid":{"rendered":"http:\/\/middleeasttransparent.com\/news\/?p=4120"},"modified":"2015-09-01T23:05:57","modified_gmt":"2015-09-01T22:05:57","slug":"4120-2","status":"publish","type":"post","link":"https:\/\/middleeasttransparent.com\/fr\/4120-2\/","title":{"rendered":"La crise des ordures au Liban prend une nouvelle tournure"},"content":{"rendered":"<p>Par <a class=\"fig-anchor fig-picto-journaliste-haut\" href=\"http:\/\/www.lefigaro.fr\/international\/2015\/09\/01\/01003-20150901ARTFIG00203-la-crise-des-ordures-au-liban-prend-une-nouvelle-tournure.php#auteur\">Julien Licourt<\/a><\/p>\n<p>Une vingtaine de personnes ont occup\u00e9 mardi le minist\u00e8re de l&rsquo;Environnement \u00e0 <a href=\"http:\/\/plus.lefigaro.fr\/tag\/beyrouth\" target=\"\">Beyrouth<\/a>, au <a href=\"http:\/\/plus.lefigaro.fr\/tag\/liban\" target=\"\">Liban<\/a>, afin de r\u00e9clamer le d\u00e9part du ministre. Depuis plusieurs semaines, les Libanais manifestent pour d\u00e9noncer l&rsquo;impuissance du pouvoir en place \u00e0 r\u00e9gler la crise des ordures et plus largement contre un syst\u00e8me politique qu&rsquo;ils estiment \u00e0 bout de souffle. Ce week-end \u00e0 Beyrouth, des dizaines de milliers de Libanais ont manifest\u00e9. C&rsquo;est la premi\u00e8re fois depuis 10 ans et les grandes manifestations qui avaient suivi la mort de Rafic Hariri que les Libanais descendaient dans la rue ind\u00e9pendamment des partis politiques.<\/p>\n<p>Mardi, certains semblaient vouloir passer \u00e0 la vitesse sup\u00e9rieure, en investissant le huiti\u00e8me \u00e9tage du minist\u00e8re de l&rsquo;Environnement, avant d&rsquo;\u00eatre \u00e9vacu\u00e9s manu militari par la police. Chantant l&rsquo;hymne national et brandissant le drapeau du pays, ils exigaient le d\u00e9part du ministre Mohammed Machnouk, situ\u00e9 \u00e0 quelques m\u00e8tres, dans son bureau. Si la situation \u00e9tait calme en milieu d&rsquo;apr\u00e8s-midi, les force de police leur ont toutefois laiss\u00e9 une trentaine de minutes pour partir. <a href=\"http:\/\/www.lorientlejour.com\/article\/942009\/les-activistes-de-la-campagne-vous-puez-entrent-de-force-au-ministere-de-lenvironnement.html\" target=\"\">Au cours de la journ\u00e9e, les forces anti-\u00e9meutes ont \u00e9t\u00e9 d\u00e9ploy\u00e9es en bas de l&rsquo;immeuble<\/a>.<\/p>\n<h2>Ultimatum<\/h2>\n<p>Cette escalade intervenait quelques heures avant l&rsquo;expiration de l&rsquo;ultimatum fix\u00e9 \u00e0 la fin de la grande manifestation de samedi, lors de laquelle plusieurs dizaines de milliers de personnes \u00e9taient descendues dans les rues. Les leaders du mouvement r\u00e9clamaient alors le d\u00e9part du ministre de l&rsquo;Environnement, le transfert de la gestion des d\u00e9chets ainsi que le jugement des responsables des violences commises lors de la manifestation du week-end du 22 et 23 ao\u00fbt, dont le ministre de l&rsquo;Int\u00e9rieur, Nohad Machnouk. Plus largement, ils r\u00e9clament une transition vers un \u00c9tat la\u00efc et de nouvelles \u00e9lections.<\/p>\n<p>\u00c0 l&rsquo;origine de cette protestation, on retrouve la crise des ordures: depuis la fermeture de la grande d\u00e9charge accueillant les d\u00e9chets de la capitale et des communes avoisinantes, les d\u00e9tritus s&rsquo;accumulent dans les rues de Beyrouth. Avec la chaleur, l&rsquo;odeur par endroits est insupportable et les probl\u00e8mes d&rsquo;hygi\u00e8ne \u00e9vidents. La col\u00e8re a commenc\u00e9 sur les r\u00e9seaux sociaux avant de s&rsquo;\u00e9tendre dans la rue avec un mouvement baptis\u00e9 \u00abVous puez\u00bb. Une r\u00e9f\u00e9rence autant aux ordures qu&rsquo;aux hommes politiques.<\/p>\n<p>Car, au-del\u00e0 des ordures, la contestation s&rsquo;\u00e9rige contre un syst\u00e8me scl\u00e9ros\u00e9, incapable d&rsquo;assurer une fourniture d&rsquo;\u00e9lectricit\u00e9 continue pendant une journ\u00e9e ou de mettre fin aux nombreuses coupures d&rsquo;eau qui subissent les habitants. Les manifestants protestent contre le syst\u00e8me confessionnel qui r\u00e9git le pays depuis la fin du mandat fran\u00e7ais, en 1943. Ce dernier r\u00e9serve la pr\u00e9sidence de la R\u00e9publique \u00e0 un chr\u00e9tien maronite, le poste de premier ministre \u00e0 un musulman sunnite, celui de pr\u00e9sident de l&rsquo;Assembl\u00e9e \u00e0 un musulman chiite. Les si\u00e8ges de cette derni\u00e8re sont r\u00e9partis entre musulmans et chr\u00e9tiens. Ce syst\u00e8me est actuellement bloqu\u00e9: les d\u00e9put\u00e9s n&rsquo;arrivent pas \u00e0 \u00e9lire un pr\u00e9sident depuis mai 2014. Les parlementaires eux-m\u00eames ont prolong\u00e9 deux fois leur propre mandat depuis leur \u00e9lection en 2009.<\/p>\n<h2>\u00abEscalade\u00bb<\/h2>\n<p>Depuis dimanche, le pouvoir n&rsquo;a pas r\u00e9pondu aux demandes des manifestants. Tout juste le ministre de l&rsquo;Environnement a accept\u00e9 de se retirer de la commission s&rsquo;occupant de la gestion des d\u00e9chets. Il a \u00e9t\u00e9 remplac\u00e9 par le ministre de l&rsquo;Agriculture. Un geste que les membres du collectif \u00abVous puez\u00bb trouvaient insuffisant. Dimanche soir, ils pr\u00e9venaient qu&rsquo;en l&rsquo;absence de r\u00e9ponse des pouvoirs politiques leur mouvement irait \u00abvers l&rsquo;escalade\u00bb. Nous y sommes.<\/p>\n<p><a href=\"http:\/\/www.lefigaro.fr\/international\/2015\/09\/01\/01003-20150901ARTFIG00203-la-crise-des-ordures-au-liban-prend-une-nouvelle-tournure.php\">Le Figaro<\/a><\/p>\n","protected":false},"excerpt":{"rendered":"<p>Par Julien Licourt Une vingtaine de personnes ont occup\u00e9 mardi le minist\u00e8re de l&rsquo;Environnement \u00e0 Beyrouth, au Liban, afin de r\u00e9clamer le d\u00e9part du ministre. Depuis plusieurs semaines, les Libanais manifestent pour d\u00e9noncer l&rsquo;impuissance du pouvoir en place \u00e0 r\u00e9gler la crise des ordures et plus largement contre un syst\u00e8me politique qu&rsquo;ils estiment \u00e0 bout<\/p>\n","protected":false},"author":152,"featured_media":4121,"comment_status":"open","ping_status":"open","sticky":false,"template":"","format":"standard","meta":{"_uf_show_specific_survey":0,"_uf_disable_surveys":false,"footnotes":""},"categories":[22],"tags":[],"class_list":{"0":"post-4120","1":"post","2":"type-post","3":"status-publish","4":"format-standard","5":"has-post-thumbnail","7":"category-actualites-fr"},"aioseo_notices":[],"_links":{"self":[{"href":"https:\/\/middleeasttransparent.com\/fr\/wp-json\/wp\/v2\/posts\/4120","targetHints":{"allow":["GET"]}}],"collection":[{"href":"https:\/\/middleeasttransparent.com\/fr\/wp-json\/wp\/v2\/posts"}],"about":[{"href":"https:\/\/middleeasttransparent.com\/fr\/wp-json\/wp\/v2\/types\/post"}],"author":[{"embeddable":true,"href":"https:\/\/middleeasttransparent.com\/fr\/wp-json\/wp\/v2\/users\/152"}],"replies":[{"embeddable":true,"href":"https:\/\/middleeasttransparent.com\/fr\/wp-json\/wp\/v2\/comments?post=4120"}],"version-history":[{"count":0,"href":"https:\/\/middleeasttransparent.com\/fr\/wp-json\/wp\/v2\/posts\/4120\/revisions"}],"wp:featuredmedia":[{"embeddable":true,"href":"https:\/\/middleeasttransparent.com\/fr\/wp-json\/wp\/v2\/media\/4121"}],"wp:attachment":[{"href":"https:\/\/middleeasttransparent.com\/fr\/wp-json\/wp\/v2\/media?parent=4120"}],"wp:term":[{"taxonomy":"category","embeddable":true,"href":"https:\/\/middleeasttransparent.com\/fr\/wp-json\/wp\/v2\/categories?post=4120"},{"taxonomy":"post_tag","embeddable":true,"href":"https:\/\/middleeasttransparent.com\/fr\/wp-json\/wp\/v2\/tags?post=4120"}],"curies":[{"name":"wp","href":"https:\/\/api.w.org\/{rel}","templated":true}]}}