{"id":41131,"date":"2019-09-24T22:53:54","date_gmt":"2019-09-24T21:53:54","guid":{"rendered":"https:\/\/middleeasttransparent.com\/?p=41131"},"modified":"2019-09-24T22:53:54","modified_gmt":"2019-09-24T21:53:54","slug":"les-juifs-liberaux-de-france-unissent-leurs-forces","status":"publish","type":"post","link":"https:\/\/middleeasttransparent.com\/fr\/les-juifs-liberaux-de-france-unissent-leurs-forces\/","title":{"rendered":"Les juifs lib\u00e9raux de France unissent leurs forces"},"content":{"rendered":"<h3 class=\"surtitle intro-surtitle\"><span style=\"color: #800080;\"><em>Explication<\/em><\/span>\u00a0<strong>Le rapprochement entre deux institutions juives lib\u00e9rales, l\u2019Ulif-Copernic et le MJLF, d\u00e9sormais regroup\u00e9es en une entit\u00e9, a \u00e9t\u00e9 act\u00e9 lundi 23\u00a0septembre.<\/strong><strong>L\u2019objectif de Juda\u00efsme en mouvement est d\u2019attirer \u00e0 la synagogue 80\u00a0% des juifs fran\u00e7ais qui n\u2019en fr\u00e9quentent aucune et de peser face aux orthodoxes du consistoire.<\/strong><\/h3>\n<p>&nbsp;<\/p>\n<ul class=\"meta-author\">\n<li class=\"meta-author-name\">\n<h3><span style=\"color: #0000ff;\"><strong>H\u00e9lo\u00efse de Neuville<\/strong><\/span><\/h3>\n<\/li>\n<\/ul>\n<p>L\u2019Union lib\u00e9rale isra\u00e9lite fran\u00e7aise (Ulif-Copernic) et le Mouvement juif lib\u00e9ral de France (MJLF) ont act\u00e9 leur rapprochement en cr\u00e9ant l\u2019entit\u00e9 commune Juda\u00efsme en mouvement, lors de leurs deux assembl\u00e9es g\u00e9n\u00e9rales extraordinaires, lundi 23 septembre \u00e0 Paris.Cette nouvelle association cultuelle regroupe environ 2 000 familles juives dans le pays. L\u2019objectif de ce rapprochement est de donner de la force au juda\u00efsme lib\u00e9ral, courant tr\u00e8s minoritaire en France, face au courant orthodoxe majoritaire, repr\u00e9sent\u00e9 par le consistoire.<\/p>\n<div>\n<h3>Acqu\u00e9rir une nouvelle visibilit\u00e9<\/h3>\n<p>L\u2019enjeu pour Juda\u00efsme en mouvement est double. D\u2019abord, acqu\u00e9rir une nouvelle visibilit\u00e9 pour attirer \u00e0 eux 80\u00a0% des personnes de confession juive qui ne fr\u00e9quentent pas de synagogues, en promouvant un\u00a0<em>\u00ab\u00a0juda\u00efsme moderne en phase avec son temps\u00a0\u00bb<\/em>. Les juifs lib\u00e9raux d\u00e9fendent une stricte \u00e9galit\u00e9 homme-femme, permettant notamment aux femmes de compter dans le minian (quorum de 10 personnes \u2013 hommes dans le juda\u00efsme orthodoxe \u2013 n\u00e9cessaire au d\u00e9roulement des offices).\u00a0<em>\u00ab\u00a0Chez nous, on accueille tout le monde, quelles que soient leurs habitudes, <strong>les familles mixtes, comme celles qui mangent du porc<\/strong>\u00a0\u00bb<\/em>, r\u00e9sume Patrick Altar, administrateur \u00e0 l\u2019Ulif-Copernic.<\/p>\n<p><em>\u00ab\u00a0<strong>Le juda\u00efsme lib\u00e9ral, ce n\u2019est pas le juda\u00efsme light ou low cost<\/strong>, contrairement \u00e0 ce que peuvent penser les orthodoxes\u00a0\u00bb<\/em>, soutient Gad Weil, le pr\u00e9sident du MJLF, qui veut croire que les valeurs d\u2019ouverture promues par le juda\u00efsme \u00e9galitaire permettront aux juifs qui ne se\u00a0<em>\u00ab\u00a0reconnaissent pas dans les instances religieuses officielles\u00a0\u00bb<\/em>\u00a0de renouer avec la culture et la pratique religieuse juive.<\/p>\n<h3>Peser face au consistoire<\/h3>\n<p><strong>Deuxi\u00e8me enjeu<\/strong>\u2009: peser face au consistoire et le pousser, \u00e0 terme, \u00e0 s\u2019ouvrir \u00e0 tous les courants.\u00a0<em>\u00ab\u00a0<strong>Les massortis<\/strong>, <strong>les lib\u00e9raux<\/strong>, dans une certaine mesure <strong>les loubavitchs<\/strong>, ne sont pas repr\u00e9sent\u00e9s par le consistoire. Nous voulons \u00eatre une maison juive, qui puisse dire \u00e0 tous les juifs de France qu\u2019ils sont les bienvenus, qu\u2019ils peuvent venir nous rencontrer. Nous serons \u00e0 leur \u00e9coute et travaillerons pour leur permettre d\u2019avoir des lieux o\u00f9 vivre leur vie juive\u00a0\u00bb,\u00a0<\/em>d\u00e9taille Gad Weil.<\/p>\n<p>Le rapprochement approuv\u00e9 \u00e0 89\u00a0% par les deux organisations, n\u2019a pas manqu\u00e9 de susciter un certain nombre de questions parmi les votants, dont certains craignaient de perdre leur voix sp\u00e9cifique dans le rapprochement des deux institutions. La volont\u00e9 d\u2019union l\u2019a emport\u00e9 et d\u2019ici cinq ans, ses deux futurs copr\u00e9sidents se fixent l\u2019objectif ambitieux d\u2019avoir doubl\u00e9 le nombre de familles membres de leurs synagogues.<\/p>\n<\/div>\n<div><span style=\"color: #0000ff;\"><strong>H\u00e9lo\u00efse de Neuville<\/strong><\/span><\/div>\n<div><\/div>\n<div><a href=\"https:\/\/www.la-croix.com\/Religion\/Judaisme\/juifs-liberaux-France-sunissent-mouvement-Judaisme-mouvement-2019-09-23-1201049463\">LA CROIX<\/a><\/div>\n","protected":false},"excerpt":{"rendered":"<p>Explication\u00a0Le rapprochement entre deux institutions juives lib\u00e9rales, l\u2019Ulif-Copernic et le MJLF, d\u00e9sormais regroup\u00e9es en une entit\u00e9, a \u00e9t\u00e9 act\u00e9 lundi 23\u00a0septembre.L\u2019objectif de Juda\u00efsme en mouvement est d\u2019attirer \u00e0 la synagogue 80\u00a0% des juifs fran\u00e7ais qui n\u2019en fr\u00e9quentent aucune et de peser face aux orthodoxes du consistoire. &nbsp; H\u00e9lo\u00efse de Neuville L\u2019Union lib\u00e9rale isra\u00e9lite fran\u00e7aise (Ulif-Copernic)<\/p>\n","protected":false},"author":130,"featured_media":41132,"comment_status":"open","ping_status":"open","sticky":false,"template":"","format":"standard","meta":{"_uf_show_specific_survey":0,"_uf_disable_surveys":false,"footnotes":""},"categories":[37],"tags":[],"class_list":{"0":"post-41131","1":"post","2":"type-post","3":"status-publish","4":"format-standard","5":"has-post-thumbnail","7":"category-alaune-fr"},"aioseo_notices":[],"_links":{"self":[{"href":"https:\/\/middleeasttransparent.com\/fr\/wp-json\/wp\/v2\/posts\/41131","targetHints":{"allow":["GET"]}}],"collection":[{"href":"https:\/\/middleeasttransparent.com\/fr\/wp-json\/wp\/v2\/posts"}],"about":[{"href":"https:\/\/middleeasttransparent.com\/fr\/wp-json\/wp\/v2\/types\/post"}],"author":[{"embeddable":true,"href":"https:\/\/middleeasttransparent.com\/fr\/wp-json\/wp\/v2\/users\/130"}],"replies":[{"embeddable":true,"href":"https:\/\/middleeasttransparent.com\/fr\/wp-json\/wp\/v2\/comments?post=41131"}],"version-history":[{"count":0,"href":"https:\/\/middleeasttransparent.com\/fr\/wp-json\/wp\/v2\/posts\/41131\/revisions"}],"wp:featuredmedia":[{"embeddable":true,"href":"https:\/\/middleeasttransparent.com\/fr\/wp-json\/wp\/v2\/media\/41132"}],"wp:attachment":[{"href":"https:\/\/middleeasttransparent.com\/fr\/wp-json\/wp\/v2\/media?parent=41131"}],"wp:term":[{"taxonomy":"category","embeddable":true,"href":"https:\/\/middleeasttransparent.com\/fr\/wp-json\/wp\/v2\/categories?post=41131"},{"taxonomy":"post_tag","embeddable":true,"href":"https:\/\/middleeasttransparent.com\/fr\/wp-json\/wp\/v2\/tags?post=41131"}],"curies":[{"name":"wp","href":"https:\/\/api.w.org\/{rel}","templated":true}]}}