{"id":40789,"date":"2019-09-02T20:44:08","date_gmt":"2019-09-02T19:44:08","guid":{"rendered":"https:\/\/middleeasttransparent.com\/?p=40789"},"modified":"2019-09-04T10:23:31","modified_gmt":"2019-09-04T09:23:31","slug":"des-personnalites-arabes-condamnent-la-visite-des-deputes-europeens-de-lextreme-droite-en-syrie","status":"publish","type":"post","link":"https:\/\/middleeasttransparent.com\/fr\/des-personnalites-arabes-condamnent-la-visite-des-deputes-europeens-de-lextreme-droite-en-syrie\/","title":{"rendered":"Des personnalit\u00e9s arabes condamnent la visite des d\u00e9put\u00e9s europ\u00e9ens de l&rsquo;extr\u00eame droite en Syrie."},"content":{"rendered":"<h3><span style=\"color: #0000ff;\"><strong>Au moment m\u00eame o\u00f9 des d\u00e9put\u00e9s europ\u00e9ens de l&rsquo;extr\u00eame droite organisent des visites en Syrie dont le d\u00e9put\u00e9 europ\u00e9en Thierry Mariani qui, depuis quelques jours, s\u2019est rendu en visite \u00e0 Damas \u00e0 la t\u00eate d&rsquo;une d\u00e9l\u00e9gation du RN pour rencontrer Bashar Al-Assad et son \u00e9quipe. Soit au moment o\u00f9 le r\u00e9gime de Bachar Al-Assad et ses alli\u00e9s poursuivent l&rsquo;offensive a\u00e9rienne contre les civils dans la r\u00e9gion d&rsquo;Idlib, n&rsquo;\u00e9pargnant ni les enfants et les femmes ni les h\u00f4pitaux et les \u00e9coles. Continuant ainsi de commettre des crimes contre l&rsquo;humanit\u00e9 dument document\u00e9s par la communaut\u00e9 internationale.<\/strong><\/span><\/h3>\n<p>&nbsp;<\/p>\n<p>Cette visite des d\u00e9put\u00e9s europ\u00e9ens pro-Assad est en contradiction flagrante avec les valeurs de l&rsquo;Union europ\u00e9enne : le respect de la dignit\u00e9 humaine, la libert\u00e9, l\u2019\u00e9galit\u00e9, l\u2019\u00e9tat de droit, le respect des droits de l\u2019homme, Ces valeurs d\u00e9fendues par l&rsquo;Union europ\u00e9enne sont viol\u00e9es chaque jour dans les prisons d\u2019Assad ; ces valeurs sont viol\u00e9es chaque fois qu\u2019Assad utilise des armes interdites par les conventions internationales. Ces valeurs sont viol\u00e9es quand Assad m\u00e8ne une guerre contre les syriens, une guerre qui continue \u00e0 provoquer des destructions massives et le d\u00e9placement de la moiti\u00e9 de la population syrienne.<\/p>\n<p>Les signataires de cette d\u00e9claration condamnent le non-respect des d\u00e9put\u00e9s europ\u00e9ens de l&rsquo;extr\u00eame droite de ces valeurs humaines, en serrent la main d&rsquo;Assad et en soutenant la strat\u00e9gie de l&rsquo;axe russo-iranien au d\u00e9triment des principes humanitaires adopt\u00e9s par les pays d\u00e9mocratiques.<\/p>\n<p>Les signataires affirment \u00e9galement que les revendications de Thierry Mariani et de des d\u00e9put\u00e9s europ\u00e9ens de l&rsquo;extr\u00eame droite, concernant la protection des chr\u00e9tiens d&rsquo;Orient, sont en contradiction flagrante avec leur soutien au r\u00e9gime d&rsquo;Assad, qui a marginalis\u00e9 les chr\u00e9tiens durant des d\u00e9cennies et les a pouss\u00e9 \u00e0 quitter leur pays.<br \/>\nC\u2019est un r\u00e9gime qui s\u00e8me le fanatisme et l\u2019intol\u00e9rance entre les diff\u00e9rentes composantes ethniques de l\u2019orient pour se maintenir au pouvoir et renforcer son autorit\u00e9, ce qui a fait de lui un p\u00f4le de l\u2019extr\u00e9misme et un obstacle sur la route de la stabilisation de la r\u00e9gion et dans le monde.<\/p>\n<p>Notons, dans ce contexte, que les peuples de la r\u00e9gion qui appr\u00e9cient les positions de l&rsquo;Union europ\u00e9enne et leurs actions en faveur des droits de l&rsquo;homme et des libert\u00e9s, agissent afin d\u2019\u00e9tablir des liens de fraternit\u00e9 universelle et de d\u00e9veloppement avec les peuples du monde entier. Ces objectifs ne peuvent \u00eatre atteints sans soutenir et diffuser les valeurs humaines dans cette r\u00e9gion, en rejetant toutes sortes de racisme et d\u2019autoritarisme qui constituent des obstacles au d\u00e9veloppement humain, politique, \u00e9conomique et social. C&rsquo;est le projet sur lequel nous travaillons avec engagement.<\/p>\n<h3><strong>Signataires:<\/strong><\/h3>\n<p><strong>Fares Souaid Pr\u00e9sident du Rassemblement de Saydet el-Jabal, Ancien deput\u00e9, Liban<\/strong><br \/>\n<strong>Samira Mobaied Ecrivaine et Chercheur en Anthropologie, France<\/strong><br \/>\n<strong>Sam Manssi Ecrivain et chercheur en politique, Liban<\/strong><br \/>\n<strong>Elie Al Haj Ecrivain et chercheur en politique, Liban<\/strong><br \/>\n<strong>Khalil Toubia Acitiviste politique, Ingenieur, Liban<\/strong><br \/>\n<strong>Toni Habib Directeur du LCRS Politica, Liban<\/strong><br \/>\n<strong>Saad Kiwan Ecrivain et chercheur en politique, Liban<\/strong><br \/>\n<strong>Amin Bachir Juriste, Liban<\/strong><br \/>\n<strong>Houssein Ataya Ancien detenu, activiste politique, pr\u00e9sident de l&rsquo;associaton INHAD, directeur du site Janoub News<\/strong><br \/>\n<strong>Hassan Koutb Ecrivain et chercheur en politique,Pr\u00e9sident du Centre de recherches et d&rsquo;\u00e9tudes arabess Liban<\/strong><br \/>\n<strong>Mayad Haidar Juriste, Liban<\/strong><br \/>\n<strong>Sanna Al Jaque Journaliste, Liban<\/strong><br \/>\n<strong>Rouba Kabbara Journaliste, membre du Rassemblement de Saydet el-Jabal<\/strong><br \/>\n<strong>Bahjat Slameh Vice-pr\u00e9sident du Rassemblement de Saydet el-Jabal<\/strong><br \/>\n<strong>Hanna Saleh Ecrivain et chercheur en politique, Liban<\/strong><br \/>\n<strong>Nabil Halabi, Avocat, \u00a0Liban\u00a0<\/strong><br \/>\n<strong>Sahar Halabi Liban\u00a0<\/strong><br \/>\n<strong>Georges Sabra Ecrivain et opposant syrien<\/strong><br \/>\n<strong>Michel Kilo Ecrivain et opposant syrien<\/strong><br \/>\n<strong>Pierre Akel R\u00e9dacteur en chef du site Middle East Transparent (Shaffaf)\u00a0<\/strong><br \/>\n<strong>Nader Jabali Ecrivain et juriste syrien<\/strong><br \/>\n<strong>Bahnan Yamine Ecrivain et opposant syrien<\/strong><br \/>\n<strong>Charles Jabbour Ecrivain en politique<\/strong><br \/>\n<strong>Houzam Adi Ecrivaine syrienne<\/strong><br \/>\n<strong>Micheal Adaoui Ecrivain et journaliste<\/strong><br \/>\n<strong>Hassan Asswad Ecrivain et juriste syrien<\/strong><br \/>\n<strong>Samer Suleiman Journaliste et sc\u00e9nariste<\/strong><br \/>\n<strong>Fouad Elia, Opposant syrien<\/strong><br \/>\n<strong>Bachar Al Haj Ali Diplomate<\/strong><br \/>\n<strong>Abd Al Hakim Al Kheirat Juriste<\/strong><br \/>\n<strong>Ayman Barbour Juriste<\/strong><br \/>\n<strong>Ismaeil Al Saadi Homme d&rsquo;affaires<\/strong><br \/>\n<strong>Mawan Khouri Opposant syrien<\/strong><br \/>\n<strong>Ammar Radwan R\u00e9alisateur<\/strong><br \/>\n<strong>Badr Eddine Arodaky Ecrivain et traducteur<\/strong><br \/>\n<strong>Yahia Hakoum Doctorat et chercheur \u00e0 SciencePo Paris<\/strong><br \/>\n<strong>Dima Sadek Journaliste Liban<\/strong><br \/>\n<strong>Samir Kharrat, Economiste, France\u00a0<\/strong><br \/>\n<strong>Farhan Almatar, Journaliste, France<\/strong><br \/>\n<strong>Ziyad Rahmoun, Ingenieur, Su\u00e8de<\/strong><br \/>\n<strong>Ghada Jarjoura, Avocat, France<\/strong><br \/>\n<strong>\u00a0Saleem Bshara, M\u00e9decin, England<\/strong><br \/>\n<strong>Bayan Al Estwani, Homme d\u2019affaires, France<\/strong><br \/>\n<strong>Nasser Alzayed, Photographe, Allemagne<\/strong><br \/>\n<strong>Abdalla Aldandachi, Activiste, France<\/strong><br \/>\n<strong>Nawras Yagen, Journaliste, France<\/strong><br \/>\n<strong>Lamia Allaoui, Activiste Humanitaire, Liban\u00a0<\/strong><br \/>\n<strong>Yonadam Yonadam, Activiste, USA<\/strong><br \/>\n<strong>Bassel Haidar, Activiste, France\u00a0<\/strong><br \/>\n<strong>Mahmoud El Ghabbach, Activiste, France<\/strong><\/p>\n","protected":false},"excerpt":{"rendered":"<p>Au moment m\u00eame o\u00f9 des d\u00e9put\u00e9s europ\u00e9ens de l&rsquo;extr\u00eame droite organisent des visites en Syrie dont le d\u00e9put\u00e9 europ\u00e9en Thierry Mariani qui, depuis quelques jours, s\u2019est rendu en visite \u00e0 Damas \u00e0 la t\u00eate d&rsquo;une d\u00e9l\u00e9gation du RN pour rencontrer Bashar Al-Assad et son \u00e9quipe. Soit au moment o\u00f9 le r\u00e9gime de Bachar Al-Assad et<\/p>\n","protected":false},"author":87,"featured_media":40791,"comment_status":"open","ping_status":"open","sticky":false,"template":"","format":"standard","meta":{"_uf_show_specific_survey":0,"_uf_disable_surveys":false,"footnotes":""},"categories":[37],"tags":[],"class_list":{"0":"post-40789","1":"post","2":"type-post","3":"status-publish","4":"format-standard","5":"has-post-thumbnail","7":"category-alaune-fr"},"aioseo_notices":[],"_links":{"self":[{"href":"https:\/\/middleeasttransparent.com\/fr\/wp-json\/wp\/v2\/posts\/40789","targetHints":{"allow":["GET"]}}],"collection":[{"href":"https:\/\/middleeasttransparent.com\/fr\/wp-json\/wp\/v2\/posts"}],"about":[{"href":"https:\/\/middleeasttransparent.com\/fr\/wp-json\/wp\/v2\/types\/post"}],"author":[{"embeddable":true,"href":"https:\/\/middleeasttransparent.com\/fr\/wp-json\/wp\/v2\/users\/87"}],"replies":[{"embeddable":true,"href":"https:\/\/middleeasttransparent.com\/fr\/wp-json\/wp\/v2\/comments?post=40789"}],"version-history":[{"count":0,"href":"https:\/\/middleeasttransparent.com\/fr\/wp-json\/wp\/v2\/posts\/40789\/revisions"}],"wp:featuredmedia":[{"embeddable":true,"href":"https:\/\/middleeasttransparent.com\/fr\/wp-json\/wp\/v2\/media\/40791"}],"wp:attachment":[{"href":"https:\/\/middleeasttransparent.com\/fr\/wp-json\/wp\/v2\/media?parent=40789"}],"wp:term":[{"taxonomy":"category","embeddable":true,"href":"https:\/\/middleeasttransparent.com\/fr\/wp-json\/wp\/v2\/categories?post=40789"},{"taxonomy":"post_tag","embeddable":true,"href":"https:\/\/middleeasttransparent.com\/fr\/wp-json\/wp\/v2\/tags?post=40789"}],"curies":[{"name":"wp","href":"https:\/\/api.w.org\/{rel}","templated":true}]}}