{"id":4073,"date":"2015-08-31T12:07:54","date_gmt":"2015-08-31T11:07:54","guid":{"rendered":"http:\/\/middleeasttransparent.com\/news\/?p=4073"},"modified":"2024-10-08T21:23:37","modified_gmt":"2024-10-08T20:23:37","slug":"a-beyrouth-le-reveil-citoyen","status":"publish","type":"post","link":"https:\/\/middleeasttransparent.com\/fr\/a-beyrouth-le-reveil-citoyen\/","title":{"rendered":"A Beyrouth, le r\u00e9veil citoyen"},"content":{"rendered":"<div class=\"copy-paste-block\">\n<h4 class=\"tt2\"><span class=\"signature_article\">Par <span class=\"auteur txt2_120\"> <a class=\"auteur\" href=\"http:\/\/www.lemonde.fr\/journaliste\/benjamin-barthe\/\" target=\"_blank\" rel=\"noopener\">Benjamin Barthe<\/a> (Beyrouth, correspondant <\/span> <\/span><\/h4>\n<p>Une mar\u00e9e de drapeaux rouge et blanc a envahi samedi 29\u00a0ao\u00fbt la place des Martyrs, dans le centre de Beyrouth. Plusieurs dizaines de milliers de Libanais, venus de tout le pays, de confessions et d\u2019origines sociales vari\u00e9es, ont cri\u00e9 leur d\u00e9go\u00fbt d\u2019un syst\u00e8me politique, tellement paralys\u00e9 et vici\u00e9 de l\u2019int\u00e9rieur, qu\u2019il semble \u00eatre en phase terminale.<\/p>\n<div id=\"articleBody\" class=\"contenu_article js_article_body\">\n<p>Organis\u00e9 par le collectif \u00ab\u00a0Tala\u2019at Rihatkum\u00a0\u00bb (\u00ab\u00a0Vous puez\u00a0\u00bb en arabe), en r\u00e9action \u00e0 la crise du ramassage des ordures qui empoisonne la vie des Beyrouthins depuis un mois, l\u2019\u00e9v\u00e8nement a fait siffler les oreilles de la classe dirigeante libanaise, jug\u00e9e tr\u00e8s largement corrompue et incomp\u00e9tente. Au pied des minarets \u00e9lanc\u00e9s de la mosqu\u00e9e Mohamed Al-Amin, la pancarte d\u2019un jeune manifestant \u00e0 l\u2019effigie de Mia Khalifa, une star du porno am\u00e9ricain, de nationalit\u00e9 libanaise, r\u00e9sumait l\u2019opinion g\u00e9n\u00e9rale\u00a0: <em>\u00ab\u00a0Cette petite dame fait un travail plus honorable que vous\u00a0\u00bb<\/em>, clamait l\u2019\u00e9criteau.<\/p>\n<p style=\"text-align: center;\"><strong>\u00ab\u00a0Ce sursaut citoyen donne de l\u2019espoir\u00a0\u00bb<\/strong><\/p>\n<p>La capitale du Liban n\u2019avait pas connu de rassemblement aussi important depuis la m\u00e9ga-manifestation du 14\u00a0mars 2005, au lendemain de l\u2019assassinat de Rafik Hariri, pour r\u00e9clamer le d\u00e9part des troupes d\u2019occupation syriennes. Si l\u2019affluence enregistr\u00e9e reste \u00e9videmment modeste par rapport aux centaines de milliers de Libanais qui s\u2019\u00e9taient mobilis\u00e9s en ce jour historique, la force de la manifestation de samedi tient au fait qu\u2019elle r\u00e9pondait \u00e0 un appel de la soci\u00e9t\u00e9 civile et non de partis politiques, comme c\u2019est g\u00e9n\u00e9ralement le cas au Liban.<\/p>\n<p><em>\u00ab\u00a0C\u2019est la premi\u00e8re fois depuis des d\u00e9cennies que nous descendons dans la rue, en masse et de notre propre initiative<\/em>, s\u2019enthousiasme L\u00e9a, une jeune designer graphique, aux boucles brunes. <em>Ce sursaut citoyen donne de l\u2019espoir\u00a0\u00bb<\/em>. <em>\u00ab\u00a0Toutes les confessions sont repr\u00e9sent\u00e9es, <\/em>rench\u00e9rit Hadi, un \u00e9tudiant en finances publiques,<em> alors qu\u2019en\u00a02005, pour Hariri, les chiites comme moi \u00e9taient rest\u00e9es majoritairement \u00e0 l\u2019\u00e9cart\u00a0\u00bb<\/em>.<\/p>\n<p>L\u2019autre r\u00e9ussite des organisateurs, d\u00e9cri\u00e9s par une partie de la presse, pour les violences qui ont \u00e9maill\u00e9 les pr\u00e9c\u00e9dentes manifestations, r\u00e9side dans le fait que ce nouveau rassemblement, quoique plus massif, s\u2019est d\u00e9roul\u00e9 dans le calme, hormis quelques heurts sans gravit\u00e9 \u00e0 la fin. Instruits par leurs d\u00e9boires pass\u00e9s, les militants de \u00ab\u00a0Vous puez\u00a0\u00bb avaient recrut\u00e9 500 volontaires pour assurer le service d\u2019ordre, en concertation avec la police anti-\u00e9meutes.<\/p>\n<p><em>\u00ab\u00a0On est venu parce qu\u2019on a compris que cette manifestation serait mieux organis\u00e9e\u00a0\u00bb<\/em>, raconte Alya, une \u00e9tudiante chiite, le visage voil\u00e9, qui passe en revue ses dol\u00e9ances\u00a0: <em>\u00ab\u00a0Le ch\u00f4mage, la corruption, le rationnement de l\u2019eau et de l\u2019\u00e9lectricit\u00e9, le client\u00e9lisme\u2026 La liste n\u2019en finit pas. Rendez-vous compte\u00a0: depuis la fin de la guerre civile <\/em>[en\u00a01990]<em>, nos dirigeants n\u2019ont toujours pas \u00e9t\u00e9 fichus de nous fournir 24\u00a0heures de courant chaque jour. A croire que nous habitons la Somalie.\u00a0\u00bb<\/em><\/p>\n<div class=\"grid_4 encart_retrait_gauche\" style=\"text-align: center;\"><strong><span class=\"accroche\">L\u2019abolition du confessionnalisme revient comme un leitmotiv<\/span><\/strong><\/div>\n<p>La solution selon elle\u00a0: mettre \u00e0 bas le syst\u00e8me confessionnel, h\u00e9ritage du mandat fran\u00e7ais et de l\u2019accord de paix de Ta\u00ebf, \u00e0 la fin de la guerre civile, qui r\u00e9partit les postes au sein des institutions sur une base communautaire. La principale disposition est celle qui attribue aux maronites la pr\u00e9sidence de la R\u00e9publique, aux sunnites, la fonction de premier ministre et aux chiites, la pr\u00e9sidence du Parlement. Au sein du Parlement, 50\u00a0% des si\u00e8ges sont r\u00e9serv\u00e9s aux chr\u00e9tiens et 50\u00a0% aux musulmans.<em> \u00ab\u00a0C\u2019est comme un gros gateau que nos leaders se partagent. Ca me d\u00e9go\u00fbte. Moi en tant que chiite, je veux pouvoir voter pour un chr\u00e9tien ou un sunnite s\u2019il est comp\u00e9tent. On veut un r\u00e9gime la\u00efc\u00a0\u00bb.<\/em><\/p>\n<p>Dans les propos de la plupart des manifestants, l\u2019abolition du confessionnalisme revient comme un leitmotiv. Originaires d\u2019un village chiite du sud-Liban, Hadi et ses amis, qui d\u00e9ambulent parmi la foule sur la place Riad Al-Solh, en face des bureaux du premier ministre, connaissent les travers de ce syst\u00e8me par c\u0153ur.<em> \u00ab\u00a0Les gens de notre village sont soit Hezb <\/em>[le Hezbollah dirig\u00e9 par Hassan Nasrallah]<em>,<\/em> <em>soit Harakat<\/em> [le parti Amal, de Nabih Berri]. <em>Ils suivent l\u2019un ou l\u2019autre par tradition familiale, sans discuter. Personne ne veut r\u00e9aliser qu\u2019ils se font voler par Berri.\u00a0\u00bb<\/em> Membre de cette petite bande, Hussein, 24 ans, le visage mang\u00e9 par une \u00e9norme barbe noire, s\u2019appr\u00eate \u00e0 partir \u00e0 Paris pour suivre un master en sciences optiques. <em>\u00ab\u00a0Mais je ne reviendrai pas au Liban apr\u00e8s. J\u2019irai \u00e0 Abidjan. Ici, tu ne peux simplement pas vivre. Les 128 voleurs du Parlement nous prennent tout\u00a0\u00bb<\/em>.<\/p>\n<h2 class=\"intertitre\">\u00ab\u00a0C\u2019est le royaume du piston\u00a0\u00bb<\/h2>\n<p>Dans une ruelle adjacente, \u00e0 l\u2019abri de la sono qui hurle \u00ab\u00a0Horeyya\u00a0\u00bb (Libert\u00e9) et \u00ab\u00a0Thawra\u00a0\u00bb (R\u00e9volution), un groupe de femmes fument le narguil\u00e9, attabl\u00e9es \u00e0 un caf\u00e9. Elles viennent du Kesrouan, une r\u00e9gion montagneuse au nord de Beyrouth. <em>\u00ab\u00a0Nous sommes de fi\u00e8res chr\u00e9tiennes<\/em>, dit Dolly, la quarantaine, en fuseau noir et basket. <em>Mais ce syst\u00e8me confessionnel, nous n\u2019en voulons plus. C\u2019est le royaume de la wasta<\/em> (piston)<em>. Si tu as des relations haut plac\u00e9es, tu fais ce que veux. Si tu n\u2019en as pas, tu gal\u00e8res. Pourquoi ne pas voter pour un non-chr\u00e9tien, s\u2019il est s\u00e9rieux\u00a0?\u00a0\u00bb <\/em>Son amie Jihan, le brushing impeccable, approuve. <em>\u00ab\u00a0Je n\u2019ai pas d\u2019eau, pas d\u2019\u00e9lectricit\u00e9, pas de collecte des ordures, pas de s\u00e9curit\u00e9 sociale et m\u00eame pas de mec\u00a0\u00bb<\/em>, dit-elle en d\u00e9clenchant un fou rire g\u00e9n\u00e9ral.<\/p>\n<p>En d\u00e9but de soir\u00e9e, alors que la place des Martyrs commence \u00e0 se vider, les mutins de \u00ab\u00a0Vous puez\u00a0\u00bb d\u00e9taillent leurs exigences\u00a0: d\u00e9mission du ministre de l\u2019environnement Mohammad Machnouk, transfert de la collecte des d\u00e9chets aux municipalit\u00e9s, jugement des responsables des violences du week-end dernier, dont le ministre de l\u2019int\u00e9rieur Nouhad Machnouk, et tenue d\u2019\u00e9lections l\u00e9gislatives et pr\u00e9sidentielles. <em>\u00ab\u00a0Nous donnons au gouvernement 72\u00a0heures. Mardi soir, si nos demandes ne sont pas satisfaites, nous irons vers l\u2019escalade\u00a0\u00bb<\/em>, affirme \u00e0 la foule un des organisateurs, sans dire \u00e0 quoi il fait allusion.<\/p>\n<p>Un peu plus haut, dans un caf\u00e9 d\u2019Achrafieh, le quartier chic de Beyrouth, des clients suivent les derniers feux de la manifestation sur un \u00e9cran de t\u00e9l\u00e9vision. <em>\u00ab\u00a0La plupart des chefs de partis sont en place depuis plus de trente ans, <\/em>dit un homme qui sirote un verre de martini.<em> Ce sont d\u2019anciens seigneurs de la guerre. Ils ont tu\u00e9 pour arriver l\u00e0 o\u00f9 ils sont aujourd\u2019hui. Ils ne se laisseront pas faire\u00a0\u00bb<\/em>.<\/p>\n<\/div>\n<p><a href=\"http:\/\/www.lemonde.fr\/proche-orient\/article\/2015\/08\/30\/a-beyrouth-le-reveil-citoyen_4740387_3218.html#xdqgHgWqbqm8iPw3.99\">Le Monde<\/a><\/p>\n<\/div>\n","protected":false},"excerpt":{"rendered":"<p>Par Benjamin Barthe (Beyrouth, correspondant Une mar\u00e9e de drapeaux rouge et blanc a envahi samedi 29\u00a0ao\u00fbt la place des Martyrs, dans le centre de Beyrouth. Plusieurs dizaines de milliers de Libanais, venus de tout le pays, de confessions et d\u2019origines sociales vari\u00e9es, ont cri\u00e9 leur d\u00e9go\u00fbt d\u2019un syst\u00e8me politique, tellement paralys\u00e9 et vici\u00e9 de l\u2019int\u00e9rieur,<\/p>\n","protected":false},"author":134,"featured_media":4074,"comment_status":"open","ping_status":"open","sticky":false,"template":"","format":"standard","meta":{"_uf_show_specific_survey":0,"_uf_disable_surveys":false,"footnotes":""},"categories":[22],"tags":[],"class_list":{"0":"post-4073","1":"post","2":"type-post","3":"status-publish","4":"format-standard","5":"has-post-thumbnail","7":"category-actualites-fr"},"aioseo_notices":[],"_links":{"self":[{"href":"https:\/\/middleeasttransparent.com\/fr\/wp-json\/wp\/v2\/posts\/4073","targetHints":{"allow":["GET"]}}],"collection":[{"href":"https:\/\/middleeasttransparent.com\/fr\/wp-json\/wp\/v2\/posts"}],"about":[{"href":"https:\/\/middleeasttransparent.com\/fr\/wp-json\/wp\/v2\/types\/post"}],"author":[{"embeddable":true,"href":"https:\/\/middleeasttransparent.com\/fr\/wp-json\/wp\/v2\/users\/134"}],"replies":[{"embeddable":true,"href":"https:\/\/middleeasttransparent.com\/fr\/wp-json\/wp\/v2\/comments?post=4073"}],"version-history":[{"count":0,"href":"https:\/\/middleeasttransparent.com\/fr\/wp-json\/wp\/v2\/posts\/4073\/revisions"}],"wp:featuredmedia":[{"embeddable":true,"href":"https:\/\/middleeasttransparent.com\/fr\/wp-json\/wp\/v2\/media\/4074"}],"wp:attachment":[{"href":"https:\/\/middleeasttransparent.com\/fr\/wp-json\/wp\/v2\/media?parent=4073"}],"wp:term":[{"taxonomy":"category","embeddable":true,"href":"https:\/\/middleeasttransparent.com\/fr\/wp-json\/wp\/v2\/categories?post=4073"},{"taxonomy":"post_tag","embeddable":true,"href":"https:\/\/middleeasttransparent.com\/fr\/wp-json\/wp\/v2\/tags?post=4073"}],"curies":[{"name":"wp","href":"https:\/\/api.w.org\/{rel}","templated":true}]}}