{"id":40473,"date":"2019-08-22T18:06:44","date_gmt":"2019-08-22T17:06:44","guid":{"rendered":"https:\/\/middleeasttransparent.com\/?p=40473"},"modified":"2019-08-22T18:06:44","modified_gmt":"2019-08-22T17:06:44","slug":"ne-pas-baisser-les-bras","status":"publish","type":"post","link":"https:\/\/middleeasttransparent.com\/fr\/ne-pas-baisser-les-bras\/","title":{"rendered":"Ne Pas Baisser Les Bras"},"content":{"rendered":"<header>\n<div id=\"header2\" class=\"header2-area\">\n<div id=\"sticker\" class=\"main-menu-area bg-textPrimary stick\">\n<div class=\"container\">\n<div class=\"row\">\n<div class=\"col-lg-9 col-md-9 col-sm-9\"><\/div>\n<\/div>\n<\/div>\n<\/div>\n<\/div>\n<\/header>\n<div class=\"courses-page-area5\">\n<div class=\"container\">\n<div class=\"row\">\n<div class=\"col-lg-9 col-md-9 col-sm-8 col-xs-12\">\n<div class=\"course-details-inner\">\n<div class=\"course-details-tab-area\">\n<div class=\"row\">\n<div class=\"col-lg-12 col-md-12 col-sm-12\">\n<div class=\"tab-content\">\n<div id=\"description\" class=\"tab-pane fade active in\">\n<p><strong>L\u2019\u00e9lection du pr\u00e9sident Michel Aoun \u00e0 la t\u00eate de l\u2019\u00e9tat en novembre 2016 marque le moment d\u2019une immense illusion<\/strong> des \u00e9tats g\u00e9n\u00e9raux chr\u00e9tiens en g\u00e9n\u00e9ral, et maronites en particulier de la possibilit\u00e9 de \u00ab\u00a0r\u00e9cup\u00e9rer\u00a0\u00bb ce que \u00ab\u00a0nous avions perdu\u00a0\u00bb avec les Accords de Ta\u00ebf m\u00eame s\u2019il fallait se solidariser avec des armes ill\u00e9gales \u00ab\u00a0chiites\u00a0\u00bb pour faire face \u00e0 \u00ab\u00a0l\u2019h\u00e9g\u00e9monie\u00a0\u00bb sunnite\u00a0!<\/p>\n<p>Beaucoup vivent, au milieu chr\u00e9tien, dans la nostalgie de la vieille r\u00e9publique et ne voulaient tout simplement pas renoncer aux privil\u00e8ges de leur communaut\u00e9.<\/p>\n<p>Sans pour autant prendre la peine d\u2019examiner si \u00ab\u00a0ces privil\u00e8ges\u00a0\u00bb de la premi\u00e8re r\u00e9publique \u00e9taient vraiment b\u00e9n\u00e9fiques pour eux en premi\u00e8r et pour le reste de leurs concitoyens\u00a0!<\/p>\n<p><strong>Trois ans plus tard o\u00f9 en sommes-nous\u00a0?<\/strong><\/p>\n<p>Toujours dans la lutte au pouvoir apr\u00e8s avoir reduit la politique en pouvoir et le pouvoir en communaut\u00e9s, les communaut\u00e9s en partis, les partis en individus\u00a0!<\/p>\n<p>Sur le chemin d\u2019une d\u00e9flagration en chaine qui ne finit plus.<\/p>\n<p>Il nous appartient de recr\u00e9er un \u00ab\u00a0r\u00e9cit\u00a0\u00bb politique actualis\u00e9.<\/p>\n<p><strong>Celui du pr\u00e9sident Aoun est devenu CADUC.<\/strong><\/p>\n<p><strong>Il est tomb\u00e9 \u00e0 Mirna Chalouhi suite \u00e0 l\u2019invasion du centre du CPL par des motards de \u00ab\u00a0Amal\u00a0\u00bb.<\/strong><\/p>\n<p><strong>Puis \u00e0 Qabr-Chmoun<\/strong> quand une jeune fille grande taille, ayant l\u2019assurance des gens bien n\u00e9s, a eu le courage d\u2019accueillir le pr\u00e9sident de la r\u00e9publique lui souhaitant au nom de son p\u00e8re la bienvenue et lui accorder chaleur et s\u00e9curit\u00e9\u00a0!<\/p>\n<p>Les cochers du XIX\u00e8me si\u00e8cle transform\u00e9s en taxis ont appris \u00e0 conduire des bolides, les chevaux par contre ont \u00e9t\u00e9 chass\u00e9s du march\u00e9 de travail\u00a0!<\/p>\n<p><strong>Notre r\u00e9cit est clair.<\/strong><\/p>\n<p><strong>Travailler avec ceux qui nous ressemblent pour faire du monde arabe un monde plus humain\u00a0!<\/strong><\/p>\n<p><strong>Et combattre le populisme qui ne provoque que des pertes.<\/strong><\/p>\n<p><strong>Nous en avons assez\u00a0!<\/strong><\/p>\n<p>faressouaid@hotmail.com<\/p>\n<\/div>\n<\/div>\n<\/div>\n<\/div>\n<\/div>\n<\/div>\n<\/div>\n<\/div>\n<\/div>\n<\/div>\n","protected":false},"excerpt":{"rendered":"<p>L\u2019\u00e9lection du pr\u00e9sident Michel Aoun \u00e0 la t\u00eate de l\u2019\u00e9tat en novembre 2016 marque le moment d\u2019une immense illusion des \u00e9tats g\u00e9n\u00e9raux chr\u00e9tiens en g\u00e9n\u00e9ral, et maronites en particulier de la possibilit\u00e9 de \u00ab\u00a0r\u00e9cup\u00e9rer\u00a0\u00bb ce que \u00ab\u00a0nous avions perdu\u00a0\u00bb avec les Accords de Ta\u00ebf m\u00eame s\u2019il fallait se solidariser avec des armes ill\u00e9gales \u00ab\u00a0chiites\u00a0\u00bb pour<\/p>\n","protected":false},"author":71,"featured_media":40477,"comment_status":"open","ping_status":"open","sticky":false,"template":"","format":"standard","meta":{"_uf_show_specific_survey":0,"_uf_disable_surveys":false,"footnotes":""},"categories":[37],"tags":[],"class_list":{"0":"post-40473","1":"post","2":"type-post","3":"status-publish","4":"format-standard","5":"has-post-thumbnail","7":"category-alaune-fr"},"aioseo_notices":[],"_links":{"self":[{"href":"https:\/\/middleeasttransparent.com\/fr\/wp-json\/wp\/v2\/posts\/40473","targetHints":{"allow":["GET"]}}],"collection":[{"href":"https:\/\/middleeasttransparent.com\/fr\/wp-json\/wp\/v2\/posts"}],"about":[{"href":"https:\/\/middleeasttransparent.com\/fr\/wp-json\/wp\/v2\/types\/post"}],"author":[{"embeddable":true,"href":"https:\/\/middleeasttransparent.com\/fr\/wp-json\/wp\/v2\/users\/71"}],"replies":[{"embeddable":true,"href":"https:\/\/middleeasttransparent.com\/fr\/wp-json\/wp\/v2\/comments?post=40473"}],"version-history":[{"count":0,"href":"https:\/\/middleeasttransparent.com\/fr\/wp-json\/wp\/v2\/posts\/40473\/revisions"}],"wp:featuredmedia":[{"embeddable":true,"href":"https:\/\/middleeasttransparent.com\/fr\/wp-json\/wp\/v2\/media\/40477"}],"wp:attachment":[{"href":"https:\/\/middleeasttransparent.com\/fr\/wp-json\/wp\/v2\/media?parent=40473"}],"wp:term":[{"taxonomy":"category","embeddable":true,"href":"https:\/\/middleeasttransparent.com\/fr\/wp-json\/wp\/v2\/categories?post=40473"},{"taxonomy":"post_tag","embeddable":true,"href":"https:\/\/middleeasttransparent.com\/fr\/wp-json\/wp\/v2\/tags?post=40473"}],"curies":[{"name":"wp","href":"https:\/\/api.w.org\/{rel}","templated":true}]}}