{"id":40411,"date":"2019-08-21T08:04:18","date_gmt":"2019-08-21T07:04:18","guid":{"rendered":"https:\/\/middleeasttransparent.com\/?p=40411"},"modified":"2019-08-21T08:05:56","modified_gmt":"2019-08-21T07:05:56","slug":"un-temoignage-politique-du-christianisme","status":"publish","type":"post","link":"https:\/\/middleeasttransparent.com\/fr\/un-temoignage-politique-du-christianisme\/","title":{"rendered":"Un t\u00e9moignage politique du christianisme ?"},"content":{"rendered":"<h3><span style=\"color: #0000ff;\"><strong>Le 9 ao\u00fbt dernier, dans une interview retentissante \u00e0 La Stampa, le Pape Fran\u00e7ois a d\u00e9velopp\u00e9 trois id\u00e9es fortes\u00a0: l\u2019Europe comme projet d\u2019avenir, le dialogue \u0153cum\u00e9nique \u00e0 partir des identit\u00e9s particuli\u00e8res ouvertes de chacun, et le couple populisme\/souverainisme contemporain comme \u00e9cho aux totalitarismes des ann\u00e9es 1930.<\/strong> <\/span><\/h3>\n<p>&nbsp;<\/p>\n<p>Les propos de l\u2019\u00e9v\u00eaque de Rome furent longuement comment\u00e9s \u00e0 partir de la grille de lecture italienne et des enjeux que la mont\u00e9e du populisme et l\u2019opposition \u00e0 l\u2019Europe \u00e9talent au grand jour. Ces m\u00eames propos peuvent et doivent \u00eatre compris comme un message\u00a0<em>Urbi et Orbi<\/em>\u00a0en quelque sorte. Ils concernent, non seulement l\u2019Italie et l\u2019Europe, mais \u00e9galement le monde entier. <strong>Le Proche Orient et le Liban sont particuli\u00e8rement concern\u00e9s par le populisme<\/strong> qui \u00e9tale sa nuisance redoutable et sa puissante nocivit\u00e9 en milieu chr\u00e9tien. Tout se passe comme si, en Orient, l\u2019appartenance au Christianisme consisterait \u00e0 exclure, avec haine et supr\u00e9matisme, plus particuli\u00e8rement l\u2019Arabe musulman sunnite. Nous voyons une telle logique \u00e0 l\u2019\u0153uvre dans des publications et des d\u00e9clarations qui n\u2019ont rien \u00e0 envier \u00e0 leurs \u00e9quivalents des ann\u00e9es 1930 sous le nazisme, comme le d\u00e9nonce le Pape. Les d\u00e9placements r\u00e9cents du ministre Gebran Bassil et sa capacit\u00e9 de meneur populiste \u00e0 r\u00e9veiller toutes les haines et tous les d\u00e9mons, r\u00e9els ou fantasm\u00e9s de l\u2019histoire du Liban, illustrent de mani\u00e8re caricaturale cette logique perverse.<\/p>\n<p>Mais en quoi les discours populistes et souverainistes interf\u00e8rent-ils avec la vision chr\u00e9tienne du monde pour que le chef de l\u2019Eglise catholique d\u00e9cide de les \u00e9voquer si n\u00e9gativement\u00a0? Certes, il y a l\u2019aspect moral que posent les discours condamnables de l\u2019extr\u00eame droite actuelle en Europe, et qui rappellent ceux du r\u00e9gime hitl\u00e9rien \u00e0 partir de 1934. Le Pape n\u2019est pas le seul \u00e0 craindre le pire, face \u00e0 cette mont\u00e9e aux extr\u00eames.<\/p>\n<p>Mais il y a un autre aspect, spirituel et th\u00e9ologique, celui des pr\u00e9suppos\u00e9s de ces discours. Ils v\u00e9hiculent insidieusement une certaine image du monde et de l\u2019homme ainsi qu\u2019une conception sp\u00e9cifique de la personne humaine, en totale contradiction avec l\u2019essence m\u00eame du message chr\u00e9tien. De ce point de vue, le chef de l\u2019Eglise catholique les rejette en disant sa grande peur. Sous le couvert de \u00ab\u00a0populisme\u00a0\u00bb et de \u00ab\u00a0souverainisme\u00a0\u00bb, le Pape d\u00e9nonce le mal de l\u2019Identitaire\u00a0: \u00ab\u00a0La souverainet\u00e9 est une attitude d&rsquo;isolement. Je suis inquiet parce que nous entendons des discours qui ressemblent \u00e0 ceux d&rsquo;Hitler en 1934 [\u2026] La souverainet\u00e9 doit \u00eatre d\u00e9fendue [\u2026] Le souverainisme \u2026 conduit \u00e0 des guerres\u00a0\u00bb. Parlant du populisme, il ajoute\u00a0: \u00ab\u00a0En th\u00e9ologie, j\u2019ai approfondi la popularit\u00e9 comme culture populaire. Une chose est de laisser les gens s\u2019exprimer, une autre est de leur imposer [\u2026] les populismes (qui) m\u00e8nent aux souverainismes\u00a0: ce suffixe\u00a0<em>isme<\/em>\u00a0n\u2019est jamais bon\u00a0\u00bb. Pr\u00e9cisant sa pens\u00e9e dans le rejet du souverainisme, il ajoute\u00a0: \u00ab\u00a0D\u2019abord ce Nous. Nous \u2026 nous\u00a0\u00bb.<\/p>\n<p>Il est clair que ce pape, qui sort de l\u2019ordinaire, a compris que nous sommes bel et bien prisonniers de l\u2019\u00e2ge des masses ou des foules. Au d\u00e9but du XX\u00b0s \u00ab\u00a0nous \u00e9tions certains de la victoire des masses\u00a0; \u00e0 sa fin on se retrouve enti\u00e8rement captifs des meneurs\u00a0\u00bb dit Serge Moscovici. Ceci entra\u00eene une red\u00e9finition de la personne humaine. Cette derni\u00e8re est enti\u00e8rement englob\u00e9e dans une masse homog\u00e8ne sous l\u2019\u00e9gide d\u2019un meneur qui vocif\u00e8re au nom du \u00ab\u00a0Nous\u00a0\u00bb \u00e0 la plus grande joie des individus. Nous ne sommes plus dans une dialectique de lutte des classes. Les lois, suppos\u00e9es objectives, de l\u2019\u00e9conomie et de la technique ne suffisent plus pour comprendre la marche du monde. On pensait r\u00e9volu l\u2019axiome du despotisme d\u2019un seul\u00a0: monarque, prince, guide supr\u00eame, ra\u00efs, f\u00fchrer, petit p\u00e8re, etc. Il est temps de se r\u00e9veiller des vieux sch\u00e9mas du XIX\u00b0s.<\/p>\n<p>Nous ne sommes plus sur le registre des \u00ab\u00a0classes\u00a0\u00bb sociales. Nous sommes entr\u00e9s dans la logique de la \u00ab\u00a0masse\u00a0\u00bb et de son \u00ab\u00a0meneur\u00a0\u00bb. La psychologie des foules d\u2019un Gustave Le Bon, ou les intuitions visionnaires d\u2019Alexis de Tocqueville, avaient d\u00e9j\u00e0 entrevu cela. La \u00ab\u00a0masse\u00a0\u00bb est homog\u00e8ne. Elle est compos\u00e9 d\u2019individus \u00e9gaux parce que identiques. Au sein de la masse, point d\u2019asym\u00e9trie dialectique de classe. Le populisme de masse con\u00e7oit l\u2019\u00e9galit\u00e9 comme uniformit\u00e9 identitaire en lui sacrifiant la libert\u00e9 individuelle. C\u2019est le r\u00e8gne de la pens\u00e9e unique sous l\u2019\u00e9gide d\u2019inquisiteurs et non de magistrats. Aucune diversit\u00e9 ne peut se concevoir\u00a0: la masse est un \u00ab\u00a0tout\u00a0\u00bb. Elle est souveraine, non parce que chaque individu est, par nature, lui-m\u00eame souverain mais parce que la masse poss\u00e8de une identit\u00e9 qu\u2019elle conf\u00e8re \u00e0 chacun de ce \u00ab\u00a0Nous, nous\u00a0\u00bb d\u00e9nonc\u00e9 par le Pape. \u00ab\u00a0La masse est l\u2019animal social qui a rompu sa laisse\u00a0\u00bb (Moscovici) et que plus rien en retient. Elle n\u2019est pas une communaut\u00e9 politique. Les individus qui la composent n\u2019ont pas pour r\u00e9f\u00e9rence commune la Loi ou une Constitution mais la parole proph\u00e9tique et sacr\u00e9e du meneur.<\/p>\n<p>Le monde du march\u00e9 global est un monde de masses informes qui se battent uniquement en vertu du \u00ab\u00a0Nous\u00a0\u00bb contre \u00ab\u00a0Eux\u00a0\u00bb et non en vertu de la lib\u00e9ration des peuples. Ces acteurs nouveaux s\u2019expriment par la voix de meneurs, constitu\u00e9s en r\u00e9seaux de leaders de type mafieux, et qui sont en comp\u00e9tition permanente pour le partage du pouvoir global.<\/p>\n<p>Le Liban n\u2019est qu\u2019un microcosme de cette r\u00e9alit\u00e9. Les masses s\u2019appellent confessions religieuses. Qu\u2019on ne s\u2019y trompe pas\u00a0: l\u2019assembl\u00e9e chr\u00e9tienne est une communaut\u00e9 de personnes libres et souveraines et non une masse homog\u00e8ne qui s\u00e9cr\u00e8te en permanence le meneur avec lequel elle entretient d\u2019\u00e9tranges relations sadomasochistes. C\u2019est pourquoi le populisme chr\u00e9tien libanais, et son corollaire le supr\u00e9matisme, sont fonci\u00e8rement anti-chr\u00e9tiens. C\u2019est pr\u00e9cis\u00e9ment ce qu\u2019implique leur condamnation par le Pape Fran\u00e7ois qui ne fait que confesser la foi chr\u00e9tienne en l\u2019\u00e9minente dignit\u00e9 de la personne humaine et non dans les \u00ab\u00a0Nous\u00a0\u00bb des masses informes et \u00e9ph\u00e9m\u00e8res.<\/p>\n<p>acourban@gmail.com<\/p>\n<p>*Beyrouth<\/p>\n","protected":false},"excerpt":{"rendered":"<p>Le 9 ao\u00fbt dernier, dans une interview retentissante \u00e0 La Stampa, le Pape Fran\u00e7ois a d\u00e9velopp\u00e9 trois id\u00e9es fortes\u00a0: l\u2019Europe comme projet d\u2019avenir, le dialogue \u0153cum\u00e9nique \u00e0 partir des identit\u00e9s particuli\u00e8res ouvertes de chacun, et le couple populisme\/souverainisme contemporain comme \u00e9cho aux totalitarismes des ann\u00e9es 1930. &nbsp; Les propos de l\u2019\u00e9v\u00eaque de Rome furent longuement<\/p>\n","protected":false},"author":33,"featured_media":40413,"comment_status":"open","ping_status":"open","sticky":false,"template":"","format":"standard","meta":{"_uf_show_specific_survey":0,"_uf_disable_surveys":false,"footnotes":""},"categories":[37],"tags":[],"class_list":{"0":"post-40411","1":"post","2":"type-post","3":"status-publish","4":"format-standard","5":"has-post-thumbnail","7":"category-alaune-fr"},"aioseo_notices":[],"_links":{"self":[{"href":"https:\/\/middleeasttransparent.com\/fr\/wp-json\/wp\/v2\/posts\/40411","targetHints":{"allow":["GET"]}}],"collection":[{"href":"https:\/\/middleeasttransparent.com\/fr\/wp-json\/wp\/v2\/posts"}],"about":[{"href":"https:\/\/middleeasttransparent.com\/fr\/wp-json\/wp\/v2\/types\/post"}],"author":[{"embeddable":true,"href":"https:\/\/middleeasttransparent.com\/fr\/wp-json\/wp\/v2\/users\/33"}],"replies":[{"embeddable":true,"href":"https:\/\/middleeasttransparent.com\/fr\/wp-json\/wp\/v2\/comments?post=40411"}],"version-history":[{"count":0,"href":"https:\/\/middleeasttransparent.com\/fr\/wp-json\/wp\/v2\/posts\/40411\/revisions"}],"wp:featuredmedia":[{"embeddable":true,"href":"https:\/\/middleeasttransparent.com\/fr\/wp-json\/wp\/v2\/media\/40413"}],"wp:attachment":[{"href":"https:\/\/middleeasttransparent.com\/fr\/wp-json\/wp\/v2\/media?parent=40411"}],"wp:term":[{"taxonomy":"category","embeddable":true,"href":"https:\/\/middleeasttransparent.com\/fr\/wp-json\/wp\/v2\/categories?post=40411"},{"taxonomy":"post_tag","embeddable":true,"href":"https:\/\/middleeasttransparent.com\/fr\/wp-json\/wp\/v2\/tags?post=40411"}],"curies":[{"name":"wp","href":"https:\/\/api.w.org\/{rel}","templated":true}]}}