{"id":3999,"date":"2015-08-28T14:58:08","date_gmt":"2015-08-28T13:58:08","guid":{"rendered":"http:\/\/middleeasttransparent.com\/news\/?p=3999"},"modified":"2015-08-28T14:58:08","modified_gmt":"2015-08-28T13:58:08","slug":"en-libye-nous-affrontons-daech-avec-des-moyens-militaires-obsoletes","status":"publish","type":"post","link":"https:\/\/middleeasttransparent.com\/fr\/en-libye-nous-affrontons-daech-avec-des-moyens-militaires-obsoletes\/","title":{"rendered":"En Libye, \u00ab nous affrontons Daech avec des moyens militaires obsol\u00e8tes \u00bb"},"content":{"rendered":"<div class=\"copy-paste-block\">\n<p>Propos recueillis par <a class=\"auteur\" href=\"http:\/\/www.lemonde.fr\/journaliste\/charlotte-bozonnet\/\" target=\"_blank\">Charlotte Bozonnet<\/a><\/p>\n<p>&nbsp;<\/p>\n<div class=\"copy-paste-block\">\n<div id=\"habillagepub\">\n<div class=\"page-container\">\n<div class=\"page-content page-article\">\n<article>\n<div class=\"content-article-body contenu_article\">\n<p>Mohamed Dayri est le ministre libyen des affaires \u00e9trang\u00e8res du gouvernement de Tobrouk-Ba\u00efda, reconnu par la communaut\u00e9 internationale. En visite \u00e0 Londres puis \u00e0 Paris, mardi 25\u00a0ao\u00fbt, o\u00f9 il a rencontr\u00e9 Laurent Fabius, le responsable a plaid\u00e9 pour une aide militaire \u00e0 la Libye afin de contrer la progression du groupe Etat islamique (EI), alors que les n\u00e9gociations, conduites par l\u2019ONU, pour la formation d\u2019un gouvernement libyen d\u2019union nationale entre les camps rivaux de Tobrouk et Tripoli, n\u2019ont toujours pas abouti.<\/p>\n<p class=\"question\"><strong>Quel est l\u2019objet de votre visite \u00e0 Londres et \u00e0 Paris\u00a0?<\/strong><\/p>\n<p>Il s\u2019agit d\u2019\u00e9veiller davantage les consciences sur ce qui se passe en Libye. Les m\u00e9dias mettent l\u2019accent sur les m\u00e9faits du terrorisme par rapport aux ressortissants \u00e9trangers \u2013 Egyptiens, Erythr\u00e9ens, Ethiopiens \u2013 qui ont \u00e9t\u00e9 assassin\u00e9s par Daech <em>[acronyme arabe de l\u2019EI]<\/em> en Libye. Mais on oublie que le 20\u00a0f\u00e9vrier, il y a eu plus de quarante morts \u00e0 Kouba, une ville \u00e0 30\u00a0km de Ba\u00efda, le si\u00e8ge du gouvernement. R\u00e9cemment, il y a eu les violences de Syrte et leur cort\u00e8ge d\u2019horreurs\u00a0: crucifixions, exhumations de cadavres, d\u00e9capitations\u2026 Depuis mon premier voyage en Europe en octobre\u00a02014, je n\u2019ai cess\u00e9 de rappeler \u00e0 la communaut\u00e9 internationale les dangers grandissants que repr\u00e9sentent Daech et les groupes terroristes.<\/p>\n<p class=\"question\"><strong>Qu\u2019avez-vous demand\u00e9 concr\u00e8tement \u00e0 M. Fabius\u00a0?<\/strong><\/p>\n<p>La communaut\u00e9 internationale, en adoptant la r\u00e9solution 2214 <em>[qui pr\u00e9voit une aide militaire \u00e0 la Libye pour lutter contre le terrorisme],<\/em> a pos\u00e9 une condition pr\u00e9alable\u00a0: la formation d\u2019un gouvernement d\u2019union nationale. La Chambre des repr\u00e9sentants<em> [le Parlement reconnu par la communaut\u00e9 internationale, bas\u00e9 \u00e0 Tobrouk]<\/em>, qui repr\u00e9sente le camp de la l\u00e9gitimit\u00e9, a toujours r\u00e9pondu pr\u00e9sent pour ces n\u00e9gociations. Parvenir \u00e0 un tel accord est une priorit\u00e9 nationale avant d\u2019\u00eatre une exigence internationale. Nous avons paraph\u00e9 le 11\u00a0juillet l\u2019accord pr\u00e9par\u00e9 par les Nations unies. Mais il y a en face des gens qui boycottent ces travaux et ont des r\u00e9serves. Or nous sommes \u00e0 un moment de v\u00e9rit\u00e9\u00a0: le 21\u00a0octobre, le mandat de l\u2019actuelle Chambre des repr\u00e9sentants prendra fin. Il faudrait que la communaut\u00e9 internationale exerce les pressions ad\u00e9quates afin que le processus aboutisse.<\/p>\n<p class=\"question\"><strong>Quel type de pressions\u00a0?<\/strong><\/p>\n<p>Des pressions directes, mais aussi \u00e0 travers des contacts avec des puissances r\u00e9gionales qui ont pignon sur rue \u00e0 Tripoli et peuvent pousser ces Libyens r\u00e9calcitrants \u00e0 signer un accord national.<\/p>\n<p>En attendant, il faudrait aussi soutenir les efforts que nous menons pour nous d\u00e9fendre. La communaut\u00e9 internationale refuse de lever les restrictions qui sont impos\u00e9es aux livraisons d\u2019armes \u00e0 la Libye, avant qu\u2019un gouvernement d\u2019union nationale n\u2019ait abouti, mais le temps presse. Nous avons besoin d\u2019\u00eatre aid\u00e9s avant que la pr\u00e9sence de Daech ne soit encore plus importante. Nous ne demandons pas une intervention militaire mais du mat\u00e9riel, de l\u2019aide logistique. Nous sommes en train d\u2019affronter Daech avec des moyens militaires obsol\u00e8tes.<\/p>\n<figure class=\"illustration_haut\" data-toggle=\"popover\" data-target=\"this\"><img decoding=\"async\" class=\"lazy-retina\" title=\"ABDULLAH DOMA \/ AFP\" src=\"http:\/\/s2.lemde.fr\/image2x\/2015\/08\/27\/768x0\/4738660_6_5387_des-militaires-libyens-loyaux-au-gouvernement_f87426b3fcc6dac9cf9f48f66f82ced3.jpg\" alt=\"Des militaires libyens loyaux au gouvernement de Tobrouk-Ba\u00efda, le 14 ao\u00fbt \u00e0 Benghazi.\" width=\"768\" data-hd-src=\"http:\/\/s2.lemde.fr\/image2x\/2015\/08\/27\/768x0\/4738660_6_5387_des-militaires-libyens-loyaux-au-gouvernement_f87426b3fcc6dac9cf9f48f66f82ced3.jpg\" data-no-hd-src=\"http:\/\/s2.lemde.fr\/image\/2015\/08\/27\/768x0\/4738660_6_5387_des-militaires-libyens-loyaux-au-gouvernement_f87426b3fcc6dac9cf9f48f66f82ced3.jpg\" data-lazyload=\"false\" \/><\/figure>\n<p class=\"question\"><strong>Qui est aujourd\u2019hui votre ennemi en Libye\u00a0?<\/strong><\/p>\n<p>Daech et les groupes terroristes qui y sont affili\u00e9s.<\/p>\n<p class=\"question\"><strong>Ce n\u2019est plus le camp adverse de Tripoli\u00a0?<\/strong><\/p>\n<p>Nous avons eu une guerre civile pendant un an. <em>[Les membres de ce camp]<\/em> ne sont pas nos ennemis mais nos adversaires politiques, avec lesquels nous voudrions reb\u00e2tir la Libye sur des bases nouvelles\u00a0: un Etat de droit qui respecte les droits de l\u2019homme, une justice ind\u00e9pendante, une arm\u00e9e, une police.<\/p>\n<p><strong>Quelle est l\u2019ampleur de la pr\u00e9sence de l\u2019Etat islamique\u00a0?<\/strong><\/p>\n<p>Il y a eu par le pass\u00e9 des d\u00e9clarations publiques d\u2019Al-Bagdadi<em> [le \u00ab\u00a0calife\u00a0\u00bb autoproclam\u00e9 de l\u2019EI]<\/em>lui-m\u00eame selon lesquelles l\u2019EI consid\u00e8re la Libye comme un sanctuaire, une base arri\u00e8re. Il y a deux jours, l\u2019EI en Irak a lanc\u00e9 un appel \u00e0 aller grossir ses rangs en Libye. La situation est gravissime. Il est temps que la communaut\u00e9 internationale nous aide.<\/p>\n<\/div>\n<\/article>\n<\/div>\n<\/div>\n<\/div>\n<p><a href=\"http:\/\/www.lemonde.fr\/afrique\/article\/2015\/08\/27\/en-libye-nous-affrontons-daech-avec-des-moyens-militaires-obsoletes_4738662_3212.html#YcJEOO3F0qK6sGTi.99\">LE MONDE <\/a><\/p>\n<\/div>\n<\/div>\n","protected":false},"excerpt":{"rendered":"<p>Propos recueillis par Charlotte Bozonnet &nbsp; Mohamed Dayri est le ministre libyen des affaires \u00e9trang\u00e8res du gouvernement de Tobrouk-Ba\u00efda, reconnu par la communaut\u00e9 internationale. En visite \u00e0 Londres puis \u00e0 Paris, mardi 25\u00a0ao\u00fbt, o\u00f9 il a rencontr\u00e9 Laurent Fabius, le responsable a plaid\u00e9 pour une aide militaire \u00e0 la Libye afin de contrer la progression<\/p>\n","protected":false},"author":134,"featured_media":4003,"comment_status":"open","ping_status":"open","sticky":false,"template":"","format":"standard","meta":{"_uf_show_specific_survey":0,"_uf_disable_surveys":false,"footnotes":""},"categories":[22],"tags":[],"class_list":{"0":"post-3999","1":"post","2":"type-post","3":"status-publish","4":"format-standard","5":"has-post-thumbnail","7":"category-actualites-fr"},"aioseo_notices":[],"_links":{"self":[{"href":"https:\/\/middleeasttransparent.com\/fr\/wp-json\/wp\/v2\/posts\/3999","targetHints":{"allow":["GET"]}}],"collection":[{"href":"https:\/\/middleeasttransparent.com\/fr\/wp-json\/wp\/v2\/posts"}],"about":[{"href":"https:\/\/middleeasttransparent.com\/fr\/wp-json\/wp\/v2\/types\/post"}],"author":[{"embeddable":true,"href":"https:\/\/middleeasttransparent.com\/fr\/wp-json\/wp\/v2\/users\/134"}],"replies":[{"embeddable":true,"href":"https:\/\/middleeasttransparent.com\/fr\/wp-json\/wp\/v2\/comments?post=3999"}],"version-history":[{"count":0,"href":"https:\/\/middleeasttransparent.com\/fr\/wp-json\/wp\/v2\/posts\/3999\/revisions"}],"wp:featuredmedia":[{"embeddable":true,"href":"https:\/\/middleeasttransparent.com\/fr\/wp-json\/wp\/v2\/media\/4003"}],"wp:attachment":[{"href":"https:\/\/middleeasttransparent.com\/fr\/wp-json\/wp\/v2\/media?parent=3999"}],"wp:term":[{"taxonomy":"category","embeddable":true,"href":"https:\/\/middleeasttransparent.com\/fr\/wp-json\/wp\/v2\/categories?post=3999"},{"taxonomy":"post_tag","embeddable":true,"href":"https:\/\/middleeasttransparent.com\/fr\/wp-json\/wp\/v2\/tags?post=3999"}],"curies":[{"name":"wp","href":"https:\/\/api.w.org\/{rel}","templated":true}]}}