{"id":39946,"date":"2019-07-22T12:16:43","date_gmt":"2019-07-22T11:16:43","guid":{"rendered":"https:\/\/middleeasttransparent.com\/?p=39946"},"modified":"2019-07-22T12:22:13","modified_gmt":"2019-07-22T11:22:13","slug":"souhaid-denonce-les-dangers-dune-course-presidentielle-avant-lheure","status":"publish","type":"post","link":"https:\/\/middleeasttransparent.com\/fr\/souhaid-denonce-les-dangers-dune-course-presidentielle-avant-lheure\/","title":{"rendered":"Souhaid d\u00e9nonce les dangers d\u2019une \u00ab\u00a0course pr\u00e9sidentielle avant l\u2019heure\u00a0\u00bb"},"content":{"rendered":"<div class=\"photosGallery single\">Le pr\u00e9sident du Rassemblement de <em>Saydet el-Jabal<\/em>, l\u2019ancien d\u00e9put\u00e9 Far\u00e8s Souhaid, a d\u00e9nonc\u00e9 hier \u00e0 <a href=\"https:\/\/www.lorientlejour.com\/article\/1179813\/souhaid-denonce-les-dangers-dune-course-presidentielle-avant-lheure-.html\">L\u2019Orient-Le Jour<\/a> les dangers d\u2019une \u00ab\u00a0course pr\u00e9sidentielle avant l\u2019heure\u00a0\u00bb, qui se traduirait sur le terrain par des campagnes politiques men\u00e9es par certaines parties aussi bien <strong>contre le commandant en chef de l\u2019arm\u00e9e, le g\u00e9n\u00e9ral Joseph Aoun, que contre le gouverneur de la Banque du Liban, Riad Salam\u00e9.<\/strong> \u00ab\u00a0Je ne connais pas le commandant en chef de l\u2019arm\u00e9e et j\u2019ai une relation normale avec le gouverneur de la BDL. La campagne contre les deux hommes n\u2019est pas innocente\u00a0\u00bb, avait \u00e9crit hier soir M. Souhaid sur son compte Twitter.<\/div>\n<div class=\"text\" data-charcount=\"3418\">\n<p>\u00ab Ils font assumer \u00e0 l\u2019arm\u00e9e la responsabilit\u00e9 de la s\u00e9curit\u00e9 en pr\u00e9sence d\u2019une autre arm\u00e9e, et \u00e0 la Banque du Liban la responsabilit\u00e9 de l\u2019\u00e9conomie \u00e0 l\u2019ombre d\u2019une d\u00e9ficience de la part du gouvernement et du Parlement \u00bb, avait-il ajout\u00e9.<\/p>\n<p>M. Souhaid faisait allusion aux campagnes qui seraient men\u00e9es en coulisses par le chef du Courant patriotique libre, <strong>Gebran Bassil<\/strong>, contre le g\u00e9n\u00e9ral Joseph Aoun, ainsi qu\u2019aux attaques contre Riad Salam\u00e9 men\u00e9es depuis le Parlement la semaine derni\u00e8re par le d\u00e9put\u00e9 <strong>Georges Adwan (FL)<\/strong>, mais aussi par \u00ab\u00a0au moins deux d\u00e9put\u00e9s du <strong>Hezbollah<\/strong>\u00a0\u00bb.<\/p>\n<p>Le tweet de M. Souhaid serait une r\u00e9action au fait que M. Adwan a r\u00e9it\u00e9r\u00e9 hier ses attaques contre M. Salam\u00e9 lors d\u2019un entretien accord\u00e9 \u00e0 la cha\u00eene MTV.<\/p>\n<p>Auparavant, Far\u00e8s Souhaid avait indiqu\u00e9 sur Twitter que \u00ab\u00a0la d\u00e9cision du roi Salmane d\u2019Arabie de recevoir les forces am\u00e9ricaines au royaume est tr\u00e8s importante\u00a0\u00bb et qu\u2019\u00ab\u00a0il pourrait m\u00eame s\u2019agir d\u2019un \u00e9v\u00e9nement historique\u00a0\u00bb.<\/p>\n<p>\u00ab\u00a0L\u2019alliance saoudo-am\u00e9ricaine a fait face \u00e0 l\u2019invasion du Kowe\u00eft en 1991. Nous sommes aujourd\u2019hui face \u00e0 un tournant qui n\u2019est pas moins important. Ce qu\u2019on peut dire de l\u2019Arabie aujourd\u2019hui c\u2019est qu\u2019\u00e0 ses yeux il n\u2019y a pas de place pour le gris \u00e0 l\u2019heure actuelle\u00a0\u00bb, a-t-il poursuivi.<\/p>\n<p>\u00ab\u00a0L\u2019Iran \u00e9touffe du fait des sanctions am\u00e9ricaines devant le monde entier qui ne fait rien pour lui venir en aide, alors que T\u00e9h\u00e9ran a pari\u00e9 sur l\u2019Europe, la Russie et la Chine. Pour sortir de ces atermoiements meurtriers, il a cr\u00e9\u00e9 une crise au niveau de la navigation p\u00e9troli\u00e8re en pensant que cela provoquerait une dynamique en faveur d\u2019une solution mondiale \u00e0 m\u00eame de lui trouver des portes de sortie de crise, mais il semble que le monde ait le souffle plus long\u00a0\u00bb, a ajout\u00e9 M. Souhaid.<\/p>\n<p><strong>\u00ab\u00a0\u00c0 l\u2019ombre des d\u00e9veloppements dangereux dans la r\u00e9gion, certains au Liban parient sur la chute de l\u2019accord de Ta\u00ebf et des engagements politiques et financiers du Liban vis-\u00e0-vis du monde<\/strong>. Plus simplement, ils veulent extirper le Liban de l\u2019espace arabe et international et le pousser \u00e0 quitter le syst\u00e8me d\u2019int\u00e9r\u00eats arabe et international <strong>pour qu\u2019il aille sa vautrer du c\u00f4t\u00e9 de l\u2019Iran<\/strong>, c\u2019est-\u00e0-dire dans l\u2019inconnu\u00a0\u00bb, a-t-il conclu.<\/p>\n<section class=\"alauneArticles\"><\/section>\n<\/div>\n","protected":false},"excerpt":{"rendered":"<p>Le pr\u00e9sident du Rassemblement de Saydet el-Jabal, l\u2019ancien d\u00e9put\u00e9 Far\u00e8s Souhaid, a d\u00e9nonc\u00e9 hier \u00e0 L\u2019Orient-Le Jour les dangers d\u2019une \u00ab\u00a0course pr\u00e9sidentielle avant l\u2019heure\u00a0\u00bb, qui se traduirait sur le terrain par des campagnes politiques men\u00e9es par certaines parties aussi bien contre le commandant en chef de l\u2019arm\u00e9e, le g\u00e9n\u00e9ral Joseph Aoun, que contre le gouverneur<\/p>\n","protected":false},"author":48,"featured_media":39951,"comment_status":"open","ping_status":"open","sticky":false,"template":"","format":"standard","meta":{"_uf_show_specific_survey":0,"_uf_disable_surveys":false,"footnotes":""},"categories":[37],"tags":[],"class_list":{"0":"post-39946","1":"post","2":"type-post","3":"status-publish","4":"format-standard","5":"has-post-thumbnail","7":"category-alaune-fr"},"aioseo_notices":[],"_links":{"self":[{"href":"https:\/\/middleeasttransparent.com\/fr\/wp-json\/wp\/v2\/posts\/39946","targetHints":{"allow":["GET"]}}],"collection":[{"href":"https:\/\/middleeasttransparent.com\/fr\/wp-json\/wp\/v2\/posts"}],"about":[{"href":"https:\/\/middleeasttransparent.com\/fr\/wp-json\/wp\/v2\/types\/post"}],"author":[{"embeddable":true,"href":"https:\/\/middleeasttransparent.com\/fr\/wp-json\/wp\/v2\/users\/48"}],"replies":[{"embeddable":true,"href":"https:\/\/middleeasttransparent.com\/fr\/wp-json\/wp\/v2\/comments?post=39946"}],"version-history":[{"count":0,"href":"https:\/\/middleeasttransparent.com\/fr\/wp-json\/wp\/v2\/posts\/39946\/revisions"}],"wp:featuredmedia":[{"embeddable":true,"href":"https:\/\/middleeasttransparent.com\/fr\/wp-json\/wp\/v2\/media\/39951"}],"wp:attachment":[{"href":"https:\/\/middleeasttransparent.com\/fr\/wp-json\/wp\/v2\/media?parent=39946"}],"wp:term":[{"taxonomy":"category","embeddable":true,"href":"https:\/\/middleeasttransparent.com\/fr\/wp-json\/wp\/v2\/categories?post=39946"},{"taxonomy":"post_tag","embeddable":true,"href":"https:\/\/middleeasttransparent.com\/fr\/wp-json\/wp\/v2\/tags?post=39946"}],"curies":[{"name":"wp","href":"https:\/\/api.w.org\/{rel}","templated":true}]}}