{"id":3883,"date":"2015-08-24T21:12:20","date_gmt":"2015-08-24T20:12:20","guid":{"rendered":"http:\/\/middleeasttransparent.com\/news\/?p=3883"},"modified":"2024-10-08T21:23:40","modified_gmt":"2024-10-08T20:23:40","slug":"3883-2","status":"publish","type":"post","link":"https:\/\/middleeasttransparent.com\/fr\/3883-2\/","title":{"rendered":"Riyad se rapproche des Fr\u00e8res musulmans"},"content":{"rendered":"<h2>\u00a0<span class=\"signature_article\">Par <span class=\"auteur txt2_120\"> <a class=\"auteur\" href=\"http:\/\/www.lemonde.fr\/journaliste\/benjamin-barthe\/\" target=\"_blank\" rel=\"noopener\">Benjamin Barthe<\/a> (Beyrouth, correspondant) <\/span><\/span><\/h2>\n<p>Venant soixante-douze heures apr\u00e8s la signature de l\u2019accord sur le nucl\u00e9aire iranien, la visite n\u2019\u00e9tait pas pass\u00e9e inaper\u00e7ue. Le 16\u00a0juillet, Khaled Mechaal, le chef du bureau politique du Hamas, avait \u00e9t\u00e9 re\u00e7u par le roi Salman d\u2019Arabie saoudite, en marge d\u2019un p\u00e8lerinage \u00e0 La Mecque. A cette occasion, le chef de file du mouvement islamiste palestinien, issu des Fr\u00e8res musulmans \u00e9gyptiens, s\u2019\u00e9tait aussi entretenu avec les deux hommes de confiance du souverain, son fils Mohamed ben Salman, ministre de la D\u00e9fense, et son neveu, Mohamed ben Nayef, ministre de l\u2019Int\u00e9rieur.<\/p>\n<p class=\"lead\"><strong>Large front sunnite<\/strong><\/p>\n<p>L\u2019honneur fait \u00e0 Khaled Mechaal, persona non grata dans le royaume depuis trois ans, a mat\u00e9rialis\u00e9 un tournant diplomatique en germe depuis l\u2019av\u00e8nement de Salman au pouvoir, en janvier: le rapprochement de l\u2019Arabie saoudite avec la mouvance des Fr\u00e8res musulmans. Pour former le front sunnite le plus large possible face \u00e0 l\u2019Iran, son rival pour la supr\u00e9matie r\u00e9gionale, confort\u00e9 par l\u2019accord de Gen\u00e8ve, et pour \u00e9tablir le cordon sanitaire le plus herm\u00e9tique possible face \u00e0 l\u2019Etat islamique (EI), son autre hantise du moment, Riyad a besoin de la confr\u00e9rie.<\/p>\n<p>\u00abLa diplomatie saoudienne a deux objectifs: stabiliser le Proche-Orient et le purger de toute ing\u00e9rence iranienne, expose Jamal Khashoggi, commentateur politique averti du royaume. La normalisation avec les Fr\u00e8res musulmans participe de cette strat\u00e9gie. En Syrie, au Y\u00e9men, en Palestine, ils sont influents. Si nous voulons avoir un impact r\u00e9gional, nous ne pouvons pas les ignorer. Nous sommes juste r\u00e9alistes.\u00bb<\/p>\n<p>Les relations entre la p\u00e9tromonarchie et le mouvement islamiste, en dents de scie depuis plus d\u2019un demi-si\u00e8cle, s\u2019\u00e9taient brutalement d\u00e9t\u00e9rior\u00e9es en 2011 lorsque les soul\u00e8vements arabes avaient paru profiter aux Fr\u00e8res, vainqueurs des \u00e9lections en Egypte et en Tunisie. Pendant quelques mois, la monarchie wahhabite, gardienne autoproclam\u00e9e de l\u2019orthodoxie sunnite, a assist\u00e9 \u00e0 l\u2019ascension d\u2019un mouvement qui se r\u00e9clame non seulement du Coran, comme elle, mais aussi des urnes et de la rue. Une \u00e9volution intol\u00e9rable pour la maison des Saoud, une dynastie de droit divin, qui a toujours refus\u00e9 la mise en place d\u2019une monarchie constitutionnelle. Enfin, la proximit\u00e9 entre la confr\u00e9rie et le Qatar, petit royaume gazier \u00e0 la diplomatie ambitieuse, n\u2019a pas manqu\u00e9 d\u2019agacer Riyad.<\/p>\n<p>Le putsch du g\u00e9n\u00e9ral \u00e9gyptien Abdel Fattah al-Sissi, en juillet 2013, contre Mohamed Morsi, le pr\u00e9sident issu de la confr\u00e9rie, initiateur \u2013 h\u00e9r\u00e9sie supr\u00eame \u2013 d\u2019un rapprochement avec l\u2019Iran, ouvrit les vannes d\u2019une r\u00e9pression anti-Fr\u00e8res \u00e0 l\u2019\u00e9chelle r\u00e9gionale. L\u2019Arabie saoudite y participa, en pla\u00e7ant le groupe, en mars 2014, sur sa liste des organisations terroristes, au m\u00eame titre que l\u2019EI. Cette offensive se doubla d\u2019une campagne de pressions tr\u00e8s intenses sur le Qatar, somm\u00e9 par ses voisins saoudiens et \u00e9miratis de rompre avec eux.<\/p>\n<p>Cette phase est termin\u00e9e. Embastill\u00e9s en Egypte, enlis\u00e9s en Syrie, en retrait en Tunisie, o\u00f9 ils ont perdu les \u00e9lections en 2014, les Fr\u00e8res font beaucoup moins figure d\u2019\u00e9pouvantail. Le roi Salman partage d\u2019autant moins l\u2019allergie anti-islamistes de son pr\u00e9d\u00e9cesseur, Abdallah, que Mohamed ben Nayef, son ministre de l\u2019Int\u00e9rieur, est dans les meilleurs termes avec l\u2019\u00e9mir Tamim du Qatar.<\/p>\n<p>Le signal de la d\u00e9tente avait \u00e9t\u00e9 donn\u00e9 d\u00e8s f\u00e9vrier, par le d\u00e9funt Saoud al-Fay\u00e7al, alors ministre des Affaires \u00e9trang\u00e8res. \u00abL\u2019Arabie saoudite n\u2019a pas de probl\u00e8me avec les Fr\u00e8res musulmans, son probl\u00e8me est seulement avec ceux qui suivent le guide supr\u00eame\u00bb, avait-il d\u00e9clar\u00e9, \u00e0 la surprise g\u00e9n\u00e9rale. La formule introduit une distinction entre la maison m\u00e8re \u00e9gyptienne, dirig\u00e9e par Mohamed Badie, le guide supr\u00eame des Fr\u00e8res musulmans, actuellement en prison, et ses autres branches. Si le retour en gr\u00e2ce de la premi\u00e8re reste difficile, Riyad se refusant \u00e0 brusquer son alli\u00e9 Abdel Fattah al-Sissi, la r\u00e9habilitation des secondes est en cours.<\/p>\n<p class=\"lead\"><strong>Reconqu\u00eate du Y\u00e9men<\/strong><\/p>\n<p>\u00abAvec le Hamas, ce processus n\u2019en est qu\u2019\u00e0 ses d\u00e9buts\u00bb, pr\u00e9cise Jamal Khashoggi. Ses dirigeants planchent sur un nouveau voyage dans le royaume, apr\u00e8s l\u2019A\u00efd el-K\u00e9bir, fin septembre. Pour s\u2019attirer les bonnes gr\u00e2ces de Riyad, Moussa Abou Marzouk, le num\u00e9ro deux du mouvement, a admis pour la premi\u00e8re fois, fin juillet, que l\u2019Iran avait cess\u00e9 son aide, notamment militaire, aux islamistes palestiniens. Une r\u00e9action de T\u00e9h\u00e9ran \u00e0 la rupture entre le Hamas et le r\u00e9gime syrien, qui avait longtemps h\u00e9berg\u00e9 Khaled Mechaal \u2013 jusqu\u2019\u00e0 ce que celui-ci ne parte pour Doha, en 2012 \u2013, et au soutien que son mouvement a apport\u00e9 \u00e0 l\u2019offensive saoudienne au Y\u00e9men, contre les milices houthistes pro-iraniennes. En \u00e9change du pardon des offenses, il est probable que Riyad exigera de ses interlocuteurs palestiniens non seulement des gestes de r\u00e9conciliation avec le Fatah, le parti du pr\u00e9sident Mahmoud Abbas, mais aussi la garantie que ses \u00e9ventuels subsides ne profiteront pas aux brigades Ezzedine al-Qassam, l\u2019aile militaire du mouvement.<\/p>\n<p>Outre Mechaal, Rached Ghannouchi, le chef d\u2019Ennahda, la version tunisienne des Fr\u00e8res, Hammam Sa\u00efd, un cadre de la filiale jordanienne, et Abdel Majed al-Zindani, un responsable d\u2019Islah, la branche y\u00e9m\u00e9nite, ont \u00e9t\u00e9 accueillis dans le royaume ces derni\u00e8res semaines. A Aden, t\u00eate de pont de la \u00abreconqu\u00eate\u00bb du Y\u00e9men, enclench\u00e9e depuis juillet, l\u2019Arabie saoudite a donn\u00e9 son aval \u00e0 la nomination, comme gouverneur, d\u2019une figure pro-Islah, Nayef al-Bakri.<\/p>\n<p>\u00abAu Y\u00e9men, les Fr\u00e8res sont tr\u00e8s puissants \u00e0 Mareb [\u00e0 l\u2019est de Sanaa], une ville d\u2019o\u00f9 pourrait \u00eatre lanc\u00e9e une offensive terrestre en direction de la capitale\u00bb, calcule Jamal Khashoggi. Nouveau th\u00e9\u00e2tre de l\u2019affrontement indirect entre Riyad et T\u00e9h\u00e9ran, le Y\u00e9men sera un terrain test du partenariat, encore embryonnaire, entre le royaume et les Fr\u00e8res musulmans. Pour ce courant islamiste mod\u00e9r\u00e9, discr\u00e9dit\u00e9 par le fiasco de l\u2019\u00e9pisode Morsi et lamin\u00e9 par deux ans de r\u00e9pression tous azimuts, c\u2019est l\u2019occasion inesp\u00e9r\u00e9e de redresser la t\u00eate.<\/p>\n<p>LE MONDE<\/p>\n<p>http:\/\/app.letemps.ch\/Facet\/folder\/Uuid\/9e279896-4a7f-11e5-81d9-3af08ac280c8\/Riyad_se_rapproche_des_Fr%C3%A8res_musulmans<\/p>\n","protected":false},"excerpt":{"rendered":"<p>\u00a0Par Benjamin Barthe (Beyrouth, correspondant) Venant soixante-douze heures apr\u00e8s la signature de l\u2019accord sur le nucl\u00e9aire iranien, la visite n\u2019\u00e9tait pas pass\u00e9e inaper\u00e7ue. Le 16\u00a0juillet, Khaled Mechaal, le chef du bureau politique du Hamas, avait \u00e9t\u00e9 re\u00e7u par le roi Salman d\u2019Arabie saoudite, en marge d\u2019un p\u00e8lerinage \u00e0 La Mecque. A cette occasion, le chef<\/p>\n","protected":false},"author":134,"featured_media":3897,"comment_status":"open","ping_status":"open","sticky":false,"template":"","format":"standard","meta":{"_uf_show_specific_survey":0,"_uf_disable_surveys":false,"footnotes":""},"categories":[22],"tags":[],"class_list":{"0":"post-3883","1":"post","2":"type-post","3":"status-publish","4":"format-standard","5":"has-post-thumbnail","7":"category-actualites-fr"},"aioseo_notices":[],"_links":{"self":[{"href":"https:\/\/middleeasttransparent.com\/fr\/wp-json\/wp\/v2\/posts\/3883","targetHints":{"allow":["GET"]}}],"collection":[{"href":"https:\/\/middleeasttransparent.com\/fr\/wp-json\/wp\/v2\/posts"}],"about":[{"href":"https:\/\/middleeasttransparent.com\/fr\/wp-json\/wp\/v2\/types\/post"}],"author":[{"embeddable":true,"href":"https:\/\/middleeasttransparent.com\/fr\/wp-json\/wp\/v2\/users\/134"}],"replies":[{"embeddable":true,"href":"https:\/\/middleeasttransparent.com\/fr\/wp-json\/wp\/v2\/comments?post=3883"}],"version-history":[{"count":0,"href":"https:\/\/middleeasttransparent.com\/fr\/wp-json\/wp\/v2\/posts\/3883\/revisions"}],"wp:featuredmedia":[{"embeddable":true,"href":"https:\/\/middleeasttransparent.com\/fr\/wp-json\/wp\/v2\/media\/3897"}],"wp:attachment":[{"href":"https:\/\/middleeasttransparent.com\/fr\/wp-json\/wp\/v2\/media?parent=3883"}],"wp:term":[{"taxonomy":"category","embeddable":true,"href":"https:\/\/middleeasttransparent.com\/fr\/wp-json\/wp\/v2\/categories?post=3883"},{"taxonomy":"post_tag","embeddable":true,"href":"https:\/\/middleeasttransparent.com\/fr\/wp-json\/wp\/v2\/tags?post=3883"}],"curies":[{"name":"wp","href":"https:\/\/api.w.org\/{rel}","templated":true}]}}