{"id":3861,"date":"2015-08-24T14:34:41","date_gmt":"2015-08-24T13:34:41","guid":{"rendered":"http:\/\/middleeasttransparent.com\/news\/?p=3861"},"modified":"2024-10-08T21:23:40","modified_gmt":"2024-10-08T20:23:40","slug":"al-qaida-profite-du-vide-laisse-par-les-combats-au-yemen","status":"publish","type":"post","link":"https:\/\/middleeasttransparent.com\/fr\/al-qaida-profite-du-vide-laisse-par-les-combats-au-yemen\/","title":{"rendered":"Al-Qaida profite du vide laiss\u00e9 par les combats au Y\u00e9men"},"content":{"rendered":"<div class=\"copy-paste-block\">\n<p class=\"bloc_signature\"><span class=\"signature_article\">Par <span class=\"auteur txt2_120\"> <a class=\"auteur\" href=\"http:\/\/www.lemonde.fr\/journaliste\/louis-imbert\/\" target=\"_blank\" rel=\"noopener\">Louis Imbert<\/a> <\/span> <\/span><\/p>\n<div id=\"articleBody\" class=\"contenu_article js_article_body\">\n<p>Des combattants d\u2019Al-Qaida dans la p\u00e9ninsule arabique (AQPA) se sont d\u00e9ploy\u00e9s samedi 22\u00a0ao\u00fbt autour du principal port d\u2019Aden, centre vital \u00e0 partir duquel le gouvernement y\u00e9m\u00e9nite en exil tente de reprendre le contr\u00f4le du pays depuis un mois, apr\u00e8s avoir chass\u00e9 les rebelles houthistes de la ville.<\/p>\n<p>Des r\u00e9sidents ont d\u00e9clar\u00e9 avoir vu patrouiller les militants dans les rues de Tawahi, le quartier du palais pr\u00e9sidentiel, situ\u00e9 sur une p\u00e9ninsule qui ferme l\u2019entr\u00e9e du principal port d\u2019Aden. Le quartier g\u00e9n\u00e9ral des services int\u00e9rieurs, dirig\u00e9 par le fr\u00e8re du pr\u00e9sident Abd Rabo Mansour Hadi, y a \u00e9t\u00e9 d\u00e9truit par une gigantesque explosion samedi. Les djihadistes ont \u00e9galement \u00e9t\u00e9 vus dans le quartier commercial voisin de Crater.<\/p>\n<p>Des responsables du port ont reconnu aupr\u00e8s des agences Associated Press (AP) et Reuters que le drapeau noir d\u2019AQPA avait flott\u00e9 sur la porte principale du complexe portuaire, et qu\u2019un bateau de ses forces de s\u00e9curit\u00e9 avait \u00e9t\u00e9 incendi\u00e9.<br \/>\n<iframe src=\"https:\/\/www.youtube.com\/embed\/LJAFrtsgO9M\" width=\"854\" height=\"480\" frameborder=\"0\" allowfullscreen=\"allowfullscreen\"><\/iframe><\/p>\n<p>Mais l\u2019emprise d\u2019Al-Qaida sur cette zone reste difficile \u00e0 \u00e9valuer et ne semble pas p\u00e9renne. Plusieurs activistes ont d\u00e9menti que les djihadistes en aient pris le contr\u00f4le d\u00e9finitif, citant des proches qui y r\u00e9sident. Le vice-ministre de l\u2019int\u00e9rieur, le brigadier g\u00e9n\u00e9ral Ali Nasser Lakhsha, a quant \u00e0 lui minimis\u00e9 la menace\u00a0: <em>\u00ab\u00a0Ce sont des groupes de malfaiteurs arm\u00e9s qui ne repr\u00e9sentent pas un danger pour la ville d\u2019Aden.\u00a0\u00bb<\/em><\/p>\n<h2 class=\"intertitre\">Distributions d\u2019armes<\/h2>\n<p>Pour Farea Al-Muslimi, analyste au centre Carnegie pour le Moyen-Orient, <em>\u00ab\u00a0personne, ni le gouvernement ni Al-Qaida, ne tient ces quartiers. Il y a une vacance du pouvoir depuis le d\u00e9part des houthistes. AQPA et d\u2019autres groupes radicaux viennent combler ce vide\u00a0\u00bb.<\/em> Les djihadistes d\u2019AQPA ont particip\u00e9 aux combats dans Aden contre les rebelles houthistes, d\u2019ob\u00e9dience chiite et suppos\u00e9s soutenus par l\u2019Iran, et contre des \u00e9l\u00e9ments de l\u2019arm\u00e9e rest\u00e9s fid\u00e8les \u00e0 l\u2019ancien pr\u00e9sident Ali Abdallah Saleh. Ils ont \u00e9t\u00e9 des membres de fait, dans ce combat, d\u2019une coalition h\u00e9t\u00e9roclite regroupant les forces r\u00e9guli\u00e8res, des commandos \u00e9miratis et saoudiens, des s\u00e9paratistes sudistes et des groupes tribaux. Ils ont ainsi pu b\u00e9n\u00e9ficier de distributions d\u2019armes alors que le gouvernement cherchait \u00e0 contrer l\u2019avanc\u00e9e des rebelles.<\/p>\n<p>Les troupes \u00e9miraties et saoudiennes avancent d\u00e9sormais plus au nord, notamment dans la province de Marib, soutenues par des bombardements a\u00e9riens qui ont mis le pays \u00e0 genoux depuis la fin mars. A Aden, l\u2019activit\u00e9 des groupes arm\u00e9s emp\u00eache encore la plupart des humanitaires de d\u00e9p\u00eacher des personnels internationaux. Des ministres font des allers-retours en ville, mais le gouvernement demeure en exil \u00e0 Riyad.<\/p>\n<h2 class=\"intertitre\">Attentat contre \u00ab\u00a0Charlie Hebdo\u00a0\u00bb<\/h2>\n<p>Les djihadistes ont am\u00e9nag\u00e9 un camp d\u2019entra\u00eenement dans une ancienne base militaire \u00e0 Dar Saad, une entr\u00e9e du nord d\u2019Aden, selon des responsables de s\u00e9curit\u00e9 cit\u00e9s par AP. Ils y entra\u00eeneraient 200 militants. Par ailleurs, ils consolident leur contr\u00f4le de la province orientale de l\u2019Hadramaout, o\u00f9 AQPA a captur\u00e9 la ville portuaire de Mukalla en avril.<\/p>\n<p>Les Etats-Unis, qui m\u00e8nent une campagne contre AQPA au Y\u00e9men depuis 2001, ont tu\u00e9 le chef de l\u2019organisation, Nasser Al-Wahishi, qui \u00e9tait aussi le num\u00e9ro\u00a02 d\u2019Al-Qaida au niveau mondial. Sept membres du groupe ont encore \u00e9t\u00e9 tu\u00e9s vendredi et samedi dans des frappes men\u00e9es dans la province de Marib et sur l\u2019a\u00e9roport de Moukalla. AQPA, devenue depuis la fin des ann\u00e9es 2000 la principale branche op\u00e9rationnelle d\u2019Al-Qaida, a dirig\u00e9 plusieurs attaques terroristes aux Etats-Unis. Le groupe avait revendiqu\u00e9 en janvier l\u2019attentat contre <em>Charlie Hebdo<\/em> \u00e0 Paris.<\/p>\n<p>Dimanche, un otage britannique d\u00e9tenu par AQPA depuis 18 mois a \u00e9t\u00e9 lib\u00e9r\u00e9 par l\u2019arm\u00e9e \u00e9miratie. Robert Douglas Semple, un ing\u00e9nieur p\u00e9trolier de 64 ans, avait \u00e9t\u00e9 kidnapp\u00e9 dans l\u2019Hadramaout en f\u00e9vrier. Par ailleurs, un g\u00e9n\u00e9ral saoudien, Abdoulrahman Ben Saad Al-Chahrani, a \u00e9t\u00e9 tu\u00e9 par des tirs rebelles houthistes alors qu\u2019il effectuait une visite des troupes \u00e0 la fronti\u00e8re avec le Y\u00e9men.<\/p>\n<\/div>\n<p><a href=\"http:\/\/www.lemonde.fr\/proche-orient\/article\/2015\/08\/24\/al-qaida-se-montre-dans-le-port-d-aden_4735037_3218.html#xH6KiJoivh6AzR5o.99\">LE MONDE <\/a><\/p>\n<\/div>\n","protected":false},"excerpt":{"rendered":"<p>Par Louis Imbert Des combattants d\u2019Al-Qaida dans la p\u00e9ninsule arabique (AQPA) se sont d\u00e9ploy\u00e9s samedi 22\u00a0ao\u00fbt autour du principal port d\u2019Aden, centre vital \u00e0 partir duquel le gouvernement y\u00e9m\u00e9nite en exil tente de reprendre le contr\u00f4le du pays depuis un mois, apr\u00e8s avoir chass\u00e9 les rebelles houthistes de la ville. Des r\u00e9sidents ont d\u00e9clar\u00e9 avoir<\/p>\n","protected":false},"author":134,"featured_media":3862,"comment_status":"open","ping_status":"open","sticky":false,"template":"","format":"standard","meta":{"_uf_show_specific_survey":0,"_uf_disable_surveys":false,"footnotes":""},"categories":[22],"tags":[],"class_list":{"0":"post-3861","1":"post","2":"type-post","3":"status-publish","4":"format-standard","5":"has-post-thumbnail","7":"category-actualites-fr"},"aioseo_notices":[],"_links":{"self":[{"href":"https:\/\/middleeasttransparent.com\/fr\/wp-json\/wp\/v2\/posts\/3861","targetHints":{"allow":["GET"]}}],"collection":[{"href":"https:\/\/middleeasttransparent.com\/fr\/wp-json\/wp\/v2\/posts"}],"about":[{"href":"https:\/\/middleeasttransparent.com\/fr\/wp-json\/wp\/v2\/types\/post"}],"author":[{"embeddable":true,"href":"https:\/\/middleeasttransparent.com\/fr\/wp-json\/wp\/v2\/users\/134"}],"replies":[{"embeddable":true,"href":"https:\/\/middleeasttransparent.com\/fr\/wp-json\/wp\/v2\/comments?post=3861"}],"version-history":[{"count":0,"href":"https:\/\/middleeasttransparent.com\/fr\/wp-json\/wp\/v2\/posts\/3861\/revisions"}],"wp:featuredmedia":[{"embeddable":true,"href":"https:\/\/middleeasttransparent.com\/fr\/wp-json\/wp\/v2\/media\/3862"}],"wp:attachment":[{"href":"https:\/\/middleeasttransparent.com\/fr\/wp-json\/wp\/v2\/media?parent=3861"}],"wp:term":[{"taxonomy":"category","embeddable":true,"href":"https:\/\/middleeasttransparent.com\/fr\/wp-json\/wp\/v2\/categories?post=3861"},{"taxonomy":"post_tag","embeddable":true,"href":"https:\/\/middleeasttransparent.com\/fr\/wp-json\/wp\/v2\/tags?post=3861"}],"curies":[{"name":"wp","href":"https:\/\/api.w.org\/{rel}","templated":true}]}}