{"id":3855,"date":"2015-08-24T14:17:10","date_gmt":"2015-08-24T13:17:10","guid":{"rendered":"http:\/\/middleeasttransparent.com\/news\/?p=3855"},"modified":"2024-10-08T21:23:41","modified_gmt":"2024-10-08T20:23:41","slug":"la-crise-des-ordures-degenere-a-beyrouth","status":"publish","type":"post","link":"https:\/\/middleeasttransparent.com\/fr\/la-crise-des-ordures-degenere-a-beyrouth\/","title":{"rendered":"La crise des ordures d\u00e9g\u00e9n\u00e8re \u00e0 Beyrouth"},"content":{"rendered":"<div class=\"copy-paste-block\">\n<p class=\"bloc_signature\"><strong><span id=\"publisher\" data-source=\"Le Monde.fr avec AFP, AP et Reuters\">Le Monde.fr avec AFP, AP et Reuters<\/span>\u00a0<\/strong><\/p>\n<div id=\"articleBody\" class=\"contenu_article js_article_body\">\n<p>La crise des d\u00e9chets s\u2019est aggrav\u00e9e \u00e0 Beyrouth, dimanche 23\u00a0ao\u00fbt, o\u00f9 des affrontements ont eu lieu entre des policiers et un groupe de manifestants, faisant plus de soixante-dix\u00a0bless\u00e9s de part et d\u2019autre et accentuant la pression sur un gouvernement paralys\u00e9 par de profondes divisions.<\/p>\n<p>Des milliers de manifestants \u00e9taient venus rejoindre dans le centre de la capitale libanaise ceux qui y avaient pass\u00e9 la nuit sous des tentes. Les affrontements ont \u00e9clat\u00e9 en fin d\u2019apr\u00e8s-midi lorsque certains d\u2019entre eux ont tent\u00e9 de retirer les barbel\u00e9s qui barraient la rue menant au si\u00e8ge du gouvernement et ont lanc\u00e9 des projectiles \u2014 pierres et bouteilles remplies de sable \u2014 en direction des forces de l\u2019ordre.<\/p>\n<p>Une moto a \u00e9t\u00e9 incendi\u00e9e et des manifestants ont essay\u00e9 d\u2019\u00e9riger une minibarricade avec des tables et des panneaux en bois. La police a ripost\u00e9 avec des canons \u00e0 eau et des gaz lacrymog\u00e8nes. Samer Abdoullah, un manifestant de 39 ans, a dit \u00e0 l\u2019agence de presse Reuters\u00a0:<\/p>\n<blockquote class=\"citation\"><p><em>\u00ab\u00a0Les gens manifestent parce qu\u2019il n\u2019y a plus d\u2019\u00e9lectricit\u00e9. Il y a un million de probl\u00e8mes, et les ordures m\u00e9nag\u00e8res ne sont que la goutte d\u2019eau qui fait d\u00e9border le vase.\u00a0\u00bb<\/em><\/p><\/blockquote>\n<p class=\"lire marqueur_restreint_atome\">Lire aussi\u00a0: <a href=\"http:\/\/www.lemonde.fr\/proche-orient\/article\/2015\/08\/20\/la-crise-des-dechets-symbole-d-un-liban-deliquescent_4731319_3218.html\">La crise des d\u00e9chets, symbole d\u2019un Liban d\u00e9liquescent<\/a><\/p>\n<h2 class=\"intertitre\">\u00ab\u00a0C\u2019est la question des ordures politiques dans ce pays\u00a0\u00bb<\/h2>\n<figure class=\"illustration_haut \">\n<figure id=\"attachment_3857\" aria-describedby=\"caption-attachment-3857\" style=\"width: 1068px\" class=\"wp-caption aligncenter\"><a href=\"http:\/\/middleeasttransparent.com\/news\/wp-content\/uploads\/2015\/08\/4734307_6_a05b_manifestation-a-beyrouth-dimanche-23-aout_9d4145701f0ffa705894d842dd7e1c1e.jpg\"><img fetchpriority=\"high\" decoding=\"async\" class=\"size-full wp-image-3857\" src=\"http:\/\/middleeasttransparent.com\/news\/wp-content\/uploads\/2015\/08\/4734307_6_a05b_manifestation-a-beyrouth-dimanche-23-aout_9d4145701f0ffa705894d842dd7e1c1e.jpg\" alt=\"Manifestation \u00e0 Beyrouth, dimanche 23 ao\u00fbt, contre le gouvernement, impuissant dans la crise des ordures. - \/ AFP En savoir plus sur http:\/\/www.lemonde.fr\/proche-orient\/article\/2015\/08\/23\/a-beyrouth-manifestations-contre-la-crise-des-ordures_4734308_3218.html#WV6YpbXvgVOsTrW0.99\" width=\"1068\" height=\"712\" srcset=\"https:\/\/middleeasttransparent.com\/wp-content\/uploads\/2015\/08\/4734307_6_a05b_manifestation-a-beyrouth-dimanche-23-aout_9d4145701f0ffa705894d842dd7e1c1e.jpg 1068w, https:\/\/middleeasttransparent.com\/wp-content\/uploads\/2015\/08\/4734307_6_a05b_manifestation-a-beyrouth-dimanche-23-aout_9d4145701f0ffa705894d842dd7e1c1e-600x400.jpg 600w, https:\/\/middleeasttransparent.com\/wp-content\/uploads\/2015\/08\/4734307_6_a05b_manifestation-a-beyrouth-dimanche-23-aout_9d4145701f0ffa705894d842dd7e1c1e-1024x683.jpg 1024w\" sizes=\"(max-width: 1068px) 100vw, 1068px\" \/><\/a><figcaption id=\"caption-attachment-3857\" class=\"wp-caption-text\">Manifestation \u00e0 Beyrouth, dimanche 23 ao\u00fbt, contre le gouvernemet , impuissant dans la crise des ordures. <span class=\"source_image\" data-copyright=\"- \/ AFP\">&#8211; \/ AFP<\/span><\/figcaption><\/figure>\n<\/figure>\n<p>Plac\u00e9 en premi\u00e8re ligne de cette crise, le premier ministre, Tammam Salam, a reconnu qu\u2019un usage excessif de la force avait \u00e9t\u00e9 fait contre les protestataires et il s\u2019est dit dispos\u00e9 \u00e0 punir ceux qui en sont <em>\u00ab\u00a0responsables\u00a0\u00bb<\/em>. Il a \u00e9galement admis que le probl\u00e8me des ordures avait provoqu\u00e9 la col\u00e8re de l\u2019opinion.<\/p>\n<blockquote class=\"citation\"><p><em>\u00ab\u00a0Mais la question est beaucoup plus importante que cette goutte d\u2019eau. C\u2019est la question des ordures politiques dans ce pays.\u00a0\u00bb<\/em><\/p><\/blockquote>\n<p>Dans une allocution t\u00e9l\u00e9vis\u00e9e, M.\u00a0Salam a mis en garde ses concitoyens contre le risque d\u2019un effondrement politique, \u00e0 savoir la chute de son gouvernement.<\/p>\n<blockquote class=\"citation\"><p><em>\u00ab\u00a0Je pr\u00e9viens que nous allons vers l\u2019effondrement si cette affaire continue. Honn\u00eatement, je ne ferai pas partie et je ne collaborerai pas \u00e0 cet effondrement. Que tous les responsables et toutes les forces politiques en endossent la responsabilit\u00e9.\u00a0\u00bb<\/em><\/p><\/blockquote>\n<p>Des appels \u00e0 la d\u00e9mission du gouvernement et \u00e0 des \u00e9lections l\u00e9gislatives ont \u00e9t\u00e9 lanc\u00e9s dimanche par Vous puez<em>, <\/em>le mouvement qui a d\u00e9j\u00e0 mis sur pied plusieurs manifestations ces derni\u00e8res semaines pour montrer l\u2019exasp\u00e9ration provoqu\u00e9e par le probl\u00e8me du ramassage des ordures m\u00e9nag\u00e8res.<\/p>\n<figure id=\"attachment_3858\" aria-describedby=\"caption-attachment-3858\" style=\"width: 1068px\" class=\"wp-caption aligncenter\"><a href=\"http:\/\/middleeasttransparent.com\/news\/wp-content\/uploads\/2015\/08\/4734826_6_9126_dans-l-est-de-beyrouth-lundi-17-aout_6b78025f602d5071710d77983c036f05.jpg\"><img decoding=\"async\" class=\"size-full wp-image-3858\" src=\"http:\/\/middleeasttransparent.com\/news\/wp-content\/uploads\/2015\/08\/4734826_6_9126_dans-l-est-de-beyrouth-lundi-17-aout_6b78025f602d5071710d77983c036f05.jpg\" alt=\"Dans l'est de Beyrouth, lundi 17 ao\u00fbt. Hassan Ammar \/ AP En savoir plus sur http:\/\/www.lemonde.fr\/proche-orient\/article\/2015\/08\/23\/a-beyrouth-manifestations-contre-la-crise-des-ordures_4734308_3218.html#WV6YpbXvgVOsTrW0.99\" width=\"1068\" height=\"712\" srcset=\"https:\/\/middleeasttransparent.com\/wp-content\/uploads\/2015\/08\/4734826_6_9126_dans-l-est-de-beyrouth-lundi-17-aout_6b78025f602d5071710d77983c036f05.jpg 1068w, https:\/\/middleeasttransparent.com\/wp-content\/uploads\/2015\/08\/4734826_6_9126_dans-l-est-de-beyrouth-lundi-17-aout_6b78025f602d5071710d77983c036f05-600x400.jpg 600w, https:\/\/middleeasttransparent.com\/wp-content\/uploads\/2015\/08\/4734826_6_9126_dans-l-est-de-beyrouth-lundi-17-aout_6b78025f602d5071710d77983c036f05-1024x683.jpg 1024w\" sizes=\"(max-width: 1068px) 100vw, 1068px\" \/><\/a><figcaption id=\"caption-attachment-3858\" class=\"wp-caption-text\">Dans l&rsquo;est de Beyrouth, lundi 17 ao\u00fbt. Hassan Ammar \/ AP<br \/>En savoir plus sur http:\/\/www.lemonde.fr\/proche-orient\/article\/2015\/08\/23\/a-beyrouth-manifestations-contre-la-crise-des-ordures_4734308_3218.html#WV6YpbXvgVOsTrW0.99<\/figcaption><\/figure>\n<\/div>\n<p><a href=\"http:\/\/www.lemonde.fr\/proche-orient\/article\/2015\/08\/23\/a-beyrouth-manifestations-contre-la-crise-des-ordures_4734308_3218.html#WV6YpbXvgVOsTrW0.99\">LE MONDE <\/a><\/p>\n<\/div>\n","protected":false},"excerpt":{"rendered":"<p>Le Monde.fr avec AFP, AP et Reuters\u00a0 La crise des d\u00e9chets s\u2019est aggrav\u00e9e \u00e0 Beyrouth, dimanche 23\u00a0ao\u00fbt, o\u00f9 des affrontements ont eu lieu entre des policiers et un groupe de manifestants, faisant plus de soixante-dix\u00a0bless\u00e9s de part et d\u2019autre et accentuant la pression sur un gouvernement paralys\u00e9 par de profondes divisions. Des milliers de manifestants<\/p>\n","protected":false},"author":134,"featured_media":3856,"comment_status":"open","ping_status":"open","sticky":false,"template":"","format":"standard","meta":{"_uf_show_specific_survey":0,"_uf_disable_surveys":false,"footnotes":""},"categories":[22],"tags":[],"class_list":{"0":"post-3855","1":"post","2":"type-post","3":"status-publish","4":"format-standard","5":"has-post-thumbnail","7":"category-actualites-fr"},"aioseo_notices":[],"_links":{"self":[{"href":"https:\/\/middleeasttransparent.com\/fr\/wp-json\/wp\/v2\/posts\/3855","targetHints":{"allow":["GET"]}}],"collection":[{"href":"https:\/\/middleeasttransparent.com\/fr\/wp-json\/wp\/v2\/posts"}],"about":[{"href":"https:\/\/middleeasttransparent.com\/fr\/wp-json\/wp\/v2\/types\/post"}],"author":[{"embeddable":true,"href":"https:\/\/middleeasttransparent.com\/fr\/wp-json\/wp\/v2\/users\/134"}],"replies":[{"embeddable":true,"href":"https:\/\/middleeasttransparent.com\/fr\/wp-json\/wp\/v2\/comments?post=3855"}],"version-history":[{"count":0,"href":"https:\/\/middleeasttransparent.com\/fr\/wp-json\/wp\/v2\/posts\/3855\/revisions"}],"wp:featuredmedia":[{"embeddable":true,"href":"https:\/\/middleeasttransparent.com\/fr\/wp-json\/wp\/v2\/media\/3856"}],"wp:attachment":[{"href":"https:\/\/middleeasttransparent.com\/fr\/wp-json\/wp\/v2\/media?parent=3855"}],"wp:term":[{"taxonomy":"category","embeddable":true,"href":"https:\/\/middleeasttransparent.com\/fr\/wp-json\/wp\/v2\/categories?post=3855"},{"taxonomy":"post_tag","embeddable":true,"href":"https:\/\/middleeasttransparent.com\/fr\/wp-json\/wp\/v2\/tags?post=3855"}],"curies":[{"name":"wp","href":"https:\/\/api.w.org\/{rel}","templated":true}]}}