{"id":3791,"date":"2015-08-22T16:53:41","date_gmt":"2015-08-22T15:53:41","guid":{"rendered":"http:\/\/middleeasttransparent.com\/news\/?p=3791"},"modified":"2024-10-08T21:23:42","modified_gmt":"2024-10-08T20:23:42","slug":"libye-les-pro-kadhafi-redonnent-de-la-voix","status":"publish","type":"post","link":"https:\/\/middleeasttransparent.com\/fr\/libye-les-pro-kadhafi-redonnent-de-la-voix\/","title":{"rendered":"Libye : les pro-Kadhafi redonnent de la voix"},"content":{"rendered":"<header class=\"banner-headline\">\n<div class=\"info\"><strong><span class=\"author\"><a href=\"http:\/\/www.liberation.fr\/auteur\/10302-luc-mathieu\">Luc MATHIEU<\/a><\/span><time datetime=\"2015-08-21T18:07:52\"><\/time><\/strong><\/div>\n<figure>\u00a0<\/figure>\n<div class=\"description\">\n<p><span class=\"slug\">R\u00c9CIT<\/span><\/p>\n<h3>Parias depuis la mort du \u00abGuide\u00bb, ses partisans manifestent alors que des n\u00e9gociations sous l&rsquo;\u00e9gide de l&rsquo;ONU sont en cours en vue de former un nouveau gouvernement et que des figures de l&rsquo;ancien r\u00e9gime ont \u00e9t\u00e9 lourdement condamn\u00e9es par un tribunal de Tripoli.<\/h3>\n<\/div>\n<\/header>\n<div id=\"article-body\" class=\"article-body mod\">\n<div>\n<p>Ils \u00e9taient invisibles depuis la mort de Muammar al-Kadhafi, en octobre\u00a02011. Ceux qui ne s\u2019\u00e9taient pas exil\u00e9s en Egypte, en Tunisie ou \u00e0 Malte restaient silencieux. Mais, depuis la mi-juillet, les partisans du \u00abGuide\u00bb tentent de se faire entendre en Libye. Ils n\u2019h\u00e9sitent plus \u00e0 manifester en brandissant le drapeau vert de la Jamahiriyah et des photos de l\u2019ex-dictateur. Le mouvement n\u2019est pas massif\u00a0; les manifestations ne rassemblent que quelques dizaines \u00e0 quelques centaines de personnes. Mais elles se propagent, de Bani Walid, Sebha, et Syrte, dans le nord et le centre du pays, \u00e0 Benghazi et Tobrouk, dans l\u2019Est. <em>\u00abM\u00eame si le nombre de manifestants n\u2019est pas tr\u00e8s \u00e9lev\u00e9, ces rassemblements constituent un signal qu\u2019il faut \u00e9couter\u00bb,<\/em> explique Virginie Collombier, chercheuse \u00e0 l\u2019Institut universitaire europ\u00e9en \u00e0 Florence, en Italie, et associ\u00e9e au Norwegian Peacebuilding Resource Centre (Noref).<\/p>\n<p>Dans une Libye d\u00e9chir\u00e9e par les luttes entre ex-brigades rebelles et fragilis\u00e9e par l\u2019implantation de l\u2019Etat islamique\u00a0(EI), les anciens partisans de Kadhafi restent des parias. Ils ont conserv\u00e9 quelques fiefs, dont Bani\u00a0Walid et Syrte, mais ne sont pas repr\u00e9sent\u00e9s \u00e0 Tripoli et Tobrouk, o\u00f9 si\u00e8gent deux gouvernements rivaux. Ils ne participent pas non plus au dialogue d\u2019union nationale men\u00e9 sous l\u2019\u00e9gide des Nations unies. Les premi\u00e8res manifestations co\u00efncident d\u2019ailleurs avec la signature, le 16\u00a0juillet \u00e0 Skhirat, au Maroc, d\u2019un accord pr\u00e9liminaire en vue de la cr\u00e9ation d\u2019un nouveau gouvernement. <em>\u00abCet accord a \u00e9t\u00e9 vu comme une avanc\u00e9e, mais il ne r\u00e8gle pas la question des tribus et des communaut\u00e9s, dont les anciens proches du r\u00e9gime Kadhafi, qui sont exclues depuis\u00a02011. Il n\u2019est pas surprenant qu\u2019une partie d\u2019entre eux se mobilisent et manifestent. Ils craignent d\u2019\u00eatre totalement marginalis\u00e9s\u00bb,<\/em> poursuit Virginie Collombier.<\/p>\n<h3>Effets pervers<\/h3>\n<p>Les rassemblements des anciens soutiens du guide libyen s\u2019expliquent aussi par les r\u00e9centes condamnations de figures du r\u00e9gime. Au terme d\u2019un proc\u00e8s de seize mois, Sa\u00eff al-Islam, l\u2019un des fils Kadhafi, et huit de ses proches, dont l\u2019ex-Premier ministre Baghdadi al-Mahmoudi et l\u2019ex-chef des services de renseignements Abdallah Senoussi, ont \u00e9t\u00e9 condamn\u00e9s \u00e0 la peine de mort par un tribunal de Tripoli le 28\u00a0juillet. Huit autres ont \u00e9cop\u00e9 de la perp\u00e9tuit\u00e9. L\u2019ONU a d\u00e9nonc\u00e9 ces peines, estimant que<em> \u00ables normes en mati\u00e8re de proc\u00e8s \u00e9quitables n\u2019avaient clairement pas \u00e9t\u00e9 atteintes\u00bb<\/em> et que <em>\u00ables responsabilit\u00e9s p\u00e9nales individuelles\u00bb<\/em> n\u2019avaient pas \u00e9t\u00e9 \u00e9tablies. L\u2019ONG Human Rights Watch a de son c\u00f4t\u00e9 indiqu\u00e9 que plusieurs accus\u00e9s n\u2019avaient pas pu b\u00e9n\u00e9ficier d\u2019une v\u00e9ritable d\u00e9fense et appel\u00e9 \u00e0 un <em>\u00abr\u00e9examen approfondi et ind\u00e9pendant du verdict\u00bb<\/em> par la Cour supr\u00eame. Malgr\u00e9 des demandes r\u00e9p\u00e9t\u00e9es, les nouvelles autorit\u00e9s libyennes ont toujours refus\u00e9 de porter les affaires devant la Cour p\u00e9nale internationale\u00a0(CPI) de La\u00a0Haye. Sa\u00eff al-Islam, d\u00e9tenu depuis son arrestation en novembre\u00a02011\u00a0\u00e0 Zenten (Ouest) par des milices oppos\u00e9es \u00e0 celles qui contr\u00f4lent Tripoli, fait l\u2019objet d\u2019un mandat d\u2019arr\u00eat de la CPI pour crimes de guerre pr\u00e9sum\u00e9s.<\/p>\n<p>Grands perdants de la r\u00e9volution de\u00a02011, les pro-Kadhafi ne disposent pas de r\u00e9el pouvoir militaire face aux milices surarm\u00e9es de Misrata ou Benghazi. Mais leur marginalisation a d\u00e9j\u00e0 des effets pervers. A Syrte, des familles proches de l\u2019ancien r\u00e9gime ont collabor\u00e9 au d\u00e9but de l\u2019\u00e9t\u00e9 avec l\u2019EI, qui contr\u00f4le d\u00e9sormais la ville. <em>\u00abElles l\u2019ont fait avant tout car les milices de Misrata, tr\u00e8s actives durant la r\u00e9volution, \u00e9taient en premi\u00e8re ligne contre l\u2019EI. Leur justification \u00e9tait\u00a0: \u00ab\u00a0Comment les Misratis peuvent-ils pr\u00e9tendre nous lib\u00e9rer aujourd\u2019hui alors que ce sont eux les responsables du chaos\u00a0?\u00a0\u00bb\u00bb,<\/em> explique Virginie Collombier. Apr\u00e8s quelques incursions, doubl\u00e9es d\u2019un encerclement de Syrte, les milices de Misrata n\u2019ont plus tent\u00e9 de d\u00e9loger l\u2019EI de la ville, pr\u00e9f\u00e9rant rester \u00e0 distance.<\/p>\n<h3>Repr\u00e9sailles<\/h3>\n<p>Depuis, les habitants de Syrte ont tent\u00e9 \u00e0 leur tour de chasser les jihadistes. Leur retournement a \u00e9t\u00e9 provoqu\u00e9 par l\u2019assassinat d\u00e9but ao\u00fbt d\u2019un imam influent, membre du clan des Al-Farjane. En repr\u00e9sailles, les jihadistes ont tu\u00e9 une centaine de personnes et d\u00e9capit\u00e9 plusieurs combattants, selon Lana, l\u2019agence officielle libyenne. L\u2019EI a <em>\u00abmassacr\u00e9 les gens, tuant m\u00eame des personnes dans leurs maisons\u00bb,<\/em> a d\u00e9nonc\u00e9 Chibani Abouhamoud, ambassadeur de Libye \u00e0 Paris. Le gouvernement bas\u00e9 dans l\u2019Est libyen, seul reconnu par la communaut\u00e9 internationale, a demand\u00e9 aux<em>\u00a0\u00abpays arabes fr\u00e8res\u00bb<\/em>\u00a0d\u2019intervenir militairement et de lancer des frappes a\u00e9riennes contre les positions de l\u2019Etat islamique.<\/p>\n<p><a href=\"http:\/\/www.liberation.fr\/monde\/2015\/08\/21\/libye-les-pro-kadhafi-redonnent-de-la-voix_1367116\">Lib\u00e9ration<\/a><\/p>\n<\/div>\n<\/div>\n","protected":false},"excerpt":{"rendered":"<p>Luc MATHIEU \u00a0 R\u00c9CIT Parias depuis la mort du \u00abGuide\u00bb, ses partisans manifestent alors que des n\u00e9gociations sous l&rsquo;\u00e9gide de l&rsquo;ONU sont en cours en vue de former un nouveau gouvernement et que des figures de l&rsquo;ancien r\u00e9gime ont \u00e9t\u00e9 lourdement condamn\u00e9es par un tribunal de Tripoli. Ils \u00e9taient invisibles depuis la mort de Muammar<\/p>\n","protected":false},"author":123,"featured_media":3792,"comment_status":"open","ping_status":"open","sticky":false,"template":"","format":"standard","meta":{"_uf_show_specific_survey":0,"_uf_disable_surveys":false,"footnotes":""},"categories":[22],"tags":[],"class_list":{"0":"post-3791","1":"post","2":"type-post","3":"status-publish","4":"format-standard","5":"has-post-thumbnail","7":"category-actualites-fr"},"aioseo_notices":[],"_links":{"self":[{"href":"https:\/\/middleeasttransparent.com\/fr\/wp-json\/wp\/v2\/posts\/3791","targetHints":{"allow":["GET"]}}],"collection":[{"href":"https:\/\/middleeasttransparent.com\/fr\/wp-json\/wp\/v2\/posts"}],"about":[{"href":"https:\/\/middleeasttransparent.com\/fr\/wp-json\/wp\/v2\/types\/post"}],"author":[{"embeddable":true,"href":"https:\/\/middleeasttransparent.com\/fr\/wp-json\/wp\/v2\/users\/123"}],"replies":[{"embeddable":true,"href":"https:\/\/middleeasttransparent.com\/fr\/wp-json\/wp\/v2\/comments?post=3791"}],"version-history":[{"count":0,"href":"https:\/\/middleeasttransparent.com\/fr\/wp-json\/wp\/v2\/posts\/3791\/revisions"}],"wp:featuredmedia":[{"embeddable":true,"href":"https:\/\/middleeasttransparent.com\/fr\/wp-json\/wp\/v2\/media\/3792"}],"wp:attachment":[{"href":"https:\/\/middleeasttransparent.com\/fr\/wp-json\/wp\/v2\/media?parent=3791"}],"wp:term":[{"taxonomy":"category","embeddable":true,"href":"https:\/\/middleeasttransparent.com\/fr\/wp-json\/wp\/v2\/categories?post=3791"},{"taxonomy":"post_tag","embeddable":true,"href":"https:\/\/middleeasttransparent.com\/fr\/wp-json\/wp\/v2\/tags?post=3791"}],"curies":[{"name":"wp","href":"https:\/\/api.w.org\/{rel}","templated":true}]}}