{"id":37851,"date":"2019-03-04T20:42:54","date_gmt":"2019-03-04T19:42:54","guid":{"rendered":"https:\/\/middleeasttransparent.com\/?p=37851"},"modified":"2019-03-04T20:42:55","modified_gmt":"2019-03-04T19:42:55","slug":"presidentielle-en-algerie-la-presse-critique-linflexibilite-du-pouvoir-de-bouteflika","status":"publish","type":"post","link":"https:\/\/middleeasttransparent.com\/fr\/presidentielle-en-algerie-la-presse-critique-linflexibilite-du-pouvoir-de-bouteflika\/","title":{"rendered":"Pr\u00e9sidentielle en Alg\u00e9rie : la presse critique l\u2019inflexibilit\u00e9 du pouvoir de\u00a0Bouteflika"},"content":{"rendered":"<header class=\"article__header \">\n<div class=\"article__heading\">\n<h2 class=\"article__desc\"><strong>Les garanties li\u00e9es au d\u00e9p\u00f4t de sa candidature \u00e0 un 5e mandat sont per\u00e7ues comme une ultime man\u0153uvre.<\/strong><\/h2>\n<\/div>\n<p>&nbsp;<\/p>\n<h3 class=\"meta meta__publisher\"><span style=\"color: #0000ff;\"><span class=\"meta__author\">Par Madjid Zerrouky et Allan Kaval<\/span>\u00a0<\/span><\/h3>\n<\/header>\n<section class=\"article__content old__article-content-single\"><strong>Au lendemain du\u00a0<a href=\"https:\/\/www.lemonde.fr\/afrique\/article\/2019\/03\/03\/algerie-abdelaziz-bouteflika-dit-comprendre-l-inquietude-mais-maintient-sa-candidature_5430885_3212.html\">d\u00e9p\u00f4t de candidature contest\u00e9 du pr\u00e9sident Abdelaziz Bouteflika<\/a>, la presse alg\u00e9rienne r\u00e9agit, lundi\u00a04\u00a0mars, \u00e0 l\u2019inflexibilit\u00e9 du pouvoir, d\u00e9termin\u00e9 \u00e0 pousser le chef de\u00a0l\u2019Etat de 82\u00a0ans \u00e0 briguer un cinqui\u00e8me mandat.\u00a0<em>\u00ab\u00a0Bouteflika d\u00e9fie les Alg\u00e9riens\u00a0\u00bb<\/em>, titre ainsi en \u00ab\u00a0une\u00a0\u00bb\u00a0<a href=\"https:\/\/www.elwatan.com\/\">le quotidien ind\u00e9pendant francophone\u00a0<em>El Watan<\/em><\/a>\u00a0qui publie une caricature en pleine page de\u00a0M.\u00a0Bouteflika. Le pr\u00e9sident alg\u00e9rien est repr\u00e9sent\u00e9 en fauteuil roulant, l\u2019air agonisant, encadr\u00e9 par deux policiers en tenue anti\u00e9meute. Le dessinateur lui fait reprendre les propos lanc\u00e9s par Emmanuel Macron \u00e0 ses opposants au d\u00e9but de l\u2019affaire Benalla\u00a0: \u00ab\u00a0<em>Qu\u2019ils viennent me chercher\u00a0!\u00a0\u00bb<\/em><\/strong><\/p>\n<figure><figcaption class=\"article__legend\" aria-hidden=\"\u201ctrue\u201c\"><\/figcaption><\/figure>\n<p>Dans ses pages,\u00a0<a href=\"https:\/\/www.elwatan.com\/a-la-une\/des-milliers-detudiants-contestent-sa-candidature-bouteflika-defie-les-algeriens-04-03-2019\">le quotidien d\u00e9nonce en des termes forts l\u2019acharnement du pr\u00e9sident et de son entourage<\/a>\u00a0:<\/p>\n<p class=\"article__cite\">\u00ab\u00a0<em>La candidature d\u2019Abdelaziz Bouteflika peut mettre le feu au pays. (\u2026)\u00a0<\/em>Le pire est \u00e0 craindre. S\u2019obstiner \u00e0 garder au pouvoir un homme alors qu\u2019il n\u2019est plus en mesure de terminer son quatri\u00e8me mandat et confin\u00e9 au silence depuis sept ans, est per\u00e7u comme une d\u00e9claration de guerre.\u00a0\u00bb<\/p>\n<h2 class=\"article__sub-title\">Des promesses \u00ab\u00a0difficiles \u00e0 croire\u00a0\u00bb<\/h2>\n<p>La veille, jour du d\u00e9p\u00f4t de candidature,\u00a0<em>El Watan<\/em>\u00a0livrait un compte rendu sceptique de la lettre lue au nom de M.\u00a0Bouteflika par son directeur de campagne, Abdelghani Zaalane, d\u00e9voilant une liste d\u2019engagements qu\u2019il promettait d\u2019honorer en cas de r\u00e9\u00e9lection. Le communiqu\u00e9 pr\u00eate au pr\u00e9sident alg\u00e9rien, toujours hospitalis\u00e9 en\u00a0Suisse, une d\u00e9termination sans faille \u00e0\u00a0<em>\u00ab\u00a0assumer la responsabilit\u00e9 historique de<\/em>\u00a0(\u2026)\u00a0<em>changer le r\u00e9gime\u00a0\u00bb<\/em>. Le quotidien accorde toutefois peu de cr\u00e9dit aux garanties pr\u00eat\u00e9es \u00e0 M. Bouteflika.\u00a0<em>\u00ab\u00a0Difficile de croire les promesses de celui (ou ceux) qui ont monopolis\u00e9 le pouvoir pendant vingt ans\u00a0\u00bb<\/em>,\u00a0<a href=\"https:\/\/www.elwatan.com\/edition\/actualite\/le-dossier-de-candidature-de-bouteflika-depose-on-promet-une-election-presidentielle-anticipee-et-une-nouvelle-republique-03-03-2019\">conclut ainsi l\u2019article<\/a>.<\/p>\n<p><a href=\"http:\/\/www.elmoudjahid.com\/pdf-elmoudjahid\/2971\">L\u2019\u00e9dition de lundi du quotidien \u00e9tatique francophone\u00a0<em>El Moudjahid<\/em><\/a>choisit de publier in\u00a0extenso le message aux Alg\u00e9riens sign\u00e9 par Abdelaziz Bouteflika et d\u00e9taille en \u00ab\u00a0une\u00a0\u00bb les\u00a0<em>\u00ab\u00a0six engagements du pr\u00e9sident\u00a0\u00bb<\/em>\u00a0:<\/p>\n<ul class=\"article__unordered-list\">\n<li>la tenue d\u2019une conf\u00e9rence nationale ind\u00e9pendante apr\u00e8s l\u2019\u00e9lection\u00a0;<\/li>\n<li>l\u2019adoption d\u2019une nouvelle Constitution\u00a0;<\/li>\n<li>des mesures en faveur d\u2019une redistribution plus juste des richesses\u00a0;<\/li>\n<li>des mesures contre la pauvret\u00e9 et la corruption\u00a0;<\/li>\n<li>une r\u00e9vision de la loi \u00e9lectorale\u00a0;<\/li>\n<li>et, surtout, l\u2019organisation d\u2019une \u00e9lection anticip\u00e9e cens\u00e9e assurer sa succession avant la fin d\u2019un \u00e9ventuel cinqui\u00e8me mandat.<\/li>\n<\/ul>\n<p>Sans surprise, dans son \u00e9ditorial, la r\u00e9daction du quotidien salue des\u00a0<em>\u00ab\u00a0engagements fermes\u00a0\u00bb,\u00a0<\/em>une\u00a0<em>\u00ab\u00a0grande sinc\u00e9rit\u00e9 de ton\u00a0\u00bb<\/em>, et d\u00e9crit la d\u00e9claration du pr\u00e9sident comme un\u00a0<em>\u00ab\u00a0message d\u2019espoir\u00a0\u00bb.<\/em><\/p>\n<p>Sur les \u00ab\u00a0unes\u00a0\u00bb de la presse papier et sur les sites d\u2019information du pays, l\u2019enthousiasme exprim\u00e9 par l\u2019organe officiel du pouvoir en place \u00e0 Alger fait toutefois exception.\u00a0<a href=\"https:\/\/www.elkhabar.com\/\">Pour le journal de langue arabe\u00a0<em>El Khabar<\/em>, l\u2019un des deux plus gros tirages alg\u00e9riens<\/a>, Abdelaziz\u00a0<em>\u00ab\u00a0Bouteflika ignore les marches contre un cinqui\u00e8me mandat\u00a0\u00bb\u00a0<\/em>et les engagements pr\u00e9sidentiels qu\u2019il pr\u00e9tend prendre ne sont que la cons\u00e9quence de la pression de la rue. Le quotidien souligne par ailleurs que si l\u2019on excepte la promesse de ne pas se repr\u00e9senter \u00e0 un sixi\u00e8me mandat pr\u00e9sidentiel, les\u00a0<em>\u00ab\u00a0nouveaux engagements\u00a0\u00bb<\/em>\u00a0de M.\u00a0Bouteflika ne sont qu\u2019un copier-coller de sa lettre aux Alg\u00e9riens de\u00a02014. Il briguait alors un quatri\u00e8me mandat.<\/p>\n<p style=\"text-align: center;\"><a href=\"https:\/\/middleeasttransparent.com\/fr\/presidentielle-en-algerie-la-presse-critique-linflexibilite-du-pouvoir-de-bouteflika\/mmmm\/\" rel=\"attachment wp-att-37856\"><img fetchpriority=\"high\" decoding=\"async\" class=\"alignnone size-full wp-image-37856\" src=\"https:\/\/middleeasttransparent.com\/wp-content\/uploads\/2019\/03\/MMMM.jpg\" alt=\"\" width=\"500\" height=\"750\" srcset=\"https:\/\/middleeasttransparent.com\/wp-content\/uploads\/2019\/03\/MMMM.jpg 500w, https:\/\/middleeasttransparent.com\/wp-content\/uploads\/2019\/03\/MMMM-400x600.jpg 400w\" sizes=\"(max-width: 500px) 100vw, 500px\" \/><\/a><\/p>\n<h2 class=\"article__sub-title\">\u00ab\u00a0Envers et contre le peuple\u00a0\u00bb<\/h2>\n<p><a href=\"https:\/\/www.elkhabar.com\/press\/article\/151323\/%D9%85%D8%AE%D8%B1%D8%AC-%D8%BA%D9%8A%D8%B1-%D9%85%D9%86%D8%AA%D8%B8%D8%B1\/\">Dimanche, dans son \u00e9ditorial<\/a>, le quotidien s\u2019interrogeait sur la place que r\u00e9serverait l\u2019histoire \u00e0 M. Bouteflika\u00a0:<\/p>\n<p class=\"article__cite\"><em>\u00ab\u00a0Il aurait \u00e9t\u00e9 possible qu\u2019Abdelaziz Bouteflika quitte le pouvoir comme un homme aim\u00e9, mais la corruption politique et financi\u00e8re du pays lui g\u00e2chera sa sortie. Il avait l\u2019espoir de mourir pr\u00e9sident. De se voir offrir des fun\u00e9railles encore plus solennelles que celles auxquelles avait eu droit l\u2019ancien pr\u00e9sident Boum\u00e9dienne [en fonction de\u00a01965 \u00e0\u00a01979 et qui est parfois l\u2019objet de nostalgie]. Il quittera le pouvoir avec l\u2019image de manifestations beaucoup plus massives que les d\u00e9fil\u00e9s d\u2019adieux qui ont accompagn\u00e9 Boum\u00e9dienne \u00e0 sa derni\u00e8re demeure.\u00a0\u00bb<\/em><\/p>\n<p><em>\u00ab\u00a0Envers et contre le peuple\u00a0\u00bb\u00a0<\/em>titre pour sa part\u00a0<em>Libert\u00e9<\/em>, publication d\u00e9mocrate et la\u00efque. Le\u00a0quotidien \u00e9tait revenu dans la soir\u00e9e de dimanche sur les irr\u00e9gularit\u00e9s li\u00e9es au d\u00e9p\u00f4t de\u00a0candidature de M.\u00a0Bouteflika et sur l\u2019ambivalence du Conseil constitutionnel alg\u00e9rien \u00e0\u00a0leur \u00e9gard.\u00a0<a href=\"https:\/\/www.liberte-algerie.com\/actualite\/ce-que-le-conseil-constitutionnel-disait-le-21-fevrier-310718\">Le journal a notamment r\u00e9v\u00e9l\u00e9 que le site de cette institution<\/a>\u00a0avait \u00e9t\u00e9 bloqu\u00e9 dimanche avant d\u2019\u00eatre remis en ligne apr\u00e8s qu\u2019une modification de taille a \u00e9t\u00e9 apport\u00e9e \u00e0 un communiqu\u00e9 publi\u00e9 par le Conseil constitutionnel le 21\u00a0f\u00e9vrier\u00a0: le texte expliquait alors que les d\u00e9p\u00f4ts de candidature devaient \u00eatre effectu\u00e9s\u00a0<em>\u00ab\u00a0en personne\u00a0\u00bb<\/em>. Dimanche apr\u00e8s-midi, cette mention a \u00e9t\u00e9 purement et simplement supprim\u00e9e.<\/p>\n<h2 class=\"article__sub-title\">\u00ab\u00a0Confiance rompue\u00a0\u00bb<\/h2>\n<p><a href=\"https:\/\/www.tsa-algerie.com\/les-anomalies-de-la-candidature-de-bouteflika\/\">Le site d\u2019information ind\u00e9pendant\u00a0<em>Tout sur l\u2019Alg\u00e9rie (TSA)\u00a0<\/em>est \u00e9galement revenu sur les anomalies de la candidature d\u00e9pos\u00e9e par le pr\u00e9sident alg\u00e9rien<\/a>. En plus de l\u2019absence du pr\u00e9sident au Conseil constitutionnel,\u00a0<em>TSA<\/em>\u00a0rel\u00e8ve qu\u2019un certificat m\u00e9dical\u00a0<em>\u00ab\u00a0de bonne sant\u00e9\u00a0\u00bb\u00a0<\/em>doit faire partie des pi\u00e8ces \u00e0 fournir et qu\u2019un m\u00e9decin en a donc dress\u00e9 un pour M.\u00a0Bouteflika alors m\u00eame que ce dernier est hospitalis\u00e9 \u00e0 l\u2019\u00e9tranger.\u00a0<em>TSA<\/em>\u00a0\u00e9met par ailleurs des doutes sur la sinc\u00e9rit\u00e9 des engagements pris par le pouvoir au nom du pr\u00e9sident Bouteflika,\u00a0<a href=\"https:\/\/www.tsa-algerie.com\/engagements-de-bouteflika-sincere-volonte-de-reforme-ou-enieme-manoeuvre\/\">tout en notant un\u00a0<em>\u00ab\u00a0changement d\u2019attitude\u00a0\u00bb\u00a0<\/em>et la prise en compte des manifestations de la part du pouvoir, ce qui constituerait selon\u00a0<em>TSA<\/em>\u00a0une rupture avec\u00a0<em>\u00ab\u00a0vingt ans d\u2019arrogance\u00a0\u00bb<\/em><\/a>.\u00a0Pour le site, il est toutefois trop tard\u00a0:<\/p>\n<p class=\"article__cite\">\u00ab\u00a0Qu\u2019en pensera justement la rue\u00a0? Hier soir, les Alg\u00e9riens ont r\u00e9pondu par d\u2019importantes marches nocturnes \u00e0 travers tout le pays. Un avant-go\u00fbt de ce que seront les jours \u00e0 venir. La confiance semble rompue et Bouteflika ne peut s\u2019en prendre qu\u2019\u00e0 lui-m\u00eame. Car en mati\u00e8re de r\u00e9formes et de d\u00e9mocratisation, il a pris plein d\u2019engagements solennels par le pass\u00e9, h\u00e9las, sans jamais les tenir.\u00a0\u00bb<\/p>\n<p>En plus des articles consacr\u00e9s au d\u00e9p\u00f4t de candidature effectu\u00e9 au nom du pr\u00e9sident Bouteflika, l\u2019\u00e9dition du\u00a0<a href=\"https:\/\/www.huffpostmaghreb.com\/entry\/algerie-la-conference-de-presse-surrealiste-de-%20v-nekkaz-enfin-pas-celui-que-vous-croyez_mg_5c7c2274e4b0e5e313cbda13?utm_hp_ref=mg-homepage\"><em>Huffpost<\/em>\u00a0pour le Maghreb francophone revient de son c\u00f4t\u00e9 sur un \u00e9v\u00e9nement d\u00e9routant survenu dimanche et concernant le candidat opposant et trouble-f\u00eate Rachid Nekkaz.\u00a0<\/a>Alors que ce dernier \u00e9tait attendu par de nombreux journalistes pour une conf\u00e9rence de presse, c\u2019est un parfait inconnu, garagiste de profession, portant le m\u00eame nom que le candidat, qui a \u00e9t\u00e9 envoy\u00e9 pour prendre la parole devant eux.<\/p>\n<p>Ce \u00ab\u00a0faux\u00a0\u00bb Rachid Nekkaz est en fait apparu \u00e0 l\u2019initiative du \u00ab\u00a0vrai\u00a0\u00bb Rachid Nekkaz. Ne pouvant sans doute pas se pr\u00e9senter en l\u2019\u00e9tat des textes car il n\u2019a pas v\u00e9cu suffisamment en\u00a0Alg\u00e9rie et son \u00e9pouse serait \u00ab\u00a0\u00e9trang\u00e8re\u00a0\u00bb, Rachid Nekkaz a donc pr\u00e9sent\u00e9 les signatures requises pour sa candidature au nom d\u2019un homonyme\u00a0: un de ses cousins\u2026 L\u2019\u00e9v\u00e9nement est qualifi\u00e9 de\u00a0<em>\u00ab\u00a0surr\u00e9aliste\u00a0\u00bb\u00a0<\/em>par la presse ind\u00e9pendante.<\/p>\n<\/section>\n<p><a href=\"https:\/\/www.lemonde.fr\/afrique\/article\/2019\/03\/04\/algerie-bouteflika-n-a-pas-convaincu-la-presse-independante_5431284_3212.html\">LE MONDE<\/a><\/p>\n","protected":false},"excerpt":{"rendered":"<p>Les garanties li\u00e9es au d\u00e9p\u00f4t de sa candidature \u00e0 un 5e mandat sont per\u00e7ues comme une ultime man\u0153uvre. &nbsp; Par Madjid Zerrouky et Allan Kaval\u00a0 Au lendemain du\u00a0d\u00e9p\u00f4t de candidature contest\u00e9 du pr\u00e9sident Abdelaziz Bouteflika, la presse alg\u00e9rienne r\u00e9agit, lundi\u00a04\u00a0mars, \u00e0 l\u2019inflexibilit\u00e9 du pouvoir, d\u00e9termin\u00e9 \u00e0 pousser le chef de\u00a0l\u2019Etat de 82\u00a0ans \u00e0 briguer un<\/p>\n","protected":false},"author":134,"featured_media":37853,"comment_status":"open","ping_status":"open","sticky":false,"template":"","format":"standard","meta":{"_uf_show_specific_survey":0,"_uf_disable_surveys":false,"footnotes":""},"categories":[37],"tags":[],"class_list":{"0":"post-37851","1":"post","2":"type-post","3":"status-publish","4":"format-standard","5":"has-post-thumbnail","7":"category-alaune-fr"},"aioseo_notices":[],"_links":{"self":[{"href":"https:\/\/middleeasttransparent.com\/fr\/wp-json\/wp\/v2\/posts\/37851","targetHints":{"allow":["GET"]}}],"collection":[{"href":"https:\/\/middleeasttransparent.com\/fr\/wp-json\/wp\/v2\/posts"}],"about":[{"href":"https:\/\/middleeasttransparent.com\/fr\/wp-json\/wp\/v2\/types\/post"}],"author":[{"embeddable":true,"href":"https:\/\/middleeasttransparent.com\/fr\/wp-json\/wp\/v2\/users\/134"}],"replies":[{"embeddable":true,"href":"https:\/\/middleeasttransparent.com\/fr\/wp-json\/wp\/v2\/comments?post=37851"}],"version-history":[{"count":0,"href":"https:\/\/middleeasttransparent.com\/fr\/wp-json\/wp\/v2\/posts\/37851\/revisions"}],"wp:featuredmedia":[{"embeddable":true,"href":"https:\/\/middleeasttransparent.com\/fr\/wp-json\/wp\/v2\/media\/37853"}],"wp:attachment":[{"href":"https:\/\/middleeasttransparent.com\/fr\/wp-json\/wp\/v2\/media?parent=37851"}],"wp:term":[{"taxonomy":"category","embeddable":true,"href":"https:\/\/middleeasttransparent.com\/fr\/wp-json\/wp\/v2\/categories?post=37851"},{"taxonomy":"post_tag","embeddable":true,"href":"https:\/\/middleeasttransparent.com\/fr\/wp-json\/wp\/v2\/tags?post=37851"}],"curies":[{"name":"wp","href":"https:\/\/api.w.org\/{rel}","templated":true}]}}