{"id":37063,"date":"2019-01-22T23:51:55","date_gmt":"2019-01-22T22:51:55","guid":{"rendered":"https:\/\/middleeasttransparent.com\/?p=37063"},"modified":"2019-01-22T23:51:55","modified_gmt":"2019-01-22T22:51:55","slug":"liban-rien-ne-va-plus","status":"publish","type":"post","link":"https:\/\/middleeasttransparent.com\/fr\/liban-rien-ne-va-plus\/","title":{"rendered":"Liban\u00a0: rien ne va plus"},"content":{"rendered":"<div class=\"floatingToolbox fixed\">\n<p><strong>Il fut un temps o\u00f9 les dirigeants arabes se bousculaient pour se r\u00e9unir \u00e0 Beyrouth. Le Liban fut longtemps, aux yeux des Arabes, leur vitrine et leur tribune. On se souvient des deux r\u00e9unions au sommet de Beyrouth, tenues sous le mandat d\u2019\u00c9mile Lahoud que nul ne peut gratifier du titre de \u00ab\u00a0pr\u00e9sident fort\u00a0\u00bb. Le sommet de la francophonie et le sommet arabe avaient, \u00e0 l\u2019\u00e9poque, permis d\u2019asseoir le Liban, en voie de reconstruction, \u00e0 une place privil\u00e9gi\u00e9e dans le concert des nations.<\/strong><\/p>\n<p><strong> Les alli\u00e9s libanais de l\u2019axe T\u00e9h\u00e9ran-Damas viennent de r\u00e9duire l\u2019actuel sommet \u00e9conomique arabe au statut lamentable de r\u00e9union d\u2019une commission technique.<\/strong> \u00c0 l\u2019heure o\u00f9 ce papier est r\u00e9dig\u00e9, seul le pr\u00e9sident mauritanien confirme sa pr\u00e9sence. On attend l\u2019arriv\u00e9e de l\u2019\u00e9mir du Qatar aupr\u00e8s duquel le pr\u00e9sident libanais a d\u00fb, semble-t-il, insister pour le convaincre de venir \u00e0 Beyrouth. Jadis joyau du monde arabe, le Liban d\u2019aujourd\u2019hui serait devenu un pestif\u00e9r\u00e9 ou un paria qu\u2019on a int\u00e9r\u00eat \u00e0 \u00e9viter. Le z\u00e8le pro-Bachar du chef du CPL et celui antilibyen du tandem Amal-Hezbollah ont produit leurs effets d\u00e9vastateurs. Qui s\u00e8me le vent r\u00e9colte la temp\u00eate.<\/p>\n<\/div>\n<div class=\"text\">\n<p><strong>Et maintenant, on fait quoi ?<\/strong><\/p>\n<p>On commence d\u2019abord par appeler un chat un chat et par d\u00e9noncer l\u2019incurie de la diplomatie libanaise qui a d\u00e9cid\u00e9, gr\u00e2ce au ministre responsable, de faire de la surench\u00e8re en tant que porte-voix du r\u00e9gime syrien et des int\u00e9r\u00eats iraniens ; alors que le monde entier supplie le Liban de garder une distance de r\u00e9serve par rapport aux grands positionnements strat\u00e9giques au Proche-Orient.<\/p>\n<p><strong>Ensuite, on fait le constat que le pouvoir libanais et son pr\u00e9sident dit fort ne sont plus en mesure de diriger le navire qui prend l\u2019eau de partout<\/strong>. Il suffit de m\u00e9diter la r\u00e9partie de Gebran Bassil, pr\u00e9sident du CPL, \u00e0 la r\u00e9cente et maladroite r\u00e9union maronite de Bkerk\u00e9, telle que rapport\u00e9e par les m\u00e9dias. Lors d\u2019un \u00e9change vif avec Sleiman Frangi\u00e9, il se serait vant\u00e9 d\u2019avoir bloqu\u00e9 durant deux ans et demi toutes les institutions, certes, cela aurait permis de faire nommer un pr\u00e9sident \u00ab\u00a0fort\u00a0\u00bb de la R\u00e9publique, son beau-p\u00e8re en l\u2019occurrence. Nous ignorons si le ministre Bassil est conscient que le blocage intentionnel des institutions publiques, par un homme d\u2019\u00c9tat, est au mieux une f\u00e9lonie, au pire un crime.<\/p>\n<p><strong>Et puis, on d\u00e9cide enfin de s\u2019affranchir des d\u00e9mons de la logique confessionnelle<\/strong>. L\u2019atomisation sectaire et clanique actuelle a atteint un ab\u00eeme sans fond. Telle est la cons\u00e9quence du chiisme politique qui ne parvient pas \u00e0 \u00eatre un digne h\u00e9ritier du maronitisme politique de jadis qui avait, en d\u00e9pit de ses tares, construit l\u2019\u00c9tat le plus moderne et le plus libre du monde arabe. Aujourd\u2019hui, personne n\u2019est dispos\u00e9 \u00e0 venir au secours du Liban, transform\u00e9 en ar\u00e8ne pour fripons et autres gladiateurs mafieux, sans compter son obstination \u00e0 prendre fait et cause des men\u00e9es antiarabes de l\u2019Iran des mollahs et du r\u00e9gime de Damas.<\/p>\n<p><strong>Il ne sert \u00e0 rien d\u2019analyser et de discuter. Chacun doit se poser la question\u00a0: que puis-je faire \u00e0 mon niveau pour sauver ce qui peut encore l\u2019\u00eatre ? Il faut commencer par surmonter sa propre peur et dire \u00ab\u00a0non\u00a0\u00bb au mensonge officiel.<\/strong><\/p>\n<p><strong>Parler ne suffit pas. Il faut agir.<\/strong> Pour le faire, on se doit de quitter politiquement le giron de \u00ab\u00a0maman-communaut\u00e9\u00a0\u00bb. La nocivit\u00e9 de l\u2019approche confessionnelle du probl\u00e8me le prouve suffisamment. Il ne sert \u00e0 rien de demander, par exemple, \u00e0 Al Capone d\u2019initier une r\u00e9forme salutaire afin de lutter contre la corruption et les m\u0153urs mafieuses. De m\u00eame, il ne suffit pas de se laisser aller \u00e0 l\u2019activisme d\u2019une soci\u00e9t\u00e9 dite civile. Lib\u00e9rer un pays occup\u00e9, otage de r\u00e9seaux du crime organis\u00e9, est encore possible \u00e0 condition de se regrouper en forces politiques non confessionnelles.<\/p>\n<p><strong>Qui oserait en prendre l\u2019initiative? Cela devient urgent, car rien ne va plus.<\/strong><\/p>\n<p>acourban@gmail.com<\/p>\n<p><a href=\"https:\/\/www.lorientlejour.com\/article\/1153614\/liban-rien-ne-va-plus.html\">OLJ<\/a><\/p>\n<section class=\"alauneArticles\"><\/section>\n<\/div>\n","protected":false},"excerpt":{"rendered":"<p>Il fut un temps o\u00f9 les dirigeants arabes se bousculaient pour se r\u00e9unir \u00e0 Beyrouth. Le Liban fut longtemps, aux yeux des Arabes, leur vitrine et leur tribune. On se souvient des deux r\u00e9unions au sommet de Beyrouth, tenues sous le mandat d\u2019\u00c9mile Lahoud que nul ne peut gratifier du titre de \u00ab\u00a0pr\u00e9sident fort\u00a0\u00bb. Le<\/p>\n","protected":false},"author":33,"featured_media":37066,"comment_status":"open","ping_status":"open","sticky":false,"template":"","format":"standard","meta":{"_uf_show_specific_survey":0,"_uf_disable_surveys":false,"footnotes":""},"categories":[22],"tags":[],"class_list":{"0":"post-37063","1":"post","2":"type-post","3":"status-publish","4":"format-standard","5":"has-post-thumbnail","7":"category-actualites-fr"},"aioseo_notices":[],"_links":{"self":[{"href":"https:\/\/middleeasttransparent.com\/fr\/wp-json\/wp\/v2\/posts\/37063","targetHints":{"allow":["GET"]}}],"collection":[{"href":"https:\/\/middleeasttransparent.com\/fr\/wp-json\/wp\/v2\/posts"}],"about":[{"href":"https:\/\/middleeasttransparent.com\/fr\/wp-json\/wp\/v2\/types\/post"}],"author":[{"embeddable":true,"href":"https:\/\/middleeasttransparent.com\/fr\/wp-json\/wp\/v2\/users\/33"}],"replies":[{"embeddable":true,"href":"https:\/\/middleeasttransparent.com\/fr\/wp-json\/wp\/v2\/comments?post=37063"}],"version-history":[{"count":0,"href":"https:\/\/middleeasttransparent.com\/fr\/wp-json\/wp\/v2\/posts\/37063\/revisions"}],"wp:featuredmedia":[{"embeddable":true,"href":"https:\/\/middleeasttransparent.com\/fr\/wp-json\/wp\/v2\/media\/37066"}],"wp:attachment":[{"href":"https:\/\/middleeasttransparent.com\/fr\/wp-json\/wp\/v2\/media?parent=37063"}],"wp:term":[{"taxonomy":"category","embeddable":true,"href":"https:\/\/middleeasttransparent.com\/fr\/wp-json\/wp\/v2\/categories?post=37063"},{"taxonomy":"post_tag","embeddable":true,"href":"https:\/\/middleeasttransparent.com\/fr\/wp-json\/wp\/v2\/tags?post=37063"}],"curies":[{"name":"wp","href":"https:\/\/api.w.org\/{rel}","templated":true}]}}