{"id":36306,"date":"2018-12-23T13:53:54","date_gmt":"2018-12-23T12:53:54","guid":{"rendered":"https:\/\/middleeasttransparent.com\/?p=36306"},"modified":"2018-12-23T13:53:54","modified_gmt":"2018-12-23T12:53:54","slug":"pere-abou-symbole-de-la-resistance-culturelle-contre-loccupation-syrienne-nest-plus","status":"publish","type":"post","link":"https:\/\/middleeasttransparent.com\/fr\/pere-abou-symbole-de-la-resistance-culturelle-contre-loccupation-syrienne-nest-plus\/","title":{"rendered":"P\u00e8re Abou, symbole de la \u00ab\u00a0r\u00e9sistance culturelle\u00a0\u00bb contre l&rsquo;occupation syrienne, n&rsquo;est plus"},"content":{"rendered":"<h1><\/h1>\n<div class=\"summary\">\n<h2><strong>Grande figure intellectuelle, l&rsquo;ancien recteur de l&rsquo;Universit\u00e9 Saint-Joseph est d\u00e9c\u00e9d\u00e9 \u00e0 l&rsquo;\u00e2ge de 90 ans.<\/strong><\/h2>\n<\/div>\n<div class=\"date\"><\/div>\n<div class=\"text\">\n<p>L&rsquo;ancien recteur de l&rsquo;Universit\u00e9 Saint-Joseph (USJ) entre 1995 et 2003, le p\u00e8re S\u00e9lim Abou, figure embl\u00e9matique de toute une jeunesse en r\u00e9volte et anim\u00e9e par les id\u00e9aux de la \u00ab\u00a0r\u00e9sistance culturelle\u00a0\u00bb contre l&rsquo;occupation syrienne, est d\u00e9c\u00e9d\u00e9 dimanche matin, \u00e0 6 heures, \u00e0 l&rsquo;\u00e2ge de 90 ans.<\/p>\n<p>S\u00e9lim Abou est n\u00e9 en 1928 \u00e0 Beyrouth. En 1946, il entre chez les J\u00e9suites, en France, o\u00f9 il poursuit des \u00e9tudes litt\u00e9raires, philosophiques et th\u00e9ologiques. En 1961 il obtient un doctorat \u00e8s Lettres, peut-on lire sur le site de l&rsquo;USJ. Suite \u00e0 la fermeture de l\u2019Ecole Sup\u00e9rieure des Lettres, il fonde en 1977 la Facult\u00e9 des Lettres et des Sciences humaines de l\u2019USJ dont il sera le doyen jusqu\u2019en 1992. De 1995 \u00e0 2003 il est recteur de l&rsquo;USJ.<\/p>\n<p>De juin 1993 \u00e0 f\u00e9vrier 1999, il est le coordonnateur du r\u00e9seau \u00ab\u00a0Cultures langues et d\u00e9veloppement\u00a0\u00bb de l&rsquo;AUPELF\/UREF. Il est aussi directeur des Presses de l\u2019USJ et titulaire de la Chaire Louis D. \u2013 Institut de France d\u2019anthropologie interculturelle.<\/p>\n<p>Ecrivain, philosophe et anthropologue, S\u00e9lim Abou a centr\u00e9 ses recherches sur l\u2019entrecroisement des cultures dans le monde, les ph\u00e9nom\u00e8nes d\u2019acculturation et les conflits d\u2019identit\u00e9, le multiculturalisme et la citoyennet\u00e9. Il est l&rsquo;auteur de plusieurs ouvrages dont : \u00a0\u00ab\u00a0Les Mbyas Guaranis. Le Temps de la Reconnaissance\u00a0\u00bb (2012), \u00ab\u00a0De l\u2019identit\u00e9 et du sens. La mondialisation de l\u2019angoisse identitaire et sa signification plurielle\u00a0\u00bb (2009), \u00ab\u00a0L\u2019identit\u00e9 culturelle, suivi de Cultures et droits de l\u2019homme\u00a0\u00bb (2002) et \u00ab\u00a0B\u00e9chir Gemayel ou l&rsquo;esprit d&rsquo;un peuple\u00a0\u00bb (1984).<\/p>\n<p>Ses discours \u00e0 l&rsquo;occasion de la f\u00eate de saint Joseph, attendus par les \u00e9tudiants, le corps enseignant et m\u00eame certains milieux politiques, avaient \u00e9t\u00e9 compil\u00e9s dans \u00ab\u00a0Les libert\u00e9s. Discours annuels du Recteur de l\u2019Universit\u00e9 Saint-Joseph 1996-2003\u00a0\u00bb (2003).<\/p>\n<p><b>Ses discours contre l&rsquo;occupation syrienne\u00a0<\/b><\/p>\n<p>En effet, dans ses discours \u00e0 l&rsquo;occasion de la Saint-Joseph, S\u00e9lim Abou s&rsquo;attaquait, sans se d\u00e9partir un instant de son discours acad\u00e9mique, \u00e0 la violence symbolique pratiqu\u00e9e par Damas contre le Liban et ses institutions.<strong> Il d\u00e9non\u00e7ait notamment un processus de perversion du langage au service de la l\u00e9gitimation de la tutelle, visant \u00e0 cr\u00e9er un nouvel univers mental et politique, en annulant le discernement critique qui fonde le jugement,<\/strong> rompant la coh\u00e9sion sociale, disloquant la solidarit\u00e9 pour la remplacer par de la m\u00e9fiance, suspendant le discours rationnel afin d&#8217;emp\u00eacher, ultimement, tout dialogue et toute remise en question du statu quo.<\/p>\n<p>Le p\u00e8re Abou, qui s&rsquo;est vite attir\u00e9 le feu mena\u00e7ant des caciques de l&rsquo;occupation syrienne, a continu\u00e9 n\u00e9anmoins \u00e0 d\u00e9monter, ann\u00e9e par ann\u00e9e et pi\u00e8ce par pi\u00e8ce, le syst\u00e8me syrien au Liban.\u00a0<a href=\"https:\/\/www.lorientlejour.com\/article\/393415\/Abou_%253A_%253C%253C_L%2527occupation_est_la_mere__des_plaies_dont_souffre_le_Liban_%253E%253E%2528photo%2529.html\" target=\"_blank\" rel=\"noopener\">En d\u00e9cembre 2002 il affirmait par exemple<\/a>\u00a0que \u00ab\u00a0<strong>l\u2019occupation est la m\u00e8re des plaies dont souffre le Liban<\/strong>\u00ab\u00a0, estimant qu\u2019une \u00ab\u00a0r\u00e9sistance culturelle\u00a0\u00bb serait actuellement plus efficace que les sit-in et les manifestations \u00ab\u00a0sauvagement r\u00e9prim\u00e9es\u00a0\u00bb.<\/p>\n<p><strong>Peu enthousiaste vis-\u00e0-vis des mouvements de masse, \u00a0le p\u00e8re Abou avait incit\u00e9 les \u00e9tudiants dans ses discours \u00e0 mettre en \u0153uvre une \u00ab\u00a0r\u00e9sistance culturelle\u00a0\u00bb contre l&rsquo;occupant<\/strong>, les exhortant \u00e0 \u00e9crire, \u00e0 se faire entendre autrement, \u00e0 consolider leur engagement pour la culture des droits de l&rsquo;homme et des libert\u00e9s publiques, et \u00e0 sortir de leur carcan communautaire et tribal, en \u00e9largissant la plateforme de leur r\u00e9sistance estudiantine. Rien que pour cela,\u00a0<a href=\"https:\/\/www.lorientlejour.com\/article\/922440\/selim-abou-la-flamme-de-la-resistance.html?fbclid=IwAR2achmQnQ1jMjrqlikLtJpfxz7vpucke1SJ2Vl7d7MsM_Ua6QLn3No0Wj0\" target=\"_blank\" rel=\"noopener\">S\u00e9lim Abou reste l&rsquo;un des p\u00e8res symboliques du retrait syrien.\u00a0<\/a><\/p>\n<p>\u00ab\u00a0Philosophe et penseur des droits de l\u2019homme, S\u00e9lim Abou en prend la d\u00e9fense tant dans ses \u00e9crits que dans ses discours de la Saint-Joseph, durant toute la dur\u00e9e de son mandat de recteur de l\u2019USJ, avec une insistance particuli\u00e8re sur le respect absolu de la dignit\u00e9 de l\u2019\u00eatre humain et sur la libert\u00e9 des personnes et des peuples. Cela fait de lui ce que j\u2019ai appel\u00e9 moi-m\u00eame un anthropologue de l\u2019universel. Son objectif est de d\u00e9tecter dans les particularit\u00e9s du culturel la dimension universelle propre \u00e0 l\u2019humain, qui v\u00e9hicule, toujours, quelles qu\u2019en soient les conditions, des valeurs transcendantales\u00a0\u00bb, avait \u00e9crit le professeur Mounir Chamoun dans les\u00a0<a href=\"https:\/\/www.lorientlejour.com\/article\/804829\/Selim_Abou%252C_un_anthropologue__de_l%2527universel.html\" target=\"_blank\" rel=\"noopener\">colonnes de L&rsquo;Orient-Le Jour en 2013.\u00a0<\/a><\/p>\n<p>\u00ab\u00a0P\u00e8re Abou est avant tout un p\u00e9dagogue qui a pris \u00e0 sa charge, au sortir d\u2019une guerre de type identitaire, d\u2019aider les Libanais \u00e0 r\u00e9pondre \u00e0 la question fondamentale qui se pose \u00e0 eux\u2009: comment vivre ensemble \u00e9gaux dans leurs droits et leurs devoirs, et diff\u00e9rents dans leurs appartenances communautaires\u2009?\u00a0\u00bb, avait de son c\u00f4t\u00e9 \u00e9crit Samir Frangi\u00e9\u00a0<a href=\"https:\/\/www.lorientlejour.com\/article\/809875\/selim-abou-citoyen-engage.html\" target=\"_blank\" rel=\"noopener\">dans L&rsquo;Orient Litt\u00e9raire en 2013.\u00a0<\/a><\/p>\n<p><a href=\"https:\/\/www.lorientlejour.com\/article\/1149723\/pere-abou-symbole-de-la-resistance-culturelle-contre-loccupation-syrienne-nest-plus.html\"><strong>OLJ<\/strong><\/a><\/p>\n<p><b>Lire aussi<\/b><\/p>\n<p><a href=\"https:\/\/www.lorientlejour.com\/article\/922440\/selim-abou-la-flamme-de-la-resistance.html?fbclid=IwAR2achmQnQ1jMjrqlikLtJpfxz7vpucke1SJ2Vl7d7MsM_Ua6QLn3No0Wj0\" target=\"_blank\" rel=\"noopener\">S\u00e9lim Abou, la flamme de la r\u00e9sistance,\u00a0<\/a><a href=\"https:\/\/www.lorientlejour.com\/article\/922440\/selim-abou-la-flamme-de-la-resistance.html?fbclid=IwAR2achmQnQ1jMjrqlikLtJpfxz7vpucke1SJ2Vl7d7MsM_Ua6QLn3No0Wj0\" target=\"_blank\" rel=\"noopener\">par Michel Hajji Georgiou\u00a0<\/a><\/p>\n<p><a href=\"https:\/\/www.lorientlejour.com\/article\/1108430\/selim-abou-a-quatre-vingt-dix-ans.html\" target=\"_blank\" rel=\"noopener\">S\u00e9lim Abou a quatre-vingt-dix ans<\/a><\/p>\n<\/div>\n","protected":false},"excerpt":{"rendered":"<p>Grande figure intellectuelle, l&rsquo;ancien recteur de l&rsquo;Universit\u00e9 Saint-Joseph est d\u00e9c\u00e9d\u00e9 \u00e0 l&rsquo;\u00e2ge de 90 ans. L&rsquo;ancien recteur de l&rsquo;Universit\u00e9 Saint-Joseph (USJ) entre 1995 et 2003, le p\u00e8re S\u00e9lim Abou, figure embl\u00e9matique de toute une jeunesse en r\u00e9volte et anim\u00e9e par les id\u00e9aux de la \u00ab\u00a0r\u00e9sistance culturelle\u00a0\u00bb contre l&rsquo;occupation syrienne, est d\u00e9c\u00e9d\u00e9 dimanche matin, \u00e0 6<\/p>\n","protected":false},"author":48,"featured_media":36308,"comment_status":"open","ping_status":"open","sticky":false,"template":"","format":"standard","meta":{"_uf_show_specific_survey":0,"_uf_disable_surveys":false,"footnotes":""},"categories":[22],"tags":[],"class_list":{"0":"post-36306","1":"post","2":"type-post","3":"status-publish","4":"format-standard","5":"has-post-thumbnail","7":"category-actualites-fr"},"aioseo_notices":[],"_links":{"self":[{"href":"https:\/\/middleeasttransparent.com\/fr\/wp-json\/wp\/v2\/posts\/36306","targetHints":{"allow":["GET"]}}],"collection":[{"href":"https:\/\/middleeasttransparent.com\/fr\/wp-json\/wp\/v2\/posts"}],"about":[{"href":"https:\/\/middleeasttransparent.com\/fr\/wp-json\/wp\/v2\/types\/post"}],"author":[{"embeddable":true,"href":"https:\/\/middleeasttransparent.com\/fr\/wp-json\/wp\/v2\/users\/48"}],"replies":[{"embeddable":true,"href":"https:\/\/middleeasttransparent.com\/fr\/wp-json\/wp\/v2\/comments?post=36306"}],"version-history":[{"count":0,"href":"https:\/\/middleeasttransparent.com\/fr\/wp-json\/wp\/v2\/posts\/36306\/revisions"}],"wp:featuredmedia":[{"embeddable":true,"href":"https:\/\/middleeasttransparent.com\/fr\/wp-json\/wp\/v2\/media\/36308"}],"wp:attachment":[{"href":"https:\/\/middleeasttransparent.com\/fr\/wp-json\/wp\/v2\/media?parent=36306"}],"wp:term":[{"taxonomy":"category","embeddable":true,"href":"https:\/\/middleeasttransparent.com\/fr\/wp-json\/wp\/v2\/categories?post=36306"},{"taxonomy":"post_tag","embeddable":true,"href":"https:\/\/middleeasttransparent.com\/fr\/wp-json\/wp\/v2\/tags?post=36306"}],"curies":[{"name":"wp","href":"https:\/\/api.w.org\/{rel}","templated":true}]}}