{"id":36126,"date":"2018-12-10T20:53:51","date_gmt":"2018-12-10T19:53:51","guid":{"rendered":"https:\/\/middleeasttransparent.com\/?p=36126"},"modified":"2018-12-10T20:55:10","modified_gmt":"2018-12-10T19:55:10","slug":"liban-crise-ouverte-de-regime","status":"publish","type":"post","link":"https:\/\/middleeasttransparent.com\/fr\/liban-crise-ouverte-de-regime\/","title":{"rendered":"Liban:\u00a0\u00a0Crise ouverte de r\u00e9gime !"},"content":{"rendered":"<div class=\"gmail_default\">\n<h3 class=\"m_8705808276579314680gmail-attributes\"><span style=\"color: #0000ff;\"><strong>En avouant publiquement, f\u00fbt-ce par un communiqu\u00e9 laconique de son service de presse, son embarras \u00e0 assumer ses responsabilit\u00e9s constitutionnelles et former l\u2019\u00e9quipe gouvernementale que lui avait propos\u00e9e le Premier ministre d\u00e9sign\u00e9 Saad Hariri, le pr\u00e9sident Michel Aoun ouvre de facto une crise de r\u00e9gime.<\/strong><\/span><\/h3>\n<div><\/div>\n<div class=\"m_8705808276579314680gmail-attributes\">Ce n\u2019est pas le Premier ministre d\u00e9sign\u00e9 qui peut \u00eatre rendu responsable du blocage, car il est victime d\u2019un chantage en bonne et due forme. Alors qu\u2019on pensait que le gouvernement dont le Liban a urgemment besoin allait enfin voir le jour, le guide supr\u00eame de la R\u00e9publique libanaise a lanc\u00e9 un diktat sans appel imposant \u00e0 Monsieur Hariri de confier un portefeuille \u00e0 un des membres de la Brigade des Six, les tristement c\u00e9l\u00e8bres six personnalit\u00e9s sunnites, complaisantes et mall\u00e9ables comme de la p\u00e2te \u00e0 modeler, soudainement constitu\u00e9es en groupe parlementaire oppos\u00e9 \u00e0 Saad Hariri comme il se doit.<\/div>\n<\/div>\n<div>\n<p>Oui, mais de quel chapeau de magicien allait-on sortir le fameux portefeuille exig\u00e9 par le guide supr\u00eame ? Est-ce de la part r\u00e9serv\u00e9e au pr\u00e9sident de la R\u00e9publique ou bien de celle qui rel\u00e8ve du Premier ministre ? On aura constat\u00e9, en passant, que nul n\u2019a trouv\u00e9 insultant ou d\u00e9gradant pour un futur ministre de se voir confiner au r\u00f4le subalterne de n\u2019\u00eatre qu\u2019une parcelle de la part de telle ou telle chefferie tribale. Il ne suffit apparemment pas d\u2019\u00eatre sunnite, ou chiite, ou maronite, etc., au doux pays des confessions et des sectes, dont la seule \u00e9vocation entra\u00eene, chez les esprits dot\u00e9s de bon sens, une naus\u00e9e incontr\u00f4lable. Si cet unique portefeuille de la Brigade des Six est \u00ab\u00a0sunnito-haririen\u00a0\u00bb, le Premier ministre aurait bu ainsi jusqu\u2019\u00e0 la lie le calice de l\u2019humiliation supr\u00eame qu\u2019on lui fait ingurgiter depuis de longues ann\u00e9es, \u00e0 la plus grande jubilation de ceux qui ont assassin\u00e9 son p\u00e8re et leurs bruyants alli\u00e9s minoritaires.<\/p>\n<p>Par contre, si ce m\u00eame portefeuille est sunnito-aouniste, le pr\u00e9sident de la R\u00e9publique perd ipso facto le droit de veto que lui conf\u00e9rerait le nombre magique de 11 ministres sur 30 (soit le 1\/3 + 1), \u00e9p\u00e9e de Damocl\u00e8s que le pr\u00e9sident \u00ab\u00a0fort\u00a0\u00bb et \u00ab\u00a0chr\u00e9tien\u00a0\u00bb tiendrait suspendue au-dessus de la t\u00eate de tous ses adversaires, comme jadis avant les accords de Ta\u00ebf tant honnis par les affid\u00e9s des mollahs de T\u00e9h\u00e9ran et leurs comparses. Le guide supr\u00eame de la future \u00ab\u00a0R\u00e9publique islamique du Liban\u00a0\u00bb, Hassan Nasrallah, a ainsi lanc\u00e9 dans la mare aux crapauds de la politique libanaise, un pav\u00e9 de taille. Pour ne pas appara\u00eetre comme l\u2019unique auteur du blocage du gouvernement, il a contourn\u00e9 le probl\u00e8me en le ramenant \u00e0 une vulgaire querelle entre un pr\u00e9sident chr\u00e9tien-maronite de la R\u00e9publique et un Premier ministre musulman sunnite.<\/p>\n<p>Cela fait des d\u00e9cennies que les Libanais se laissent na\u00efvement pi\u00e9ger par de telles man\u0153uvres dont ont us\u00e9 et abus\u00e9 les Assad p\u00e8re et fils \u00e0 l\u2019\u00e9poque de l\u2019occupation syrienne, et qui continuent \u00e0 prouver leur efficacit\u00e9 tant la notion de l\u2019identit\u00e9 citoyenne passe au deuxi\u00e8me plan aux yeux de bon nombre de Libanais, victimes d\u2019un \u00e9tat pathologique d\u2019hallucinose qu\u2019entra\u00eene l\u2019obsession de la maladie identitaire. Jamais, depuis l\u2019\u00e9poque ottomane, la fusion gr\u00e9gaire au sein du groupe confessionnel n\u2019a pris de telles dimensions inqui\u00e9tantes.<\/p>\n<div id=\"m_8705808276579314680gmail-teadsad\"><\/div>\n<p><strong>Bref, le pr\u00e9sident de la R\u00e9publique, ne comprenant pas pourquoi Saad Hariri ne se conforme pas \u00e0 la formule qu\u2019on lui impose sous la contrainte<\/strong>, a laconiquement d\u00e9clar\u00e9 via son service de presse\u00a0: \u00ab\u00a0Si le blocage de la formation du gouvernement se maintient, il est tout \u00e0 fait naturel que le pr\u00e9sident de la R\u00e9publique confie cette affaire \u00e0 la Chambre des d\u00e9put\u00e9s afin de pouvoir se doter d\u2019une d\u00e9cision sur des bases solides ( )\u00a0\u00bb.<\/p>\n<p>On croit r\u00eaver. On a d\u00e9j\u00e0 tout vu en mati\u00e8re de violation de la Constitution au Liban, mais jamais un pr\u00e9sident de la R\u00e9publique n\u2019a publiquement avou\u00e9 son incapacit\u00e9, ou son refus, d\u2019appliquer ses propres pr\u00e9rogatives constitutionnelles. Nul n\u2019aurait jamais os\u00e9 imaginer que viendrait le jour o\u00f9 le premier magistrat du pays, l\u2019homme qui est le seul \u00e0 pr\u00eater serment sur la Constitution, le chef de l\u2019ex\u00e9cutif qui s\u2019est engag\u00e9 devant les repr\u00e9sentants de la nation \u00e0 d\u00e9fendre, au prix de sa vie s\u2019il le faut, la Constitution du peuple libanais, que ce m\u00eame homme ferait comme si la Constitution n\u2019existait pas et irait chercher une autre l\u00e9gitimit\u00e9 dans les compromis politiques et non dans le respect de la proc\u00e9dure constitutionnelle dont il demeure le gardien supr\u00eame.<\/p>\n<p><strong>Le pr\u00e9sident Aoun est g\u00ean\u00e9 par le blocage gouvernemental ? Pourquoi ? Il d\u00e9tient pourtant le pouvoir de former une \u00e9quipe minist\u00e9rielle sur-le-champ. Il lui suffit de signer le d\u00e9cret de nomination.<\/strong> <strong>Pourquoi ne le fait-il pas conform\u00e9ment \u00e0 son r\u00f4le d\u2019arbitre supr\u00eame, au-dessus de la m\u00eal\u00e9e ?<\/strong> Est-ce parce qu\u2019il craint d\u2019appliquer la Constitution et de mettre en \u0153uvre ses propres pouvoirs r\u00e9galiens ? Cela risquerait de f\u00e2cher quelqu\u2019un ? Qui ? S\u2019il en est ainsi, nous sommes en droit de nous poser la question de savoir si les couloirs du palais de Baabda ne sont pas emport\u00e9s par les bourrasques d\u2019une crise de r\u00e9gime qui risque de nous pr\u00e9cipiter dans l\u2019inconnu.<\/p>\n<p>acourban@gmail.com<\/p>\n<p><a href=\"https:\/\/www.lorientlejour.com\/article\/1147573\/crise-ouverte-de-regime-.html\">OLJ<\/a><\/p>\n<div class=\"yj6qo ajU\"><\/div>\n<\/div>\n","protected":false},"excerpt":{"rendered":"<p>En avouant publiquement, f\u00fbt-ce par un communiqu\u00e9 laconique de son service de presse, son embarras \u00e0 assumer ses responsabilit\u00e9s constitutionnelles et former l\u2019\u00e9quipe gouvernementale que lui avait propos\u00e9e le Premier ministre d\u00e9sign\u00e9 Saad Hariri, le pr\u00e9sident Michel Aoun ouvre de facto une crise de r\u00e9gime. Ce n\u2019est pas le Premier ministre d\u00e9sign\u00e9 qui peut \u00eatre<\/p>\n","protected":false},"author":33,"featured_media":36130,"comment_status":"open","ping_status":"open","sticky":false,"template":"","format":"standard","meta":{"_uf_show_specific_survey":0,"_uf_disable_surveys":false,"footnotes":""},"categories":[37],"tags":[],"class_list":{"0":"post-36126","1":"post","2":"type-post","3":"status-publish","4":"format-standard","5":"has-post-thumbnail","7":"category-alaune-fr"},"aioseo_notices":[],"_links":{"self":[{"href":"https:\/\/middleeasttransparent.com\/fr\/wp-json\/wp\/v2\/posts\/36126","targetHints":{"allow":["GET"]}}],"collection":[{"href":"https:\/\/middleeasttransparent.com\/fr\/wp-json\/wp\/v2\/posts"}],"about":[{"href":"https:\/\/middleeasttransparent.com\/fr\/wp-json\/wp\/v2\/types\/post"}],"author":[{"embeddable":true,"href":"https:\/\/middleeasttransparent.com\/fr\/wp-json\/wp\/v2\/users\/33"}],"replies":[{"embeddable":true,"href":"https:\/\/middleeasttransparent.com\/fr\/wp-json\/wp\/v2\/comments?post=36126"}],"version-history":[{"count":0,"href":"https:\/\/middleeasttransparent.com\/fr\/wp-json\/wp\/v2\/posts\/36126\/revisions"}],"wp:featuredmedia":[{"embeddable":true,"href":"https:\/\/middleeasttransparent.com\/fr\/wp-json\/wp\/v2\/media\/36130"}],"wp:attachment":[{"href":"https:\/\/middleeasttransparent.com\/fr\/wp-json\/wp\/v2\/media?parent=36126"}],"wp:term":[{"taxonomy":"category","embeddable":true,"href":"https:\/\/middleeasttransparent.com\/fr\/wp-json\/wp\/v2\/categories?post=36126"},{"taxonomy":"post_tag","embeddable":true,"href":"https:\/\/middleeasttransparent.com\/fr\/wp-json\/wp\/v2\/tags?post=36126"}],"curies":[{"name":"wp","href":"https:\/\/api.w.org\/{rel}","templated":true}]}}