{"id":35812,"date":"2018-11-19T23:49:26","date_gmt":"2018-11-19T22:49:26","guid":{"rendered":"https:\/\/middleeasttransparent.com\/?p=35812"},"modified":"2018-11-19T23:49:26","modified_gmt":"2018-11-19T22:49:26","slug":"dune-reconciliation-a-lautre","status":"publish","type":"post","link":"https:\/\/middleeasttransparent.com\/fr\/dune-reconciliation-a-lautre\/","title":{"rendered":"D\u2019une r\u00e9conciliation \u00e0 l\u2019autre"},"content":{"rendered":"<div class=\"text\">\n<p><span style=\"color: #0000ff;\"><strong>Il est toujours heureux de voir se r\u00e9concilier d\u2019anciens rivaux qu\u2019une trag\u00e9die sanglante a s\u00e9par\u00e9s. Tout un chacun a pu se r\u00e9jouir de voir les deux chefs maronites Sleiman Frangi\u00e9 et Samir Geagea se donner l\u2019accolade \u00e0 Bkerk\u00e9 sous le regard, paternel et bienveillant, du patriarche de l\u2019\u00c9glise maronite, le cardinal Ra\u00ef.<\/strong><\/span><\/p>\n<p>&nbsp;<\/p>\n<p>Cet \u00e9v\u00e9nement s\u2019inscrit-il dans la m\u00eame logique que le compromis de Meerab, intervenu en 2016 entre les Forces libanaises de Samir Geagea et le Courant patriotique libre de Michel Aoun ?<\/p>\n<p>L\u2019\u00e9v\u00e9nement de Meerab nous fut pr\u00e9sent\u00e9, \u00e0 l\u2019\u00e9poque, comme \u00e9tant un accord d\u00e9finitif enterrant la hache de guerre entre les chefs de ces deux formations, guerre qui a tant co\u00fbt\u00e9 au Liban et \u00e0 ses chr\u00e9tiens depuis 1988. N\u00e9anmoins, l\u2019accord de Meerab n\u2019\u00e9tait pas un accord politique national, mais un compromis politique sur base confessionnelle entre deux factions convaincues de repr\u00e9senter, \u00e0 elles seules, toutes les composantes des communaut\u00e9s chr\u00e9tiennes du Liban. Par cet accord, les FL et le CPL se sont accord\u00e9s \u00e0 se partager entre eux la part des fonctions publiques et des postes d\u2019influence qui reviennent traditionnellement \u00e0 des chr\u00e9tiens, notamment la pr\u00e9sidence de la R\u00e9publique qui \u00e9chut donc au chef du CPL, Michel Aoun. Le compromis n\u2019allait pas au-del\u00e0. On n\u2019exigea pas du CPL de r\u00e9viser son alliance avec le Hezbollah, scell\u00e9e en 2006. De m\u00eame, les FL ne reni\u00e8rent pas leurs engagements et leurs alliances dans le camp dit souverainiste, profond\u00e9ment hostile au m\u00eame Hezbollah, \u00e0 sa mainmise sur l\u2019\u00c9tat libanais et \u00e0 son aventurisme militaire aux c\u00f4t\u00e9s du r\u00e9gime syrien per\u00e7u comme un \u00ab\u00a0ennemi politique\u00a0\u00bb par ce camp. <strong>La crise gouvernementale actuelle prouve, si besoin est, que le compromis de Meerab fut une journ\u00e9e de Dupes<\/strong>. Tous les slogans \u00ab\u00a0confessionnels\u00a0\u00bb utilis\u00e9s (\u00ab\u00a0Prends soin de ton fr\u00e8re\u00a0\u00bb ; \u00ab\u00a0Stop \u00e0 la guerre interchr\u00e9tienne\u00a0\u00bb, etc.) r\u00e9sonnent comme de lointains \u00e9chos de la guerre civile. Aujourd\u2019hui, ils se sont \u00e9vanouis en fum\u00e9e et on doit remercier les protagonistes de la r\u00e9conciliation de Bkerk\u00e9 d\u2019avoir pris soin de ne pas en faire usage.<\/p>\n<div id=\"lejoure_teads\"><\/div>\n<p><strong>Les m\u00e9dias ont d\u00e9ploy\u00e9 des tr\u00e9sors de rh\u00e9torique pour montrer que l\u2019accolade Frangi\u00e9-Geagea \u00e9tait celle de la grande r\u00e9conciliation entre les localit\u00e9s de B\u00e9charr\u00e9 (Geagea) de Zghorta-Ehden (Frangi\u00e9)<\/strong> ; ou encore entre le parti des Marada (Frangi\u00e9) et celui des FL (Geagea). Les localit\u00e9s de la haute montagne, B\u00e9charr\u00e9 et Ehden, n\u2019\u00e9taient pas en conflit arm\u00e9 entre elles ; de m\u00eame que les Marada et les FL ne sont pas en \u00e9tat de guerre. Les m\u00e9dias ont donc donn\u00e9 de l\u2019\u00e9v\u00e9nement une dimension quelque peu abusive.<\/p>\n<p>Et pourtant, la r\u00e9conciliation de Bkerk\u00e9 est d\u2019une importance capitale qu\u2019il faut applaudir. Elle permet un apaisement d\u2019une frange importante de l\u2019opinion publique du nord du Liban. E<strong>lle ouvre \u00e0 M. Frangi\u00e9 la possibilit\u00e9 de faire enfin le deuil de l\u2019horrible massacre de sa famille en 1978 \u00e0 Ehden et dont le Dr Geagea a longtemps \u00e9t\u00e9 rendu responsable, directement ou indirectement. <\/strong>On ne peut que f\u00e9liciter les deux hommes d\u2019avoir surmont\u00e9 leurs rancunes personnelles avec courage. On se doit \u00e9galement de rendre gr\u00e2ce aux efforts d\u00e9ploy\u00e9s par le cardinal Ra\u00ef pour rapprocher les deux chefs rivaux.<\/p>\n<p>Mais on doit \u00e9galement pouvoir mesurer, \u00e0 sa juste valeur, l\u2019impact politique de l\u2019\u00e9v\u00e9nement. La r\u00e9conciliation de Bkerk\u00e9 pose deux questions fondamentales ; l\u2019une relative au drame d\u2019Ehden, l\u2019autre au choix de l\u2019ami politique.<\/p>\n<p><strong>Quelle est l\u2019exacte v\u00e9rit\u00e9 historique de la trag\u00e9die d\u2019Ehden ?<\/strong> Sleiman Frangi\u00e9 a-t-il accept\u00e9, en bon chr\u00e9tien, d\u2019accorder son pardon \u00e0 Samir Geagea ? Ou bien a-t-il \u00e9t\u00e9 convaincu, de mani\u00e8re objective et indiscutable, de l\u2019innocence de ce dernier ? L\u2019opinion publique ne peut \u00eatre laiss\u00e9e dans l\u2019ignorance de la v\u00e9rit\u00e9 de ces \u00e9v\u00e9nements qui ont lourdement pes\u00e9 sur la vie politique libanaise depuis 1978.<\/p>\n<p><strong>L\u2019autre question est d\u2019ordre national.<\/strong> Elle porte sur le sujet qui divise et oppose tous les Libanais entre eux, en tout cas depuis 2005 et l\u2019assassinat de Rafic Hariri. Elle se formule ainsi\u00a0: \u00ab\u00a0Le r\u00e9gime alaouite-baassiste de Syrie, avec son pr\u00e9sident Bachar el-Assad, est-il oui ou non un ami politique ?\u00a0\u00bb<\/p>\n<p><strong>Jusqu\u2019\u00e0 plus ample information, Bachar el-Assad demeure un ami politique de Sleiman Frangi\u00e9 et de ses Marada, mais un ennemi politique de Samir Geagea et de son parti.<\/strong><\/p>\n<p><strong>D\u00e8s lors, quel est aujourd\u2019hui le d\u00e9nominateur politique commun entre les deux hommes r\u00e9concili\u00e9s s\u2019ils ne sont pas d\u2019accord, politiquement et d\u2019un point de vue national, sur la d\u00e9finition de l\u2019ami et de l\u2019ennemi ?<\/strong><\/p>\n<p>acourban@gmail.com<\/p>\n<p>*Beyrouth<\/p>\n<\/div>\n<p><a href=\"https:\/\/www.lorientlejour.com\/article\/1144212\/dune-reconciliation-a-lautre.html\">L&rsquo;Orient Le Jour<\/a><\/p>\n","protected":false},"excerpt":{"rendered":"<p>Il est toujours heureux de voir se r\u00e9concilier d\u2019anciens rivaux qu\u2019une trag\u00e9die sanglante a s\u00e9par\u00e9s. Tout un chacun a pu se r\u00e9jouir de voir les deux chefs maronites Sleiman Frangi\u00e9 et Samir Geagea se donner l\u2019accolade \u00e0 Bkerk\u00e9 sous le regard, paternel et bienveillant, du patriarche de l\u2019\u00c9glise maronite, le cardinal Ra\u00ef. &nbsp; Cet \u00e9v\u00e9nement<\/p>\n","protected":false},"author":33,"featured_media":35816,"comment_status":"open","ping_status":"open","sticky":false,"template":"","format":"standard","meta":{"_uf_show_specific_survey":0,"_uf_disable_surveys":false,"footnotes":""},"categories":[25],"tags":[],"class_list":{"0":"post-35812","1":"post","2":"type-post","3":"status-publish","4":"format-standard","5":"has-post-thumbnail","7":"category-decryptages"},"aioseo_notices":[],"_links":{"self":[{"href":"https:\/\/middleeasttransparent.com\/fr\/wp-json\/wp\/v2\/posts\/35812","targetHints":{"allow":["GET"]}}],"collection":[{"href":"https:\/\/middleeasttransparent.com\/fr\/wp-json\/wp\/v2\/posts"}],"about":[{"href":"https:\/\/middleeasttransparent.com\/fr\/wp-json\/wp\/v2\/types\/post"}],"author":[{"embeddable":true,"href":"https:\/\/middleeasttransparent.com\/fr\/wp-json\/wp\/v2\/users\/33"}],"replies":[{"embeddable":true,"href":"https:\/\/middleeasttransparent.com\/fr\/wp-json\/wp\/v2\/comments?post=35812"}],"version-history":[{"count":0,"href":"https:\/\/middleeasttransparent.com\/fr\/wp-json\/wp\/v2\/posts\/35812\/revisions"}],"wp:featuredmedia":[{"embeddable":true,"href":"https:\/\/middleeasttransparent.com\/fr\/wp-json\/wp\/v2\/media\/35816"}],"wp:attachment":[{"href":"https:\/\/middleeasttransparent.com\/fr\/wp-json\/wp\/v2\/media?parent=35812"}],"wp:term":[{"taxonomy":"category","embeddable":true,"href":"https:\/\/middleeasttransparent.com\/fr\/wp-json\/wp\/v2\/categories?post=35812"},{"taxonomy":"post_tag","embeddable":true,"href":"https:\/\/middleeasttransparent.com\/fr\/wp-json\/wp\/v2\/tags?post=35812"}],"curies":[{"name":"wp","href":"https:\/\/api.w.org\/{rel}","templated":true}]}}