{"id":35137,"date":"2018-10-16T19:30:46","date_gmt":"2018-10-16T18:30:46","guid":{"rendered":"https:\/\/middleeasttransparent.com\/?p=35137"},"modified":"2018-10-16T19:30:46","modified_gmt":"2018-10-16T18:30:46","slug":"liban-sos-libertes-publiques","status":"publish","type":"post","link":"https:\/\/middleeasttransparent.com\/fr\/liban-sos-libertes-publiques\/","title":{"rendered":"Liban:  SOS libert\u00e9s publiques"},"content":{"rendered":"<h3><\/h3>\n<h3><strong>Les libert\u00e9s publiques sont-elles en danger au Liban ? Est-il possible qu\u2019un pays r\u00e9dacteur de la D\u00e9claration universelle des droits de l\u2019homme puisse, de mani\u00e8re cavali\u00e8re et arrogante, bafouer ces droits \u00e9l\u00e9mentaires ? On conna\u00eet la crise politique qui paralyse l\u2019\u00c9tat ; on est conscient de la mainmise iranienne, via le Hezbollah libanais, sur les rouages institutionnels ; on appr\u00e9hende avec grande angoisse la d\u00e9b\u00e2cle \u00e9conomique imminente. Faut-il encore assister sans r\u00e9agir au muselage de l\u2019opinion publique par un pouvoir qui se dit \u00ab fort \u00bb ?<\/strong><\/h3>\n<p>&nbsp;<\/p>\n<p>On peut penser ce qu\u2019on veut du <strong>Dr Far\u00e8s Souhaid<\/strong>, ancien d\u00e9put\u00e9 et secr\u00e9taire g\u00e9n\u00e9ral de la d\u00e9funte coalition du 14 Mars. Pr\u00e9sident fondateur du Rassemblement de Saydet-el-Jabal, il s\u2019est vu interdire l\u2019acc\u00e8s de deux grands h\u00f4tels de Beyrouth o\u00f9 il avait demand\u00e9 de louer une salle afin de tenir les assises annuelles de son mouvement. Des informations ont filtr\u00e9 comme quoi<strong> les \u00e9tablissements en question auraient subi de fortes pressions de la part du Hezbollah, face au mutisme assourdissant des autorit\u00e9s libanaises.<\/strong><\/p>\n<p><strong>Qui est d\u00e9rang\u00e9 par le Dr Souhaid ?<\/strong> Qu\u2019on l\u2019aime ou qu\u2019on le d\u00e9teste, il n\u2019en demeure pas moins que son parcours plaide en faveur de son patriotisme sans concession, de son attachement \u00e0 la souverainet\u00e9 de son pays, de son respect scrupuleux de l\u2019\u00c9tat de droit ainsi que de sa fid\u00e9lit\u00e9 ind\u00e9fectible \u00e0 l\u2019esprit du vivre-ensemble que la culture du vieux parti de B\u00e9chara el-Khoury, le <em>Destour<\/em>, lui avait inculqu\u00e9. De toutes les figures de l\u2019establishment politique libanais, le Dr Souhaid est sans conteste un ardent d\u00e9fenseur de la formule libanaise de ce vivre-ensemble. On peut ne pas souscrire aux options politiques du Dr Souhaid, mais nul n\u2019a le droit de se permettre de le r\u00e9duire au silence quand il s\u2019agit d\u2019exprimer son opinion, quitte \u00e0 d\u00e9noncer ce qu\u2019il appelle \u00ab l\u2019occupation iranienne du Liban \u00bb. Selon lui, apr\u00e8s l\u2019h\u00e9g\u00e9monie arm\u00e9e palestinienne, apr\u00e8s l\u2019occupation militaire syrienne, le Liban ploie aujourd\u2019hui sous une occupation d\u2019un type particulier. Politiquement, elle est iranienne ;\u00a0 mais sur le terrain, elle est exerc\u00e9e par des Libanais membres de la milice Hezbollah. L\u2019\u00c9tat libanais se trouve ainsi en pleine schizophr\u00e9nie.<\/p>\n<p>Nombreux sont ceux qui font contre mauvaise fortune bon c\u0153ur et se disent : \u00ab Tant qu\u2019on n\u2019est pas plus fort que le Hezbollah, jouons le jeu de la conciliation. \u00bb <strong>Le Dr Souhaid est de ceux qui refusent justement de plier l\u2019\u00e9chine au nom du fameux \u00ab consensus \u00bb, notamment celui de novembre 2016 qui permit au g\u00e9n\u00e9ral Michel Aoun d\u2019acc\u00e9der \u00e0 la pr\u00e9sidence de la R\u00e9publique<\/strong>. C\u2019est ce qui lui vaut sans doute l\u2019ire des forces de facto. Le Dr Souhaid n\u2019a jamais cach\u00e9 ses positions. C\u2019est son droit le plus strict de r\u00e9pandre ses id\u00e9es comme il l\u2019entend, en vertu de l\u2019article 19 de la D\u00e9claration universelle des droits de l\u2019homme : \u00ab Tout individu a droit \u00e0 la libert\u00e9 d\u2019opinion et d\u2019expression, ce qui implique le droit de ne pas \u00eatre inqui\u00e9t\u00e9 pour ses opinions et celui de chercher, de recevoir et de r\u00e9pandre, sans consid\u00e9rations de fronti\u00e8res, les informations et les id\u00e9es par quelque moyen d\u2019expression que ce soit. \u00bb<\/p>\n<p>On peut comprendre le jeu politicien des forces de facto qui exercent leur h\u00e9g\u00e9monie sur l\u2019\u00c9tat libanais. Leur r\u00f4le naturel est de faire peur afin de museler toute opposition possible. Mais le silence des autorit\u00e9s libanaises est inadmissible car il couvre la violation du droit. Cela nous remet en m\u00e9moire ce que disait Michel el-Khoury, fils du pr\u00e9sident B\u00e9chara el-Khoury, en novembre 2004 lors d\u2019un hommage organis\u00e9 en l\u2019honneur de S\u00e9lim Takla \u00e0 la facult\u00e9 de droit. \u00c9voquant \u00ab l\u2019esprit de cette soci\u00e9t\u00e9 consensuelle \u00bb, fruit d\u2019une longue tradition consacr\u00e9e par le pacte de 1943, il constate que cet esprit est bafou\u00e9 : \u00ab On refuse au vouloir-vivre-ensemble toute vell\u00e9it\u00e9 de se r\u00e9former ; on le remplace par un devoir-vivre-ensemble dans une unit\u00e9 de commande appel\u00e9e \u201ccommunaut\u00e9 de destin\u201d et on dicte \u00e0 des figurants serviles un d\u00e9luge de mots qu\u2019on veut nous faire prendre pour un torrent de le\u00e7ons de politique et de morale. Il s\u2019est ensuivi une \u00e9rosion progressive de la notion m\u00eame d\u2019ind\u00e9pendance. \u00bb<\/p>\n<p>Ces paroles prononc\u00e9es en 2004 sont aujourd\u2019hui d\u2019actualit\u00e9. Ce n\u2019est plus la \u00ab communaut\u00e9 de destin \u00bb qu\u2019on veut imposer, mais tout simplement l\u2019ob\u00e9issance servile aux int\u00e9r\u00eats de l\u2019\u00e9tranger. Le harc\u00e8lement du Dr Souhaid traduit le retour en force de l\u2019ancien occupant.<\/p>\n<p><strong>Les libert\u00e9s publiques au Liban sont aujourd\u2019hui en danger.<\/strong><\/p>\n<p>acourban@gmail.com<\/p>\n<p>*Beyrouth<\/p>\n<p><a href=\"https:\/\/www.lorientlejour.com\/article\/1138871\/sos-libertes-publiques.htmlEn voici le texte in extenso:\">L&rsquo;Orient Le jour<\/a><\/p>\n","protected":false},"excerpt":{"rendered":"<p>Les libert\u00e9s publiques sont-elles en danger au Liban ? Est-il possible qu\u2019un pays r\u00e9dacteur de la D\u00e9claration universelle des droits de l\u2019homme puisse, de mani\u00e8re cavali\u00e8re et arrogante, bafouer ces droits \u00e9l\u00e9mentaires ? On conna\u00eet la crise politique qui paralyse l\u2019\u00c9tat ; on est conscient de la mainmise iranienne, via le Hezbollah libanais, sur les<\/p>\n","protected":false},"author":33,"featured_media":35142,"comment_status":"open","ping_status":"open","sticky":false,"template":"","format":"standard","meta":{"_uf_show_specific_survey":0,"_uf_disable_surveys":false,"footnotes":""},"categories":[37],"tags":[],"class_list":{"0":"post-35137","1":"post","2":"type-post","3":"status-publish","4":"format-standard","5":"has-post-thumbnail","7":"category-alaune-fr"},"aioseo_notices":[],"_links":{"self":[{"href":"https:\/\/middleeasttransparent.com\/fr\/wp-json\/wp\/v2\/posts\/35137","targetHints":{"allow":["GET"]}}],"collection":[{"href":"https:\/\/middleeasttransparent.com\/fr\/wp-json\/wp\/v2\/posts"}],"about":[{"href":"https:\/\/middleeasttransparent.com\/fr\/wp-json\/wp\/v2\/types\/post"}],"author":[{"embeddable":true,"href":"https:\/\/middleeasttransparent.com\/fr\/wp-json\/wp\/v2\/users\/33"}],"replies":[{"embeddable":true,"href":"https:\/\/middleeasttransparent.com\/fr\/wp-json\/wp\/v2\/comments?post=35137"}],"version-history":[{"count":0,"href":"https:\/\/middleeasttransparent.com\/fr\/wp-json\/wp\/v2\/posts\/35137\/revisions"}],"wp:featuredmedia":[{"embeddable":true,"href":"https:\/\/middleeasttransparent.com\/fr\/wp-json\/wp\/v2\/media\/35142"}],"wp:attachment":[{"href":"https:\/\/middleeasttransparent.com\/fr\/wp-json\/wp\/v2\/media?parent=35137"}],"wp:term":[{"taxonomy":"category","embeddable":true,"href":"https:\/\/middleeasttransparent.com\/fr\/wp-json\/wp\/v2\/categories?post=35137"},{"taxonomy":"post_tag","embeddable":true,"href":"https:\/\/middleeasttransparent.com\/fr\/wp-json\/wp\/v2\/tags?post=35137"}],"curies":[{"name":"wp","href":"https:\/\/api.w.org\/{rel}","templated":true}]}}