{"id":35018,"date":"2018-10-09T19:02:45","date_gmt":"2018-10-09T18:02:45","guid":{"rendered":"https:\/\/middleeasttransparent.com\/?p=35018"},"modified":"2018-10-09T19:02:45","modified_gmt":"2018-10-09T18:02:45","slug":"malgre-ses-accusations-daide-au-terrorisme-la-france-ne-veut-pas-rompre-avec-liran","status":"publish","type":"post","link":"https:\/\/middleeasttransparent.com\/fr\/malgre-ses-accusations-daide-au-terrorisme-la-france-ne-veut-pas-rompre-avec-liran\/","title":{"rendered":"Malgr\u00e9 ses accusations d\u2019aide au terrorisme, la France ne veut pas rompre avec l\u2019Iran"},"content":{"rendered":"<div class=\"jss159\">\n<div class=\"jss160 jss199\">\n<h3 class=\"jss175 jss180 jss200\"><strong style=\"color: #0000ff; font-size: 16px;\">Paris accuse le minist\u00e8re du Renseignement d\u2019\u00eatre derri\u00e8re un attentat manqu\u00e9 contre des opposants.<\/strong><\/h3>\n<\/div>\n<\/div>\n<div class=\"jss159\">\n<div class=\"jss160 jss150\">\n<div class=\"jss210 jss203 jss152\">\n<p class=\"jss175 jss184 jss194 jss209\"><strong style=\"color: #0000ff;\">L\u2019attentat manqu\u00e9 de Villepinte contre les Moudjahidins du peuple, ressemble \u00e0 une tentative de d\u00e9stabilisation d\u2019Hassan Rohani, le pr\u00e9sident iranien, en visite \u00e0 Berne.<\/strong><\/p>\n<\/div>\n<\/div>\n<\/div>\n<div class=\"jss159\">\n<div class=\"jss160 jss221 jss222\">\n<div><\/div>\n<\/div>\n<\/div>\n<div class=\"jss159\">\n<div class=\"jss160 jss228\">\n<p class=\"jss175 jss184 jss233\"><b>DIPLOMATIE\u00a0<\/b>\u00ab\u00a0Pression mais n\u00e9gociation.\u00a0\u00bb Col\u00e8re fran\u00e7aise, mais sans volont\u00e9 de rompre avec l\u2019Iran\u00a0: Paris suit un v\u00e9ritable chemin de cr\u00eate dans sa relation tumultueuse avec T\u00e9h\u00e9ran que l\u2019attentat manqu\u00e9 contre un rassemblement d\u2019opposants au r\u00e9gime iranien en banlieue parisienne a singuli\u00e8rement alourdie.<\/p>\n<\/div>\n<\/div>\n<div class=\"jss159\">\n<div class=\"jss160 jss228\">\n<p class=\"jss175 jss184 jss233\">Mardi, la France a accus\u00e9 \u00ab\u00a0sans aucune ambigu\u00eft\u00e9\u00a0\u00bb le minist\u00e8re iranien du Renseignement d\u2019avoir foment\u00e9 ce projet d\u2019attentat qui devait viser, le 2\u00a0juillet \u00e0 Villepinte, les Moudjahidins du peuple. Cette secte islamo-marxiste, sans grande repr\u00e9sentativit\u00e9 en Iran, est toujours abrit\u00e9e par la France, ce qui rend furieuse la r\u00e9publique islamique.<\/p>\n<\/div>\n<\/div>\n<div class=\"jss159\">\n<div class=\"jss160 jss228\">\n<p class=\"jss175 jss184 jss233\">Quelques heures plus t\u00f4t, mardi, le gouvernement avait annonc\u00e9 le gel des avoirs en France de la Direction de la s\u00e9curit\u00e9 int\u00e9rieure de l\u2019Etala\u2019at, le minist\u00e8re du Renseignement, ainsi que de deux citoyens iraniens, soup\u00e7onn\u00e9s d\u2019\u00eatre derri\u00e8re ce projet d\u2019attentat \u00e0 l\u2019explosif. Trois personnes, dont un diplomate iranien, avaient \u00e9t\u00e9 arr\u00eat\u00e9es cet \u00e9t\u00e9 dans le cadre de l\u2019enqu\u00eate qui s\u2019\u00e9tend en Belgique, en Allemagne et en France. Les deux hommes cibl\u00e9s par les gels sont Assadollah Assadi, le diplomate arr\u00eat\u00e9 en Allemagne, et Saeid Hashemi Moghadam, vice-pr\u00e9sident charg\u00e9 des op\u00e9rations de l\u2019Etala\u2019at.<\/p>\n<\/div>\n<\/div>\n<div class=\"jss159\">\n<div class=\"jss160 jss228\">\n<p class=\"jss175 jss184 jss233\">Depuis la r\u00e9v\u00e9lation de cette affaire d\u00e9but juillet, Paris est irrit\u00e9. C\u2019est \u00ab\u00a0un inacceptable retour en arri\u00e8re\u00a0\u00bb, confiait peu apr\u00e8s un diplomate, allusion aux ann\u00e9es 1980 lorsque l\u2019Iran r\u00e9glait ses comptes avec la France &#8211; qui soutenait la guerre que son ennemi Saddam Hussein lui avait d\u00e9clar\u00e9e &#8211; en t\u00e9l\u00e9guidant des attentats \u00e0 Paris. Mais imm\u00e9diatement, on insistait sur un point\u00a0: \u00ab\u00a0Ceux qui \u00e9taient indirectement vis\u00e9s par cet attentat manqu\u00e9 \u00e9taient le pr\u00e9sident mod\u00e9r\u00e9 Hassan Rohani et son ministre des Affaires \u00e9trang\u00e8res, Javad Zarif.\u00a0\u00bb<\/p>\n<\/div>\n<\/div>\n<div class=\"jss159\">\n<div class=\"jss160 jss228\">\n<p class=\"jss175 jss184 jss233\">L\u2019attentat devait en effet co\u00efncider avec l\u2019arriv\u00e9e en Suisse de Rohani, le 2\u00a0juillet. \u00ab\u00a0Un coup supertordu\u00a0\u00bb, selon un sp\u00e9cialiste de l\u2019Iran. \u00ab\u00a0Dans le syst\u00e8me opaque de pouvoir, ajoute-t-il, le minist\u00e8re du Renseignement est rattach\u00e9 au pr\u00e9sident de la R\u00e9publique, mais Hassan Rohani ne le contr\u00f4le qu\u2019\u00e0 moiti\u00e9 et le ministre lui a \u00e9t\u00e9 impos\u00e9\u00a0\u00bb par l\u2019entourage du guide supr\u00eame, Ali Khamenei, hostile, lui, \u00e0 une ouverture sur l\u2019Occident.<\/p>\n<\/div>\n<\/div>\n<div class=\"jss159\">\n<div class=\"jss160 jss228\">\n<h3 class=\"jss175 jss182 jss231\"><b>Pros\u00e9lytisme chiite<\/b><\/h3>\n<\/div>\n<\/div>\n<div class=\"jss159\">\n<div class=\"jss160 jss228\">\n<p class=\"jss175 jss184 jss233\">Pour marquer son m\u00e9contentement, Paris d\u00e9cida &#8211; comme le r\u00e9v\u00e9la cet \u00e9t\u00e9 Le Figaro &#8211; de suspendre la nomination d\u2019un ambassadeur, pour succ\u00e9der \u00e0 Fran\u00e7ois S\u00e9n\u00e9maud, rentr\u00e9 en France s\u2019occuper du dossier syrien. Mais dans le m\u00eame temps, l\u2019\u00c9lys\u00e9e rappelait que le fil du dialogue avec l\u2019Iran n\u2019\u00e9tait pas rompu, comme en t\u00e9moigne l\u2019appel t\u00e9l\u00e9phonique fin ao\u00fbt entre Emmanuel Macron et Hassan Rohani, et un mois plus tard leur entretien \u00e0 New York lors de l\u2019Assembl\u00e9e g\u00e9n\u00e9rale de l\u2019ONU.<\/p>\n<\/div>\n<\/div>\n<div class=\"jss159\">\n<div class=\"jss160 jss228\">\n<p class=\"jss175 jss184 jss233\">C\u00f4t\u00e9 fran\u00e7ais, on s\u2019attendait alors \u00e0 ce que T\u00e9h\u00e9ran livre des explications. Mais que sait Hassan Rohani des basses \u0153uvres d\u2019un minist\u00e8re du Renseignement qui lui \u00e9chappe en partie\u00a0? Aujourd\u2019hui, la France souhaite poursuivre avec T\u00e9h\u00e9ran un dialogue \u00ab\u00a0fait \u00e0 la fois de pression et de n\u00e9gociation\u00a0\u00bb, estime-t-on au Quai d\u2019Orsay. Cela pour consolider l\u2019accord sur le nucl\u00e9aire d\u00e9nonc\u00e9 par les \u00c9tats-Unis et amener T\u00e9h\u00e9ran \u00e0 n\u00e9gocier ses missiles balistiques qui constituent une menace pour les alli\u00e9s saoudiens et \u00e9miriens de la France dans le Golfe. Ce n\u2019est pas un hasard si mardi \u00e9galement, la ministre des Arm\u00e9es, Florence Parly, estimait que \u00ab\u00a0le programme balistique\u00a0\u00bb iranien \u00e9tait \u00ab\u00a0une menace\u00a0\u00bb pour le Moyen-Orient. Et m\u00eame si l\u2019on s\u2019en d\u00e9fend \u00e0 Paris, l\u2019op\u00e9ration de police qui a vis\u00e9 mardi \u00e0 l\u2019aube une association chiite dans le nord de la France, proche d\u2019int\u00e9r\u00eats iraniens, \u00e9tait tout aussi peu fortuite.<\/p>\n<\/div>\n<\/div>\n<div class=\"jss159\">\n<div class=\"jss160 jss228\">\n<p class=\"jss175 jss184 jss233\">Ces affaires &#8211; attentat contre les Moudjahidins, pros\u00e9lytisme iranien sur le sol fran\u00e7ais &#8211; constituent autant de cartes que Paris compte exploiter dans ses n\u00e9gociations d\u00e9licates avec l\u2019Iran. Mais \u00e0 T\u00e9h\u00e9ran non plus, on ne souhaite pas jeter de l\u2019huile sur le feu. Le porte-parole du minist\u00e8re des Affaires \u00e9trang\u00e8res, qui devrait \u00eatre le prochain ambassadeur d\u2019Iran en France, a \u00e9voqu\u00e9 \u00ab\u00a0un malentendu [\u2026] \u00e0 propos d\u2019une chose qui n\u2019existe pas, qu\u2019il s\u2019agisse d\u2019une conspiration ourdie par d\u2019autres ou d\u2019une erreur, nous pouvons nous asseoir et en parler\u00a0\u00bb, a d\u00e9clar\u00e9 Bahram Ghassemi \u00e0 l\u2019AFP. Depuis le d\u00e9but, T\u00e9h\u00e9ran accuse le Mossad isra\u00e9lien d\u2019\u00eatre derri\u00e8re l\u2019attentat manqu\u00e9. \u00ab\u00a0Via les services allemands, les Isra\u00e9liens ont aid\u00e9 \u00e0 pr\u00e9venir l\u2019attentat\u00a0\u00bb, rectifie le sp\u00e9cialiste de l\u2019Iran.<\/p>\n<\/div>\n<p><a href=\"http:\/\/www.lefigaro.fr\/international\/2018\/10\/03\/01003-20181003ARTFIG00272-diplomatie-malgre-ses-accusations-d-aide-au-terrorisme-la-france-ne-veut-pas-rompre-avec-l-iran.php\">LE FIGARO<\/a><\/p>\n<\/div>\n","protected":false},"excerpt":{"rendered":"<p>Paris accuse le minist\u00e8re du Renseignement d\u2019\u00eatre derri\u00e8re un attentat manqu\u00e9 contre des opposants. L\u2019attentat manqu\u00e9 de Villepinte contre les Moudjahidins du peuple, ressemble \u00e0 une tentative de d\u00e9stabilisation d\u2019Hassan Rohani, le pr\u00e9sident iranien, en visite \u00e0 Berne. DIPLOMATIE\u00a0\u00ab\u00a0Pression mais n\u00e9gociation.\u00a0\u00bb Col\u00e8re fran\u00e7aise, mais sans volont\u00e9 de rompre avec l\u2019Iran\u00a0: Paris suit un v\u00e9ritable chemin<\/p>\n","protected":false},"author":34,"featured_media":35020,"comment_status":"open","ping_status":"open","sticky":false,"template":"","format":"standard","meta":{"_uf_show_specific_survey":0,"_uf_disable_surveys":false,"footnotes":""},"categories":[22],"tags":[],"class_list":{"0":"post-35018","1":"post","2":"type-post","3":"status-publish","4":"format-standard","5":"has-post-thumbnail","7":"category-actualites-fr"},"aioseo_notices":[],"_links":{"self":[{"href":"https:\/\/middleeasttransparent.com\/fr\/wp-json\/wp\/v2\/posts\/35018","targetHints":{"allow":["GET"]}}],"collection":[{"href":"https:\/\/middleeasttransparent.com\/fr\/wp-json\/wp\/v2\/posts"}],"about":[{"href":"https:\/\/middleeasttransparent.com\/fr\/wp-json\/wp\/v2\/types\/post"}],"author":[{"embeddable":true,"href":"https:\/\/middleeasttransparent.com\/fr\/wp-json\/wp\/v2\/users\/34"}],"replies":[{"embeddable":true,"href":"https:\/\/middleeasttransparent.com\/fr\/wp-json\/wp\/v2\/comments?post=35018"}],"version-history":[{"count":0,"href":"https:\/\/middleeasttransparent.com\/fr\/wp-json\/wp\/v2\/posts\/35018\/revisions"}],"wp:featuredmedia":[{"embeddable":true,"href":"https:\/\/middleeasttransparent.com\/fr\/wp-json\/wp\/v2\/media\/35020"}],"wp:attachment":[{"href":"https:\/\/middleeasttransparent.com\/fr\/wp-json\/wp\/v2\/media?parent=35018"}],"wp:term":[{"taxonomy":"category","embeddable":true,"href":"https:\/\/middleeasttransparent.com\/fr\/wp-json\/wp\/v2\/categories?post=35018"},{"taxonomy":"post_tag","embeddable":true,"href":"https:\/\/middleeasttransparent.com\/fr\/wp-json\/wp\/v2\/tags?post=35018"}],"curies":[{"name":"wp","href":"https:\/\/api.w.org\/{rel}","templated":true}]}}