{"id":35014,"date":"2018-10-09T18:42:54","date_gmt":"2018-10-09T17:42:54","guid":{"rendered":"https:\/\/middleeasttransparent.com\/?p=35014"},"modified":"2018-10-09T18:44:05","modified_gmt":"2018-10-09T17:44:05","slug":"irak-les-defis-dabdel-mahdi-le-nouveau-premier-ministre","status":"publish","type":"post","link":"https:\/\/middleeasttransparent.com\/fr\/irak-les-defis-dabdel-mahdi-le-nouveau-premier-ministre\/","title":{"rendered":"Irak\u00a0: les d\u00e9fis d\u2019Abdel Mahdi, le nouveau premier ministre"},"content":{"rendered":"<div class=\"jss159\">\n<div class=\"jss160 jss199\">\n<h3 class=\"jss175 jss180 jss200\"><span style=\"color: #0000ff;\"><strong>L\u2019ancien opposant exil\u00e9 en France devra contrer l\u2019Iran, garder les \u00c9tats-Unis \u00e0 distance et\u00a0r\u00e9pondre aux attentes sociales.<\/strong><\/span><\/h3>\n<\/div>\n<\/div>\n<div class=\"jss159\">\n<div class=\"jss160 jss150\">\n<div class=\"jss210 jss203 jss152\">\n<div class=\"jss204\">\n<p class=\"jss175 jss184 jss194 jss209\">\n<\/div>\n<\/div>\n<\/div>\n<\/div>\n<div class=\"jss159\">\n<div class=\"jss160 jss221 jss222\"><\/div>\n<\/div>\n<div class=\"jss159\">\n<div class=\"jss160 jss228\">\n<p class=\"jss175 jss184 jss233\"><b>MOYEN-ORIENT\u00a0<\/b>La tro\u00efka du pouvoir est enfin en place. Apr\u00e8s plus de quatre mois de tractations entre les formations politiques, vainqueurs des \u00e9lections l\u00e9gislatives de mai, l\u2019Irak s\u2019est dot\u00e9 d\u2019un nouveau pr\u00e9sident de la R\u00e9publique (kurde), qui a nomm\u00e9 un premier ministre (chiite), apr\u00e8s que le Parlement a \u00e9lu son pr\u00e9sident (sunnite).<\/p>\n<\/div>\n<\/div>\n<div class=\"jss159\">\n<div class=\"jss160 jss228\">\n<p class=\"jss175 jss184 jss233\">D\u00e9tenteur des principaux pouvoirs, en vertu de la Constitution adopt\u00e9e apr\u00e8s la chute de Saddam Hussein en 2003, Adel Abdel Mahdi est le nouveau premier ministre, en lieu et place d\u2019Haidar al-Abadi, l\u2019homme qui vainquit Daech, gr\u00e2ce aux forces de la coalition internationale, mais fut incapable de r\u00e9pondre \u00e0 la crise sociale et politique dont souffre l\u2019Irak-post Saddam Hussein. Sit\u00f4t \u00e9lu pr\u00e9sident de la R\u00e9publique, Bahram Saleh a charg\u00e9 mardi soir Abdel Mahdi de former, sous 30 jours, un gouvernement. La t\u00e2che est ardue dans un paysage politique fragment\u00e9, mais Abdel Mahdi a quelques atouts.<\/p>\n<\/div>\n<\/div>\n<div class=\"jss159\">\n<div class=\"jss160 jss228\">\n<p class=\"jss175 jss184 jss233\">\u00c0 76 ans, ce v\u00e9t\u00e9ran de la politique irakienne fait figure d\u2019ind\u00e9pendant. \u00ab\u00a0Il doit sa nomination \u00e0 un consensus entre les deux coalitions, ayant remport\u00e9 les l\u00e9gislatives de mai\u00a0\u00bb, se f\u00e9licite Jaber al-Jab\u00e9ri, ex-d\u00e9put\u00e9 sunnite de Ramadi, joint au t\u00e9l\u00e9phone \u00e0 Bagdad. \u00ab\u00a0Il n\u2019appartient \u00e0 aucun parti politique, c\u2019est une tr\u00e8s bonne chose, il ne va pas travailler pour les int\u00e9r\u00eats d\u2019une faction, mais pour tout l\u2019Irak\u00a0\u00bb, veut croire Jaber al-Jab\u00e9ri. Selon ce dernier, le nouveau premier ministre \u00ab\u00a0doit concentrer ses efforts sur l\u2019\u00e9conomie, le retour des investisseurs \u00e9trangers ainsi que sur l\u2019am\u00e9lioration des services \u00e0 la population\u00a0\u00bb, comme les manifestations dans le Sud l\u2019ont montr\u00e9 cet \u00e9t\u00e9.<\/p>\n<\/div>\n<\/div>\n<div class=\"jss159\">\n<div class=\"jss160 jss228\">\n<h3 class=\"jss175 jss182 jss231\"><b>Compar\u00e9 \u00e0 un cam\u00e9l\u00e9on<\/b><\/h3>\n<\/div>\n<\/div>\n<div class=\"jss159\">\n<div class=\"jss160 jss228\">\n<p class=\"jss175 jss184 jss233\">\u00ab\u00a0Abdel Mahdi a de bonnes relations avec de nombreux Kurdes, dit de lui un de ses amis, les sunnites peuvent l\u2019accepter, car il est ouvert, et en tant que chiite, il n\u2019est pas inf\u00e9od\u00e9 \u00e0 l\u2019Iran\u00a0\u00bb, m\u00eame s\u2019il a \u00e9t\u00e9 longtemps un haut dirigeant d\u2019un parti proche de T\u00e9h\u00e9ran. Ceux qui l\u2019ont bien connu &#8211; notamment pendant son exil fran\u00e7ais de 1969 jusqu\u2019\u00e0 2003 &#8211; l\u2019ont longtemps compar\u00e9 \u00e0 un cam\u00e9l\u00e9on. Adel Abdel Mahdi a \u00e9t\u00e9 successivement baassiste, communiste, mao\u00efste, puis islamiste. \u00ab\u00a0Quand je lui disais, il y a dix ans, qu\u2019il avait chang\u00e9 d\u2019opinions, il me r\u00e9pondait, se rappelle son ami, non j\u2019ai chang\u00e9 d\u2019habits.\u00a0\u00bb C\u2019\u00e9tait l\u2019\u00e9poque o\u00f9 dans les arcanes du nouveau pouvoir \u00e0 Bagdad, cet \u00e9quilibriste de la politique au physique massif \u00e9tait surnomm\u00e9 \u00ab\u00a0Monsieur 50+1\u00a0\u00bb, pour illustrer le fait que les chiites, majoritaires en Irak, devaient dominer la sc\u00e8ne politique. Instruit par les \u00e9checs de cette strat\u00e9gie marginalisant les autres composantes de la mosa\u00efque irakienne, l\u2019homme, depuis, a profond\u00e9ment chang\u00e9.<\/p>\n<\/div>\n<\/div>\n<div class=\"jss159\">\n<div class=\"jss160 jss228\">\n<p class=\"jss175 jss184 jss233\">Adel Abdel Mahdi a de la branche : son p\u00e8re, membre respect\u00e9 du clerg\u00e9 chiite, fut ministre sous la monarchie, renvers\u00e9e en 1958. Son \u00e9pouse et sa fille vivent toujours \u00e0 Saint-\u00c9tienne, mais lui a toujours refus\u00e9 de d\u00e9tenir un passeport fran\u00e7ais. \u00ab\u00a0C\u2019est un expert en relations publiques, insiste son ami. Il lui suffisait de voir un secr\u00e9taire d\u2019\u00c9tat am\u00e9ricain une fois pour lui prendre le bras ensuite. Il est chaleureux.\u00a0\u00bb Sauf avec les diplomates fran\u00e7ais, apr\u00e8s la chute de Saddam Hussein. \u00ab\u00a0Il leur en voulait de l\u2019opposition de Paris \u00e0 la guerre en Irak, se souvient son compagnon de route. \u00c0 partir de 2003, l\u2019ambassadeur de France, Bernard Bajolet, devait lui courir apr\u00e8s dans les couloirs du palais des congr\u00e8s de Bagdad o\u00f9 se r\u00e9unissait la nouvelle \u00e9lite politique. Adel gardait des souvenirs d\u00e9sagr\u00e9ables des fouilles de la DST \u00e0 l\u2019a\u00e9roport de Paris qui \u00e9pluchait son agenda, mais, maintenant, ses relations sont apais\u00e9es avec la France.\u00a0\u00bb<\/p>\n<\/div>\n<\/div>\n<div class=\"jss159\">\n<div class=\"jss160 jss228\">\n<h3 class=\"jss175 jss182 jss231\"><b>Recoller les morceaux<\/b><\/h3>\n<\/div>\n<\/div>\n<div class=\"jss159\">\n<div class=\"jss160 jss228\">\n<p class=\"jss175 jss184 jss233\">Sa m\u00e9fiance \u00e0 l\u2019\u00e9gard du voisin iranien, dont l\u2019influence est grande parmi les politiques irakiens, le rend acceptable pour les \u00c9tats-Unis de Donald Trump, en guerre contre T\u00e9h\u00e9ran. Ses bonnes relations avec des dirigeants kurdes l\u2019aideront \u00e9galement dans la t\u00e2che d\u00e9licate de recoller les morceaux entre le pouvoir central \u00e0 Bagdad et les Kurdes, un an apr\u00e8s l\u2019\u00e9chec de leur r\u00e9f\u00e9rendum sur l\u2019ind\u00e9pendance.<\/p>\n<\/div>\n<\/div>\n<div class=\"jss159\">\n<div class=\"jss160 jss228\">\n<p class=\"jss175 jss184 jss233\">Mais apr\u00e8s quinze ans de \u00ab\u00a0chienlit\u00a0\u00bb, ponctu\u00e9s de violences, les Irakiens r\u00e9clament du neuf, en termes de dirigeants et de gouvernance. Aura-t-il les moyens de ses ambitions\u00a0? Pour composer son gouvernement, il devra faire appel \u00e0 d\u2019anciens \u00ab\u00a0\u00e9l\u00e9phants\u00a0\u00bb discr\u00e9dit\u00e9s aupr\u00e8s de l\u2019opinion. Il devra notamment composer avec des figures repr\u00e9sent\u00e9es au Parlement, comme Hadi al-Ameri, le chef de la tr\u00e8s puissante organisation Badr, mouvement arm\u00e9 proche de l\u2019Iran, aujourd\u2019hui chef de la liste de l\u2019Alliance de la conqu\u00eate, arriv\u00e9e deuxi\u00e8me aux l\u00e9gislatives. Il devra aussi faire face \u00e0 l\u2019ancien premier ministre Nouri al-Maliki, ainsi qu\u2019\u00e0 Moqtada Sadr, turbulent leader chiite qui n\u2019a cess\u00e9 de conclure et de rompre des alliances gouvernementales depuis le scrutin de mai qu\u2019il a remport\u00e9. Bref, Adel Abdel Mahdi aura besoin de ses \u00ab\u00a0multiples vies\u00a0\u00bb pour sortir l\u2019Irak de l\u2019orni\u00e8re.<\/p>\n<\/div>\n<p><a href=\"https:\/\/magazine-presse.sfr.fr\/article\/e38e2a8c-4675-48b0-85cf-07c6be94f5c6\"><strong>LE FIGARO<\/strong><\/a><\/p>\n<\/div>\n","protected":false},"excerpt":{"rendered":"<p>L\u2019ancien opposant exil\u00e9 en France devra contrer l\u2019Iran, garder les \u00c9tats-Unis \u00e0 distance et\u00a0r\u00e9pondre aux attentes sociales. MOYEN-ORIENT\u00a0La tro\u00efka du pouvoir est enfin en place. Apr\u00e8s plus de quatre mois de tractations entre les formations politiques, vainqueurs des \u00e9lections l\u00e9gislatives de mai, l\u2019Irak s\u2019est dot\u00e9 d\u2019un nouveau pr\u00e9sident de la R\u00e9publique (kurde), qui a nomm\u00e9<\/p>\n","protected":false},"author":34,"featured_media":35016,"comment_status":"open","ping_status":"open","sticky":false,"template":"","format":"standard","meta":{"_uf_show_specific_survey":0,"_uf_disable_surveys":false,"footnotes":""},"categories":[37],"tags":[],"class_list":{"0":"post-35014","1":"post","2":"type-post","3":"status-publish","4":"format-standard","5":"has-post-thumbnail","7":"category-alaune-fr"},"aioseo_notices":[],"_links":{"self":[{"href":"https:\/\/middleeasttransparent.com\/fr\/wp-json\/wp\/v2\/posts\/35014","targetHints":{"allow":["GET"]}}],"collection":[{"href":"https:\/\/middleeasttransparent.com\/fr\/wp-json\/wp\/v2\/posts"}],"about":[{"href":"https:\/\/middleeasttransparent.com\/fr\/wp-json\/wp\/v2\/types\/post"}],"author":[{"embeddable":true,"href":"https:\/\/middleeasttransparent.com\/fr\/wp-json\/wp\/v2\/users\/34"}],"replies":[{"embeddable":true,"href":"https:\/\/middleeasttransparent.com\/fr\/wp-json\/wp\/v2\/comments?post=35014"}],"version-history":[{"count":0,"href":"https:\/\/middleeasttransparent.com\/fr\/wp-json\/wp\/v2\/posts\/35014\/revisions"}],"wp:featuredmedia":[{"embeddable":true,"href":"https:\/\/middleeasttransparent.com\/fr\/wp-json\/wp\/v2\/media\/35016"}],"wp:attachment":[{"href":"https:\/\/middleeasttransparent.com\/fr\/wp-json\/wp\/v2\/media?parent=35014"}],"wp:term":[{"taxonomy":"category","embeddable":true,"href":"https:\/\/middleeasttransparent.com\/fr\/wp-json\/wp\/v2\/categories?post=35014"},{"taxonomy":"post_tag","embeddable":true,"href":"https:\/\/middleeasttransparent.com\/fr\/wp-json\/wp\/v2\/tags?post=35014"}],"curies":[{"name":"wp","href":"https:\/\/api.w.org\/{rel}","templated":true}]}}