{"id":34891,"date":"2018-09-29T23:02:06","date_gmt":"2018-09-29T22:02:06","guid":{"rendered":"https:\/\/middleeasttransparent.com\/?p=34891"},"modified":"2018-09-29T23:02:07","modified_gmt":"2018-09-29T22:02:07","slug":"comment-les-reseaux-turcs-sinsinuent-dans-lislam-de-france","status":"publish","type":"post","link":"https:\/\/middleeasttransparent.com\/fr\/comment-les-reseaux-turcs-sinsinuent-dans-lislam-de-france\/","title":{"rendered":"Comment les r\u00e9seaux turcs s\u2019insinuent dans l\u2019islam de France"},"content":{"rendered":"<div id=\"wrapper_menu\">\n<h2><strong>ENQU\u00caTE \u2013 Le nouvel empire ottoman est pr\u00e9sent\u00e9 comme une affirmation de l\u2019islam face \u00e0 un Occident d\u00e9cadent.<\/strong><\/h2>\n<\/div>\n<div id=\"postcolumn\">\n<div class=\"photobox\">\n<div id=\"post-25602\" class=\"photopost\">\n<div class=\"fb-social-plugin fb-like fb_iframe_widget\" data-ref=\"above-post\" data-href=\"http:\/\/www.ataturquie.fr\/comment-les-reseaux-turcs-sinsinuent-dans-lislam-de-france\/\" data-show-faces=\"true\" data-width=\"600\"><\/div>\n<div class=\"juiz_sps_links counters_both juiz_sps_displayed_top\"><\/div>\n<p>&nbsp;<\/p>\n<p><strong><span style=\"color: #0000ff;\">Par Isabelle Lasserre<\/span><\/strong><\/p>\n<p>Longtemps, Tariq Ramadan et son parrain du Golfe, le Qatar, ont r\u00e9gn\u00e9 en ma\u00eetres sur l\u2019islam de France. La chute de l\u2019islamologue, en d\u00e9tention provisoire pour des accusations de viol, et les difficult\u00e9s g\u00e9opolitiques de l\u2019\u00e9mirat ont chang\u00e9 le paysage. \u00abL\u2019arrestation de Tariq Ramadan a provoqu\u00e9 une onde de choc chez les musulmans. La d\u00e9couverte de cette vie \u00e0 rebours de ce qu\u2019il professait a \u00e9t\u00e9 ressentie comme une trahison par de nombreux fid\u00e8les\u00bb, explique le pr\u00e9fet Gilles Clavreul, cofondateur du Printemps r\u00e9publicain et d\u00e9l\u00e9gu\u00e9 interminist\u00e9riel \u00e0 la lutte contre le racisme et l\u2019antis\u00e9mitisme. Profitant du vide laiss\u00e9 par l\u2019effacement du Qatar, surtout depuis le rapprochement am\u00e9ricano-saoudien, la Turquie s\u2019est engouffr\u00e9e dans la br\u00e8che.<\/p>\n<p>L\u2019islam politique turc est parti \u00e0 la conqu\u00eate de la France. Depuis plusieurs ann\u00e9es, les r\u00e9seaux turcs interviennent de plus en plus directement pour peser sur l\u2019islam de France. Leur derni\u00e8re attaque en date a vis\u00e9 le nouveau rapport \u2013 \u00ab<strong><em>La fabrique de l\u2019islamisme<\/em>\u00bb \u2013 publi\u00e9 par l\u2019Institut Montaigne<\/strong>, qui d\u00e9nonce la progression de l\u2019id\u00e9ologie islamiste chez les musulmans de France.<\/p>\n<p>&nbsp;<\/p>\n<p><strong>D\u00e9nonciation de \u00abl\u2019islamophobie ambiante\u00bb<\/strong><\/p>\n<p>En mai dernier, ils ont forc\u00e9 des kiosquiers \u00e0 retirer des affiches du Point pour protester contre la une du magazine consacr\u00e9e au \u00abdictateur\u00bb Erdogan. En 2017, ils ont pris la t\u00eate du Conseil fran\u00e7ais du culte musulman (CFCM), jusque-l\u00e0 pilot\u00e9 par des Maghr\u00e9bins, en propulsant \u00e0 sa t\u00eate un familier de l\u2019entourage du pr\u00e9sident turc, Ahmet Ogras. Ils soutiennent financi\u00e8rement et activement le Collectif contre l\u2019islamophobie en France (CCIF), proche des Fr\u00e8res musulmans qui luttent pour la renaissance islamique et <strong>contre \u00abl\u2019emprise la\u00efque occidentale\u00bb<\/strong>.<\/p>\n<p>Consid\u00e9r\u00e9 comme une d\u00e9pendance officieuse de l\u2019AKP d\u2019Erdogan, le Parti \u00e9galit\u00e9 et justice (PEJ) s\u2019adresse \u00e0 la diaspora turque mais aussi \u00e0 tous les musulmans. Aux derni\u00e8res l\u00e9gislatives, il a pr\u00e9sent\u00e9 une soixantaine de candidats, dont des femmes voil\u00e9es. Dans son manifeste, le petit parti, qui assume sa proximit\u00e9 id\u00e9ologique avec le Cojep, bras arm\u00e9 politique d\u2019Erdogan, appelle \u00e0 la suppression des lois contre le port du voile et d\u00e9nonce \u00abl\u2019islamophobie\u00bb ambiante.<strong> Il rejette la politique d\u2019assimilation et voudrait faire du communautarisme sa priorit\u00e9, tout en regrettant les habitudes jug\u00e9es libertines de la soci\u00e9t\u00e9 fran\u00e7aise.<\/strong><\/p>\n<\/div>\n<p><a href=\"https:\/\/middleeasttransparent.com\/fr\/comment-les-reseaux-turcs-sinsinuent-dans-lislam-de-france\/erod\/\" rel=\"attachment wp-att-34899\"><img fetchpriority=\"high\" decoding=\"async\" class=\"size-full wp-image-34899 aligncenter\" src=\"https:\/\/middleeasttransparent.com\/wp-content\/uploads\/2018\/09\/EROD.png\" alt=\"\" width=\"709\" height=\"399\" srcset=\"https:\/\/middleeasttransparent.com\/wp-content\/uploads\/2018\/09\/EROD.png 709w, https:\/\/middleeasttransparent.com\/wp-content\/uploads\/2018\/09\/EROD-600x338.png 600w\" sizes=\"(max-width: 709px) 100vw, 709px\" \/><\/a><\/p>\n<div id=\"post-25602\" class=\"photopost\">\n<p><strong>Diplomatie n\u00e9o-ottomane<\/strong><\/p>\n<p>Les r\u00e9seaux turcs font, enfin, de l\u2019entrisme dans les conseils municipaux, les partis politiques et les universit\u00e9s. \u00abComme les Fr\u00e8res musulmans, les islamistes turcs exploitent les failles et les faiblesses de la soci\u00e9t\u00e9 et de la d\u00e9mocratie fran\u00e7aises. Ils s\u2019infiltrent dans les facult\u00e9s, ciblent les \u00e9tudiants dans le besoin, proposent aide aux devoirs et services \u00e0 la personne dans les quartiers difficiles et organisent des s\u00e9minaires sur les discriminations\u00bb, explique une source proche du dossier. La France est-elle devenue la nouvelle plaque tournante des r\u00e9seaux d\u2019Erdogan?<\/p>\n<p>Au d\u00e9but, il s\u2019agissait surtout, pour le pr\u00e9sident islamo-conservateur Erdogan, de lutter contre les r\u00e9seaux de son ennemi Fethullah G\u00fclen, qu\u2019il accuse d\u2019\u00eatre \u00e0 l\u2019origine du coup d\u2019\u00c9tat avort\u00e9 de 2016. Deux ans plus tard, <strong>les 250 mosqu\u00e9es contr\u00f4l\u00e9es par la Turquie<\/strong> r\u00e9sonnent toujours de pr\u00eaches hostiles et d\u2019appels \u00e0 la violence contre les opposants d\u2019Erdogan. Elles sont devenues des caisses de r\u00e9sonance pour les conflits qui d\u00e9chirent la Turquie. La surveillance et le contr\u00f4le rapproch\u00e9s de la diaspora, la mobilisation de l\u2019\u00e9lectorat conservateur, via des meetings \u00e9lectoraux, visent \u00e0 s\u2019assurer que les Turcs de France votent \u00abbien\u00bb aux \u00e9lections comme aux r\u00e9f\u00e9rendums.<\/p>\n<p>&nbsp;<\/p>\n<p><strong>Imams d\u00e9tach\u00e9s<\/strong><\/p>\n<p><strong>Mais le pouvoir turc a aussi investi massivement la sc\u00e8ne religieuse fran\u00e7aise, visant plus largement que son \u00e9lectorat<\/strong>. La moiti\u00e9 \u2013 151- des imams d\u00e9tach\u00e9s, qui sont des fonctionnaires \u00e9trangers, sont turcs. C\u2019est plus que les imams de l\u2019Alg\u00e9rie et du Maroc r\u00e9unis. \u00abErdogan voudrait exercer une magistrature d\u2019influence sur le monde musulman. <strong>Il d\u00e9ploie son influence en soutenant les r\u00e9seaux des Fr\u00e8res musulmans\u00bb, explique Gilles Clavreul.<\/strong><\/p>\n<p>Enfin, Erdogan met aujourd\u2019hui ses r\u00e9seaux europ\u00e9ens au service de son r\u00eave de reconstituer une diplomatie n\u00e9o-ottomane et de reprendre <strong>le leadership du monde musulman<\/strong>, en d\u00e9sh\u00e9rence. \u00abIl veut redevenir le phare de l\u2019islam\u00bb commente un diplomate. Le r\u00e9cit national \u00e9voque une Turquie puissante qui aurait \u00e9t\u00e9 colonis\u00e9e par les Occidentaux. Le retour \u00e0 un nouvel empire ottoman est pr\u00e9sent\u00e9 comme une lutte permettant l\u2019affirmation de l\u2019islam face \u00e0 un Occident d\u00e9cadent et en croisade.<\/p>\n<p>Souvent consid\u00e9r\u00e9e comme le ventre mou de l\u2019Europe, <strong>la France est une cible privil\u00e9gi\u00e9e de l\u2019AKP d\u2019Erdogan<\/strong>, qui allie un nationalisme \u00e0 un islam politique de moins en moins mod\u00e9r\u00e9. Non seulement parce qu\u2019elle accueille la plus forte communaut\u00e9 musulmane du continent, mais parce que son attachement au principe de la\u00efcit\u00e9 fournit un pr\u00e9texte aux id\u00e9ologues religieux qui pr\u00e9tendent l\u2019accuser d\u2019islamophobie. Son pass\u00e9 colonial est aussi un levier qui permet de mobiliser. Les r\u00e9seaux d\u2019Erdogan ne ciblent pas seulement les citoyens turcs mais aussi les Franco-Maghr\u00e9bins en rupture d\u2019int\u00e9gration ou d\u00e9stabilis\u00e9s par des questions identitaires. L\u2019influence turque progresse d\u2019autant plus vite dans les milieux franco-maghr\u00e9bins que la diplomatie ottomane d\u2019Erdogan \u2013 son soutien au Hamas \u00e0 Gaza, aux opposants syriens et aux Rohingyas de Birmanie\u00a0; sa d\u00e9nonciation du \u00abterroriste\u00bb N\u00e9tanyahou ou de la \u00abpassivit\u00e9\u00bb de l\u2019ONU \u2013 est fort appr\u00e9ci\u00e9e.<\/p>\n<p>Dans les quartiers populaires, le pr\u00e9sident turc est consid\u00e9r\u00e9 comme un homme fort, capable de tenir t\u00eate et de r\u00e9sister \u00e0 la France et \u00e0 ses alli\u00e9s et qui en outre parle plus fort que l\u2019Arabie saoudite ou le Maroc.<\/p>\n<p>Mais l\u2019offensive, men\u00e9e tous azimuts, touche aussi d\u2019autres pays europ\u00e9ens. <strong>L\u2019Allemagne<\/strong>, bien s\u00fbr, qui compte la plus grande communaut\u00e9 turque du monde \u00e0 l\u2019\u00e9tranger et dont la chanceli\u00e8re a \u00e9t\u00e9 trait\u00e9e de \u00abnazie\u00bb par Erdogan. <strong>La Belgique<\/strong>, o\u00f9 les islamistes turcs resserrent leur emprise sur la communaut\u00e9 musulmane. <strong>Les Pays-Bas<\/strong>, o\u00f9 le gouvernement n\u00e9erlandais a fr\u00f4l\u00e9 la crise diplomatique avec Ankara apr\u00e8s avoir refoul\u00e9 l\u2019avion du ministre des Affaires \u00e9trang\u00e8res turc et interdit un meeting \u00e9lectoral de l\u2019AKP sur son sol en 2017.<\/p>\n<p>&nbsp;<\/p>\n<p><strong>Marwan Mohamed, une figure charismatique<\/strong><\/p>\n<p>La guerre a aussi \u00e9t\u00e9 import\u00e9e dans les organisations internationales. Proche de Tariq Ramadan et de certains imams salafistes, le <strong>Collectif contre l\u2019islamophobie en France (CCIF)<\/strong>, v\u00e9ritable force de frappe en termes d\u2019adh\u00e9rents et de moyens financiers, a par exemple tent\u00e9 de faire annuler, au comit\u00e9 des droits de l\u2019homme de l\u2019ONU, le licenciement de la salari\u00e9e voil\u00e9e de la cr\u00e8che Baby Loup, dans les Yvelines. \u00c0 l\u2019OSCE, l\u2019Organisation pour la s\u00e9curit\u00e9 et la coop\u00e9ration en Europe, des ONG islamistes pros\u00e9lytes, qui interviennent \u00e9galement en France dans des mosqu\u00e9es ferm\u00e9es et radicales, utilisent la rh\u00e9torique de l\u2019islamophobie pour avoir la peau des organisations g\u00fclenistes et pour pousser l\u2019influence turque.<\/p>\n<p>Ces r\u00e9seaux turcs li\u00e9s aux Fr\u00e8res musulmans ont une figure charismatique en France, celle de Marwan Mohamed, l\u2019ancien chef du CCIF, qui \u00e9pouse les vues d\u2019Ankara. <strong>Anadolu, l\u2019agence du gouvernement turc<\/strong>, lui fait r\u00e9guli\u00e8rement la courte \u00e9chelle en soutenant son initiative controvers\u00e9e de \u00abgrande consultation des musulmans\u00bb, sur Internet. \u00c0 l\u2019OSCE, o\u00f9 il fut charg\u00e9 des dossiers islamophobie au d\u00e9partement charg\u00e9 de la lutte contre l\u2019intol\u00e9rance et la discrimination, il a longtemps fustig\u00e9 la politique de la France \u00e0 qui il demande de faire un examen de conscience et dont il combat la la\u00efcit\u00e9.<\/p>\n<p>&nbsp;<\/p>\n<p><strong>\u00abPersonnalit\u00e9 trouble\u00bb<\/strong><\/p>\n<p>Alors que les musulmans se cherchent un nouveau porte-parole en France, certains consid\u00e8rent Marwan Mohamed comme l\u2019h\u00e9ritier spirituel de l\u2019islamologue Tariq Ramadan, avec qui il partage la m\u00eame ligne id\u00e9ologique, y compris antis\u00e9mite. L\u2019ancien chef du CCIF exige l\u2019abrogation de la loi sur le voile \u00e0 l\u2019\u00e9cole et s\u2019insurge contre l\u2019existence d\u2019un \u00abislam de France\u00bb. Il a attaqu\u00e9 les caricatures de Charlie Hebdo, d\u00e9fend le port du burkini, d\u00e9nonce la \u00abgestion coloniale des musulmans\u00bb en France et agite la rh\u00e9torique des droits de l\u2019homme et de la discrimination dont seraient victimes les femmes musulmanes en France pour attaquer les principes de la r\u00e9publique.<strong> Ceux qui l\u2019ont fr\u00e9quent\u00e9 d\u00e9crivent la m\u00eame \u00abpersonnalit\u00e9 trouble\u00bb que celle de Ramadan<\/strong>, les exc\u00e8s sexuels en moins,<strong> ainsi qu\u2019un CV rempli de zones d\u2019ombre et de mensonges.<\/strong> Ce diffuseur de l\u2019influence turque en France a en revanche une grande visibilit\u00e9 m\u00e9diatique. \u00abComme Tariq Ramadan, il a trouv\u00e9 des plumes compr\u00e9hensives dans certains m\u00e9dias\u00bb regrette un sp\u00e9cialiste.<\/p>\n<p>Ce \u00abfront du refus\u00bb qui d\u00e9fie la R\u00e9publique fran\u00e7aise utilise les r\u00e9seaux sociaux pour se diffuser et se consolider. C\u2019est le rapport de l\u2019Institut Montaigne qui le souligne: Tariq Ramadan poss\u00e8de deux millions de followers sur Twitter. Presque autant qu\u2019Emmanuel Macron (2,5\u00a0millions). L\u2019influence turque est aussi pouss\u00e9e sur Twitter par <strong>Fe\u00efza Ben Mohamed<\/strong>. Proche du CCIF, elle est soup\u00e7onn\u00e9e par certains de travailler pour l\u2019agence officielle turque Anadolu. La mouvance turque pro-Erdogan a \u00e9galement ses m\u00e9dias alternatifs, comme l<strong>e site francophone medyaturk.inf<\/strong>o qui publie des articles anti-occidentaux ou la webt\u00e9l\u00e9 <strong>M\u00e9dia France TV<\/strong>. Mais si la France est si perm\u00e9able \u00e0 l\u2019influence turque, c\u2019est aussi parce qu\u2019elle a pris conscience du probl\u00e8me plus tardivement que ses voisins.<\/p>\n<p><a href=\"http:\/\/www.lefigaro.fr\/international\/2018\/09\/27\/01003-20180927ARTFIG00296-comment-les-reseaux-turcs-s-insinuent-dans-l-islam-de-france.php\">Le Figaro<\/a><\/p>\n<\/div>\n<\/div>\n<\/div>\n","protected":false},"excerpt":{"rendered":"<p>ENQU\u00caTE \u2013 Le nouvel empire ottoman est pr\u00e9sent\u00e9 comme une affirmation de l\u2019islam face \u00e0 un Occident d\u00e9cadent. &nbsp; Par Isabelle Lasserre Longtemps, Tariq Ramadan et son parrain du Golfe, le Qatar, ont r\u00e9gn\u00e9 en ma\u00eetres sur l\u2019islam de France. La chute de l\u2019islamologue, en d\u00e9tention provisoire pour des accusations de viol, et les difficult\u00e9s<\/p>\n","protected":false},"author":152,"featured_media":34893,"comment_status":"open","ping_status":"open","sticky":false,"template":"","format":"standard","meta":{"_uf_show_specific_survey":0,"_uf_disable_surveys":false,"footnotes":""},"categories":[37],"tags":[],"class_list":{"0":"post-34891","1":"post","2":"type-post","3":"status-publish","4":"format-standard","5":"has-post-thumbnail","7":"category-alaune-fr"},"aioseo_notices":[],"_links":{"self":[{"href":"https:\/\/middleeasttransparent.com\/fr\/wp-json\/wp\/v2\/posts\/34891","targetHints":{"allow":["GET"]}}],"collection":[{"href":"https:\/\/middleeasttransparent.com\/fr\/wp-json\/wp\/v2\/posts"}],"about":[{"href":"https:\/\/middleeasttransparent.com\/fr\/wp-json\/wp\/v2\/types\/post"}],"author":[{"embeddable":true,"href":"https:\/\/middleeasttransparent.com\/fr\/wp-json\/wp\/v2\/users\/152"}],"replies":[{"embeddable":true,"href":"https:\/\/middleeasttransparent.com\/fr\/wp-json\/wp\/v2\/comments?post=34891"}],"version-history":[{"count":0,"href":"https:\/\/middleeasttransparent.com\/fr\/wp-json\/wp\/v2\/posts\/34891\/revisions"}],"wp:featuredmedia":[{"embeddable":true,"href":"https:\/\/middleeasttransparent.com\/fr\/wp-json\/wp\/v2\/media\/34893"}],"wp:attachment":[{"href":"https:\/\/middleeasttransparent.com\/fr\/wp-json\/wp\/v2\/media?parent=34891"}],"wp:term":[{"taxonomy":"category","embeddable":true,"href":"https:\/\/middleeasttransparent.com\/fr\/wp-json\/wp\/v2\/categories?post=34891"},{"taxonomy":"post_tag","embeddable":true,"href":"https:\/\/middleeasttransparent.com\/fr\/wp-json\/wp\/v2\/tags?post=34891"}],"curies":[{"name":"wp","href":"https:\/\/api.w.org\/{rel}","templated":true}]}}