{"id":3415,"date":"2015-08-13T21:54:05","date_gmt":"2015-08-13T20:54:05","guid":{"rendered":"http:\/\/middleeasttransparent.com\/news\/?p=3415"},"modified":"2015-08-13T21:55:02","modified_gmt":"2015-08-13T20:55:02","slug":"interview-la-relation-entre-islam-et-christianisme-est-centrale","status":"publish","type":"post","link":"https:\/\/middleeasttransparent.com\/fr\/interview-la-relation-entre-islam-et-christianisme-est-centrale\/","title":{"rendered":"Interview:  \u00abLa relation entre islam et christianisme est centrale\u00bb"},"content":{"rendered":"<section class=\"articleContent main-content\">\n<div>\n<h3><strong>La cohabitation entre les religions peut se r\u00e9v\u00e9ler difficile. C\u2019est le constat que dresse le nouveau pr\u00e9sident du Conseil suisse des religions Gottfried Locher. Le Bernois de 48\u00a0<\/strong><strong>ans estime qu\u2019il convient de soigner les relations entre chr\u00e9tiens et musulmans. Il s\u2019inqui\u00e8te aussi de l\u2019augmentation des cas d\u2019antis\u00e9mitisme.<\/strong><\/h3>\n<div class=\"teaser-in-article\">\n<div class=\"edged\">\n<div id=\"firstItem\" class=\"item w2 picture\"><\/div>\n<article class=\"clickfinger\">\n<h3 class=\"author-detail\">Par Katy Romy<\/h3>\n<\/article>\n<\/div>\n<\/div>\n<p>Egalement pr\u00e9sident de la F\u00e9d\u00e9ration des \u00c9glises protestantes de Suisse, Gottfried Locher a \u00e9t\u00e9 \u00e9lu, d\u00e9but juillet, \u00e0 la t\u00eate du Conseil suisse des religions pour succ\u00e9der au pr\u00e9sident de la F\u00e9d\u00e9ration d&rsquo;organisations islamiques de Suisse Hisham Maizar, d\u00e9c\u00e9d\u00e9 en mai.<\/p>\n<p><strong>swissinfo.ch: Le Conseil suisse des religions va c\u00e9l\u00e9brer l\u2019ann\u00e9e prochaine ses dix ans d\u2019existence. L\u2019institution reste toutefois peu connue du grand public. Avez-vous l\u2019intention de rompre avec la discr\u00e9tion?<\/strong><\/p>\n<p>Gottfried Locher: Oui et non. D\u2019un c\u00f4t\u00e9, nous devons communiquer davantage avec le public. Jusqu\u2019\u00e0 maintenant, nous avons publi\u00e9 au maximum deux prises de position par ann\u00e9e, ce n\u2019est pas assez. Nous devons renforcer nos liens avec la population et donner notre opinion sur des sujets d\u2019actualit\u00e9 qui int\u00e9ressent les gens, mais aussi \u00e9ventuellement approfondir une th\u00e9matique en r\u00e9alisant une \u00e9tude. Le Conseil suisse des religions se cherche encore. Il doit trouver sa mani\u00e8re de communiquer.<\/p>\n<p>De l\u2019autre c\u00f4t\u00e9, les \u00e9changes internes fonctionnent bien, et il est n\u00e9cessaire de pr\u00e9server un climat prot\u00e9g\u00e9 au sein de l\u2019organisation pour que les repr\u00e9sentants des diff\u00e9rentes religions puissent discuter librement entre eux. Nous avons besoin des deux aspects: les d\u00e9bats th\u00e9ologiques internes et la communication avec les citoyens.<\/p>\n<p><strong>swissinfo.ch: Votre derni\u00e8re prise de position remonte aux attentats qui ont d\u00e9cim\u00e9 la r\u00e9daction du journal satirique fran\u00e7ais Charlie Hebdo, en f\u00e9vrier 2015 \u00e0 Paris. Comment le conseil a-t-il analys\u00e9 cette attaque?<\/strong><\/p>\n<p>G.L.\u00a0: Nous \u00e9tions tous d\u2019accord sur la n\u00e9cessit\u00e9 de condamner fermement ces actes de violence atroces. C\u2019est ce que nous avons fait. Toutefois, ces \u00e9v\u00e9nements tragiques ont amen\u00e9 les membres du conseil \u00e0 d\u00e9battre de la libert\u00e9 d\u2019expression et des limites de la provocation, et \u00e0 ce sujet, nous avions des divergences.<\/p>\n<p>Personnellement, je trouve qu\u2019il faut pouvoir exercer son sens critique, voire faire preuve d\u2019ironie ou d\u2019humour envers les religions. La d\u00e9mocratie en a besoin. Les repr\u00e9sentants des autres religions ne partagent cependant pas tous mon avis, notamment les musulmans.<\/p>\n<p>La recherche du consensus au sein du Conseil suisse des religions est difficile, parfois m\u00eame impossible. Lorsque nous ne trouvons pas de terrain d\u2019entente, nous devons souvent faire des compromis.<\/p>\n<p>Si un consensus \u00e9tait facile \u00e0 trouver, ce serait toutefois \u00e9tonnant. Chaque religion a sa mani\u00e8re d\u2019expliquer la vie. Pour cette raison, ma priorit\u00e9 est de promouvoir la paix entre les religions. Ce n\u2019est pas la m\u00eame chose que la recherche d\u2019un consensus. La paix est parfois d\u00e9licate, comme le d\u00e9montre la situation au Proche-Orient, et le Conseil peut jouer un r\u00f4le pour la pr\u00e9server. Sa t\u00e2che est de cr\u00e9er un climat de discussion sain entre les repr\u00e9sentants des religions pour permettre des \u00e9changes honn\u00eates et sinc\u00e8res sur les questions \u00e0 discuter.<\/p>\n<p><strong>swissinfo.ch: Quels sont les th\u00e8mes que le Conseil devra aborder prochainement?<\/strong><\/p>\n<p>G.L.\u00a0: Nous devons prioritairement discuter de la coexistence de l\u2019islam et du christianisme. La relation entre ces deux religions est centrale. Elles ont une histoire difficile ensemble, et il convient de ne pas rejouer les conflits du pass\u00e9. Les musulmans de Suisse repr\u00e9sentent une partie importante de notre population. <strong>Nous ne devons en aucun cas \u00abd\u00e9sapprendre\u00bb le vivre ensemble.<\/strong><\/p>\n<p><strong>En outre, nous constatons que les juifs ne sont plus \u00e0 l\u2019aise dans notre pays<\/strong>. Ils se sentent menac\u00e9s. Le Conseil suisse des religions doit examiner ce probl\u00e8me. Je ne sais pas comment expliquer l\u2019\u00e9mergence de ces tensions, mais j\u2019ai l\u2019impression qu\u2019elles sont dues au changement de situation. Jadis, la majorit\u00e9 de la population \u00e9tait chr\u00e9tienne avec une petite minorit\u00e9 juive. Actuellement, une importante minorit\u00e9 de musulmans est aussi install\u00e9e en Suisse. Cet essor de l\u2019islam suscite des craintes et des tensions. Le climat g\u00e9n\u00e9ral a chang\u00e9.<\/p>\n<p><strong>swissinfo.ch: Les craintes sont aussi li\u00e9es au probl\u00e8me de l\u2019extr\u00e9misme et particuli\u00e8rement aux actes de violence commis au nom d\u2019une religion. Comment faire face \u00e0 ces d\u00e9rives?<\/strong><\/p>\n<p>G.L.\u00a0: Le Conseil est uni\u00a0sur la question de l\u2019extr\u00e9misme: il faut combattre ce ph\u00e9nom\u00e8ne mais nous devons encore trouver comment y parvenir. Concernant les jeunes qui partent combattre aux c\u00f4t\u00e9s de l\u2019Etat islamique, il faut leur dire qu\u2019ils ne vont pas seulement prendre part \u00e0 une guerre, mais qu\u2019ils vont aussi arriver dans un enfer dont ils ne sortiront pas indemnes. Ce n\u2019est toutefois qu\u2019une partie de l\u2019extr\u00e9misme. Difficile de savoir comment lutter contre les fondamentalismes. Je pense qu\u2019il faut surtout pouvoir parler ouvertement, et ne pas craindre de d\u00e9battre de questions d\u00e9licates afin d\u2019\u00e9viter l\u2019\u00e9mergence de tabous.<\/p>\n<p><strong>swissinfo.ch: Dans cette logique, le Conseil Suisse des religions ne devrait-il pas intervenir davantage dans des pol\u00e9miques qui touchent l\u2019Eglise, comme celle provoqu\u00e9e par l&rsquo;\u00e9v\u00eaque de Coire Vitus Huonder, qui a cit\u00e9 publiquement un verset de la Bible condamnant les homosexuels \u00e0 mort?<\/strong><\/p>\n<p>G.L.\u00a0: Normalement, nous ne nous positionnons pas sur ce type de question. Elle doit d\u2019abord \u00eatre examin\u00e9e par l\u2019Eglise catholique. Le probl\u00e8me est interne. C\u2019est donc la Conf\u00e9rence des \u00e9v\u00eaques suisses qui doit se positionner. Par contre, si la pol\u00e9mique prend de l\u2019ampleur, le Conseil pourrait en discuter. Chaque religion doit, dans un premier temps, s\u2019attaquer \u00e0 ses propres probl\u00e8mes, avant que nous n\u2019intervenions.<\/p>\n<\/div>\n<p style=\"text-align: center;\">*<\/p>\n<blockquote class=\"blockquote--infobox-right\">\n<h3 style=\"text-align: center;\"><strong>Les Suisses et les religions<\/strong><\/h3>\n<p>Selon les chiffres du recensement de la population de 2013 publi\u00e9s par l\u2019Office f\u00e9d\u00e9ral de la statistique, les habitants de la Suisse de plus de 15 ans se disent (en chiffres ronds) \u00e0: 71% chr\u00e9tiens, 21% sans confession, 5% musulmans, 0,3% juifs, 2,7% autres.<\/p>\n<p><a href=\"http:\/\/www.swissinfo.ch\/fre\/conseil-suisse-des-religions_-la-relation-entre-islam-et-christianisme-est-centrale-\/41599424\">Swiss Info<\/a><\/p><\/blockquote>\n<\/section>\n","protected":false},"excerpt":{"rendered":"<p>La cohabitation entre les religions peut se r\u00e9v\u00e9ler difficile. C\u2019est le constat que dresse le nouveau pr\u00e9sident du Conseil suisse des religions Gottfried Locher. Le Bernois de 48\u00a0ans estime qu\u2019il convient de soigner les relations entre chr\u00e9tiens et musulmans. Il s\u2019inqui\u00e8te aussi de l\u2019augmentation des cas d\u2019antis\u00e9mitisme. Par Katy Romy Egalement pr\u00e9sident de la F\u00e9d\u00e9ration<\/p>\n","protected":false},"author":164,"featured_media":3418,"comment_status":"open","ping_status":"open","sticky":false,"template":"","format":"standard","meta":{"_uf_show_specific_survey":0,"_uf_disable_surveys":false,"footnotes":""},"categories":[25],"tags":[],"class_list":{"0":"post-3415","1":"post","2":"type-post","3":"status-publish","4":"format-standard","5":"has-post-thumbnail","7":"category-decryptages"},"aioseo_notices":[],"_links":{"self":[{"href":"https:\/\/middleeasttransparent.com\/fr\/wp-json\/wp\/v2\/posts\/3415","targetHints":{"allow":["GET"]}}],"collection":[{"href":"https:\/\/middleeasttransparent.com\/fr\/wp-json\/wp\/v2\/posts"}],"about":[{"href":"https:\/\/middleeasttransparent.com\/fr\/wp-json\/wp\/v2\/types\/post"}],"author":[{"embeddable":true,"href":"https:\/\/middleeasttransparent.com\/fr\/wp-json\/wp\/v2\/users\/164"}],"replies":[{"embeddable":true,"href":"https:\/\/middleeasttransparent.com\/fr\/wp-json\/wp\/v2\/comments?post=3415"}],"version-history":[{"count":0,"href":"https:\/\/middleeasttransparent.com\/fr\/wp-json\/wp\/v2\/posts\/3415\/revisions"}],"wp:featuredmedia":[{"embeddable":true,"href":"https:\/\/middleeasttransparent.com\/fr\/wp-json\/wp\/v2\/media\/3418"}],"wp:attachment":[{"href":"https:\/\/middleeasttransparent.com\/fr\/wp-json\/wp\/v2\/media?parent=3415"}],"wp:term":[{"taxonomy":"category","embeddable":true,"href":"https:\/\/middleeasttransparent.com\/fr\/wp-json\/wp\/v2\/categories?post=3415"},{"taxonomy":"post_tag","embeddable":true,"href":"https:\/\/middleeasttransparent.com\/fr\/wp-json\/wp\/v2\/tags?post=3415"}],"curies":[{"name":"wp","href":"https:\/\/api.w.org\/{rel}","templated":true}]}}