{"id":33986,"date":"2018-08-09T18:16:07","date_gmt":"2018-08-09T17:16:07","guid":{"rendered":"https:\/\/middleeasttransparent.com\/?p=33986"},"modified":"2018-08-09T18:16:46","modified_gmt":"2018-08-09T17:16:46","slug":"pourquoi-cet-ancien-chef-des-renseignements-militaires-israeliens-soutient-les-druzes","status":"publish","type":"post","link":"https:\/\/middleeasttransparent.com\/fr\/pourquoi-cet-ancien-chef-des-renseignements-militaires-israeliens-soutient-les-druzes\/","title":{"rendered":"Pourquoi cet ancien chef des renseignements militaires isra\u00e9liens soutient les Druzes"},"content":{"rendered":"<header><\/header>\n<div class=\"article-main\">\n<div class=\"article-aside\">\n<aside class=\"writers\">\n<h3><strong>TEL AVIV (JTA) \u2014 La nouvelle loi isra\u00e9lienne sur \u00ab\u00a0l\u2019Etat-nation\u00a0\u00bb, qui est largement consid\u00e9r\u00e9e ici comme maladroite, non n\u00e9cessaire et peu avis\u00e9e, doit \u00eatre amend\u00e9e. C\u2019est pour cela que j\u2019ai \u00e9t\u00e9 fier de rejoindre les dizaines de milliers d\u2019Isra\u00e9liens rassembl\u00e9s samedi soir lors d\u2019une manifestation pacifique et f\u00e9d\u00e9ratrice organis\u00e9e par la communaut\u00e9 druze.<\/strong><\/h3>\n<p>&nbsp;<\/p>\n<\/aside>\n<\/div>\n<div class=\"article-body\">\n<p>Je suis venu sur la place Rabin de cette ville pour me tenir aux c\u00f4t\u00e9s des Druzes, avec lesquels j\u2019ai combattu pour prot\u00e9ger l\u2019Etat d\u2019Isra\u00ebl. Mais je suis \u00e9galement venu pour c\u00e9l\u00e9brer la d\u00e9mocratie isra\u00e9lienne, l\u2019engagement public en faveur de l\u2019\u00e9galit\u00e9 et des valeurs d\u00e9mocratiques, nos m\u00e9dias ind\u00e9pendants et ces piliers garantis par notre pays que sont la libert\u00e9 de parole et le droit de manifester.<\/p>\n<p>Cela a \u00e9t\u00e9 un rassemblement serein, digne, avec une repr\u00e9sentation venue de toute notre soci\u00e9t\u00e9 dans sa diversit\u00e9. En contraste avec le vote malavis\u00e9 qui a eu lieu il y a deux semaines au parlement, le rassemblement de samedi soir a montr\u00e9\u00a0\u00ab\u00a0l\u2019Isra\u00e9lit\u00e9\u00a0\u00bb dans ce qu\u2019elle a de meilleur. Les drapeaux isra\u00e9liens ont envahi la place et tout le monde a entonn\u00e9\u00a0\u201cl\u2019Hatikvah,\u201d notre hymne national, \u00e0 la fin de la manifestation.<\/p>\n<p>Alors que s\u2019apaise la temp\u00eate initiale qui avait suivi la nouvelle loi, toutes les \u00e9valuations pond\u00e9r\u00e9es estiment que son principal dommage aura \u00e9t\u00e9 d\u2019attiser un discours public n\u00e9gatif \u2013 en Isra\u00ebl et \u00e0 l\u2019\u00e9tranger. Mais ne nous y trompons pas : Les fondations d\u00e9mocratiques de l\u2019Etat juif restent vigoureuses, profond\u00e9ment enracin\u00e9es et incroyablement r\u00e9siliantes.<\/p>\n<p style=\"text-align: center;\"><a href=\"https:\/\/middleeasttransparent.com\/fr\/pourquoi-cet-ancien-chef-des-renseignements-militaires-israeliens-soutient-les-druzes\/f150119kk011-640x400-1\/\" rel=\"attachment wp-att-33991\"><img fetchpriority=\"high\" decoding=\"async\" class=\"alignnone size-full wp-image-33991\" src=\"https:\/\/middleeasttransparent.com\/wp-content\/uploads\/2018\/08\/F150119KK011-640x400-1.jpg\" alt=\"\" width=\"640\" height=\"400\" srcset=\"https:\/\/middleeasttransparent.com\/wp-content\/uploads\/2018\/08\/F150119KK011-640x400-1.jpg 640w, https:\/\/middleeasttransparent.com\/wp-content\/uploads\/2018\/08\/F150119KK011-640x400-1-600x375.jpg 600w\" sizes=\"(max-width: 640px) 100vw, 640px\" \/><\/a><\/p>\n<p>La loi touche des questions sensibles sur lesquelles David Ben-Gurion et les p\u00e8res fondateurs avaient pr\u00e9f\u00e9r\u00e9 ne pas prendre de d\u00e9cisions. Ces questions exigent du temps, de la sensibilit\u00e9 et le consensus le plus large possible. Il est impossible d\u2019y r\u00e9pondre de fa\u00e7on al\u00e9atoire, en particulier quelques heures avant les cong\u00e9s parlementaires, et une d\u00e9cision ne doit certainement pas \u00eatre prise \u00e0 une stricte majorit\u00e9 (Dans ce cas,\u00a062 membres de la Knesset ont vot\u00e9 pour et 55 s\u2019y sont oppos\u00e9s).<\/p>\n<p>Cette nouvelle loi ne va pas suffisamment loin pour prot\u00e9ger les droits des minorit\u00e9s et pour maintenir le principe de \u00ab\u00a0l\u2019\u00e9galit\u00e9\u00a0\u00bb entre tous les citoyens \u2013 m\u00eame s\u2019il est ancr\u00e9 dans d\u2019autres principes l\u00e9gislatifs.<\/p>\n<p>En raison de ces d\u00e9faillances, la nouvelle loi n\u2019inspire pas la l\u00e9gitimit\u00e9. Elle excite les \u00e9motions n\u00e9gatives et elle divise le d\u00e9bat public. Elle ali\u00e8ne des parties du secteur arabe et elle a ab\u00eem\u00e9 le lien particulier entretenu avec la communaut\u00e9 druze, qui sert dans l\u2019arm\u00e9e isra\u00e9lienne. De surcro\u00eet, la loi a endommag\u00e9 les liens avec la diaspora juive, particuli\u00e8rement aux Etats-Unis, ce qu\u2019Isra\u00ebl ne peut se permettre.<\/p>\n<p>Dans un monde qui est d\u00e9fini de plus en plus par les images, la nouvelle loi offre une mauvaise optique et fait le jeu des ennemis d\u2019Isra\u00ebl, qui sont d\u2019ores et d\u00e9j\u00e0 pr\u00e9dispos\u00e9s \u00e0 pointer du doigt le pays dans l\u2019ar\u00e8ne internationale.<\/p>\n<p>La loi doit \u00eatre amend\u00e9e de mani\u00e8re \u00e0 s\u2019aligner pleinement avec la d\u00e9claration d\u2019Ind\u00e9pendance isra\u00e9lienne qui \u00e9tablit que le pays \u00ab\u00a0garantira l\u2019\u00e9galit\u00e9 compl\u00e8te des droits sociaux et politiques \u00e0 ses habitants, ind\u00e9pendamment de leur religion, de leur race ou de leur sexe. Il garantira la libert\u00e9 de religion, de conscience, de langue, d\u2019\u00e9ducation et de culture\u00a0\u00bb.<\/p>\n<p><strong><a href=\"https:\/\/fr.timesofisrael.com\/texte-de-la-declaration-dindependance-de-letat-disrael\/\">Texte de la D\u00e9claration d\u2019Ind\u00e9pendance de l\u2019\u00c9tat d\u2019Isra\u00ebl<\/a><\/strong><\/p>\n<p>L\u2019Article 4 doit \u00eatre amend\u00e9 pour rendre \u00e0 la langue arabe son statut de langue officielle en Isra\u00ebl.<\/p>\n<p>M\u00eame si on n\u2019y a moins pr\u00eat\u00e9 d\u2019attention, l\u2019Article 6, qui veut g\u00e9rer les liens entre Isra\u00ebl et la communaut\u00e9 juive mondiale, doit \u00e9galement \u00eatre amend\u00e9 pour souligner la valeur strat\u00e9gique de ces relations et pour ancrer les principes de partenariat, d\u2019appartenance \u00e0 un peuple et d\u2019unit\u00e9.<\/p>\n<p>Une loi amend\u00e9e devrait \u00eatre adopt\u00e9e \u00e0 la Knesset avec une plus importante majorit\u00e9 et elle devra \u00eatre r\u00e9dig\u00e9e en des termes flexibles et plus larges refl\u00e9tant la nature dynamique de la soci\u00e9t\u00e9 isra\u00e9lienne.<\/p>\n<p>Mais le ciel ne nous tombe pas sur la t\u00eate. Le caract\u00e8re d\u00e9mocratique d\u2019Isra\u00ebl est sauvegard\u00e9 \u00e0 travers une myriade de m\u00e9canismes imbriqu\u00e9s, et notamment un large corpus de l\u00e9gislations quasi-constitutionnelles, un syst\u00e8me judiciaire ind\u00e9pendant, une soci\u00e9t\u00e9 civile vibrante et l\u2019un des secteurs des m\u00e9dias les plus ind\u00e9pendants au monde.<\/p>\n<p>De plus, la d\u00e9mocratie isra\u00e9lienne est r\u00e9siliente et elle a fleuri malgr\u00e9 le combat long et intense livr\u00e9 par le pays pour la s\u00e9curit\u00e9 et la paix. Des d\u00e9fis politiques et s\u00e9curitaires bien moins importants ont s\u00e9rieusement endommag\u00e9 la vie d\u00e9mocratique dans d\u2019autres pays. La Turquie en est le dernier exemple.<\/p>\n<p>La d\u00e9mocratie a de nombreux mod\u00e8les. Le Royaume-Uni, une d\u00e9mocratie bien \u00e9tablie, n\u2019a pas de constitution \u00e9crite. Les Etats-Unis ont seulement deux partis politiques, avec des \u00e9lections o\u00f9 le gagnant rafle tout. Isra\u00ebl, unique parmi les d\u00e9mocraties, a un faible seuil \u00e9lectoral et des r\u00e8gles qui permettent m\u00eame \u00e0 la circonscription \u00e9lectorale la plus \u00e9troite d\u2019avoir une repr\u00e9sentation dans la politique nationale.<\/p>\n<p>Sur de nombreuses d\u00e9cennies, Isra\u00ebl a construit un corpus de lois quasiment constitutionnelles qui sont venues judicieusement renforcer et instaurer les institutions d\u00e9mocratiques dans le pays. Les partisans de la nouvelle loi ont affirm\u00e9 qu\u2019il \u00e9tait temps d\u2019ancrer davantage le caract\u00e8re juif de l\u2019Etat, et cela a entra\u00een\u00e9 une concurrence malheureuse entre certaines factions soucieuses de gains politiques \u00e9troits et populistes.<\/p>\n<p>M\u00eame si la mesure fait basculer la balance vers l\u2019identification juive de l\u2019Etat, elle n\u2019exclut pas les nombreux contr\u00f4les et \u00e9quilibres qui insufflent la d\u00e9mocratie isra\u00e9lienne \u2013 et notamment le principe sacr\u00e9 de l\u2019\u00e9galit\u00e9.<\/p>\n<p>Et ne pensez pas ne serait-ce qu\u2019une minute que certains leaders politiques minoritaires n\u2019utilisent pas cette loi maladroite pour avoir une tribune pour poursuivre leurs propres agendas politiques. Les r\u00e9percussions de ce texte font perdre de vue de nombreux d\u00e9veloppements nouveaux et positifs, notamment le taux en croissance d\u2019Arabes entrant dans l\u2019enseignement sup\u00e9rieur et sur le march\u00e9 du travail, et notamment les femmes.<\/p>\n<p>Il faut encore faite beaucoup plus pour garantir de meilleures opportunit\u00e9s aux populations p\u00e9riph\u00e9riques \u2013 Arabes, B\u00e9douines, Druzes et m\u00eame Juives \u2013 mais cette loi mal orient\u00e9e ne fait rien pour invalider ou pour effacer les \u00e9normes enjamb\u00e9es que notre soci\u00e9t\u00e9 a faite vers une soci\u00e9t\u00e9 v\u00e9ritablement partag\u00e9e.<\/p>\n<p>Cela a \u00e9t\u00e9 une sorte de \u00ab\u00a0tir ami\u00a0\u00bb, de blessure auto-inflig\u00e9e. Mais la consternation \u2013 bien compr\u00e9hensible \u2013 ne doit pas \u00eatre exag\u00e9r\u00e9e ou entra\u00eener une mauvaise interpr\u00e9tation \u2013 celle d\u2019un texte qui serait\u00a0 une attaque contre les traditions d\u00e9mocratiques isra\u00e9liennes, qui restent malgr\u00e9 tout fortes et r\u00e9solues.<\/p>\n<p><a href=\"http:\/\/frblogs.timesofisrael.com\/pourquoi-cet-ancien-chef-des-renseignements-militaires-israeliens-soutient-les-druzes\/?utm_source=A+La+Une&amp;utm_campaign=6095c3ff77-EMAIL_CAMPAIGN_2018_08_09_03_13&amp;utm_medium=email&amp;utm_term=0_47a5af096e-6095c3ff77-55125693\">The Times of Israel<\/a><\/p>\n<p>&nbsp;<\/p>\n<\/div>\n<p><em><span class=\"name\"><a href=\"http:\/\/frblogs.timesofisrael.com\/author\/amos-yadlin\/\">Amos Yadlin<\/a><\/span>, g\u00e9n\u00e9ral de division (\u00e0 la retraite), ancien chef des services de renseignements militaires isra\u00e9liens et l\u2019un des experts<span class=\"moreless\"><span class=\"lesslink\">en mati\u00e8re de d\u00e9fense et de politique \u00e9trang\u00e8re les plus connus du pays, est directeur ex\u00e9cutif de l\u2019Institut impartial d\u2019\u00e9tudes sur la s\u00e9curit\u00e9 nationale.<\/span><\/span><\/em><\/p>\n<\/div>\n","protected":false},"excerpt":{"rendered":"<p>TEL AVIV (JTA) \u2014 La nouvelle loi isra\u00e9lienne sur \u00ab\u00a0l\u2019Etat-nation\u00a0\u00bb, qui est largement consid\u00e9r\u00e9e ici comme maladroite, non n\u00e9cessaire et peu avis\u00e9e, doit \u00eatre amend\u00e9e. C\u2019est pour cela que j\u2019ai \u00e9t\u00e9 fier de rejoindre les dizaines de milliers d\u2019Isra\u00e9liens rassembl\u00e9s samedi soir lors d\u2019une manifestation pacifique et f\u00e9d\u00e9ratrice organis\u00e9e par la communaut\u00e9 druze. &nbsp; Je<\/p>\n","protected":false},"author":106,"featured_media":33990,"comment_status":"open","ping_status":"open","sticky":false,"template":"","format":"standard","meta":{"_uf_show_specific_survey":0,"_uf_disable_surveys":false,"footnotes":""},"categories":[37],"tags":[],"class_list":{"0":"post-33986","1":"post","2":"type-post","3":"status-publish","4":"format-standard","5":"has-post-thumbnail","7":"category-alaune-fr"},"aioseo_notices":[],"_links":{"self":[{"href":"https:\/\/middleeasttransparent.com\/fr\/wp-json\/wp\/v2\/posts\/33986","targetHints":{"allow":["GET"]}}],"collection":[{"href":"https:\/\/middleeasttransparent.com\/fr\/wp-json\/wp\/v2\/posts"}],"about":[{"href":"https:\/\/middleeasttransparent.com\/fr\/wp-json\/wp\/v2\/types\/post"}],"author":[{"embeddable":true,"href":"https:\/\/middleeasttransparent.com\/fr\/wp-json\/wp\/v2\/users\/106"}],"replies":[{"embeddable":true,"href":"https:\/\/middleeasttransparent.com\/fr\/wp-json\/wp\/v2\/comments?post=33986"}],"version-history":[{"count":0,"href":"https:\/\/middleeasttransparent.com\/fr\/wp-json\/wp\/v2\/posts\/33986\/revisions"}],"wp:featuredmedia":[{"embeddable":true,"href":"https:\/\/middleeasttransparent.com\/fr\/wp-json\/wp\/v2\/media\/33990"}],"wp:attachment":[{"href":"https:\/\/middleeasttransparent.com\/fr\/wp-json\/wp\/v2\/media?parent=33986"}],"wp:term":[{"taxonomy":"category","embeddable":true,"href":"https:\/\/middleeasttransparent.com\/fr\/wp-json\/wp\/v2\/categories?post=33986"},{"taxonomy":"post_tag","embeddable":true,"href":"https:\/\/middleeasttransparent.com\/fr\/wp-json\/wp\/v2\/tags?post=33986"}],"curies":[{"name":"wp","href":"https:\/\/api.w.org\/{rel}","templated":true}]}}