{"id":33453,"date":"2018-07-09T09:38:10","date_gmt":"2018-07-09T08:38:10","guid":{"rendered":"https:\/\/middleeasttransparent.com\/?p=33453"},"modified":"2024-09-28T16:27:38","modified_gmt":"2024-09-28T15:27:38","slug":"presence-chretienne-ou-presence-du-christ","status":"publish","type":"post","link":"https:\/\/middleeasttransparent.com\/fr\/presence-chretienne-ou-presence-du-christ\/","title":{"rendered":"Pr\u00e9sence chr\u00e9tienne ou pr\u00e9sence du Christ ?"},"content":{"rendered":"<div class=\"photosGallery single\"><strong><a class=\"enlargeImage\">\u00c0 Bari, en Italie m\u00e9ridionale, se sont retrouv\u00e9s samedi 7 juillet, \u00e0 l\u2019initiative du pape Fran\u00e7ois, la plupart des chefs d\u2019\u00c9glises chr\u00e9tiennes du Proche-Orient, pour une rencontre \u0153cum\u00e9nique d\u2019\u00e9change et de pri\u00e8re en faveur du Levant ensanglant\u00e9 et de ses populations victimes des conflits entretenus par la volont\u00e9 de puissance des hommes et leur insatiable app\u00e9tit du profit.<\/a><\/strong><\/div>\n<div><\/div>\n<div class=\"text\">\n<p>Cette r\u00e9union survient dans la foul\u00e9e du cinquanti\u00e8me anniversaire de la R\u00e9union des \u0152uvres d\u2019aide aux \u00c9glises orientales (ROACO), comit\u00e9 pontifical cr\u00e9\u00e9 en 1968 et pr\u00e9sid\u00e9 d\u2019office par le pr\u00e9fet de la Congr\u00e9gation pour les \u00c9glises orientales. Lors de cette c\u00e9l\u00e9bration \u00e0 Rome le 22 juin dernier, le pape avait explicitement d\u00e9nonc\u00e9 les \u00ab\u00a0deux p\u00e9ch\u00e9s\u00a0\u00bb qui affaiblissent la pr\u00e9sence des chr\u00e9tiens au Levant. Il y a d\u2019abord la \u00ab\u00a0volont\u00e9 de puissance\u00a0\u00bb des grands de ce monde dont l\u2019unique pr\u00e9occupation est de mettre la main sur les richesses de l\u2019Orient, faisant fi des hommes, de leurs traditions et de leur foi, suscitant ainsi des flux migratoires dramatiques vers d\u2019autres cieux, notamment ceux d\u2019Europe. Mais, l\u2019\u00e9v\u00eaque de Rome a \u00e9galement point\u00e9 un autre p\u00e9ch\u00e9, \u00ab\u00a0celui de certains pr\u00eatres, certains pr\u00e9lats et certaines congr\u00e9gations religieuses qui re\u00e7oivent le denier de la veuve mais vivent dans l\u2019opulence\u00a0\u00bb. Il a poursuivi en disant qu\u2019il souhaiterait voir ces \u00ab\u00a0\u00e9pulons chr\u00e9tiens\u00a0\u00bb se d\u00e9pouiller un peu plus et mieux partager avec leurs fr\u00e8res et s\u0153urs afin de contribuer \u00e0 prot\u00e9ger la pr\u00e9sence du christianisme au Levant, au travers des traditions chr\u00e9tiennes v\u00e9n\u00e9rables et diverses, ainsi que de l\u2019impact des actions sociales multiples des chr\u00e9tiens. On rappellera que les \u00ab\u00a0\u00e9pulons\u00a0\u00bb \u00e9taient, dans la Rome antique, un coll\u00e8ge sacerdotal dont les pr\u00eatres avaient pour fonction d\u2019organiser les festins et de pr\u00e9sider les banquets destin\u00e9s aux divinit\u00e9s. Ce faisant, le pape mit l\u2019accent, au Proche-Orient, sur la \u00ab\u00a0pr\u00e9sence du Christ\u00a0\u00bb lui-m\u00eame, comprise comme expression d\u2019un t\u00e9moignage spirituel, moral et civilisationnel, plut\u00f4t que la \u00ab\u00a0pr\u00e9sence chr\u00e9tienne\u00a0\u00bb comprise comme simple visibilit\u00e9 du poids d\u00e9mographique et sociopolitique d\u2019un ou de plusieurs groupes particuliers. La pr\u00e9sence du Christ exige donc la protection de toutes les traditions spirituelles, le respect de toutes les libert\u00e9s religieuses et des droits de tout membre de la famille humaine.<\/p>\n<div class=\"advertisement\"><\/div>\n<p>Une certaine confusion entre politique et religion avait surpris les observateurs, dans la teneur du communiqu\u00e9, publi\u00e9 le 14 avril dernier, par les patriarches d\u2019Antioche r\u00e9sidant \u00e0 Damas (grec-orthodoxe, grec-catholique, syriaque-orthodoxe), au lendemain des frappes am\u00e9ricaines en Syrie suite \u00e0 l\u2019utilisation de gaz toxiques contre les civils. Exprimant plut\u00f4t la position du r\u00e9gime syrien, le texte du communiqu\u00e9 portait en exergue le verset c\u00e9l\u00e8bre du proph\u00e8te Isa\u00efe parlant du Messie \u00e0 venir, de cet \u00ab\u00a0Emmanuel\/Dieu-avec-Nous\u00a0\u00bb que reprend souvent la liturgie chr\u00e9tienne\u00a0: \u00ab\u00a0\u00c9coutez \u00f4 nations et tremblez car Dieu est avec nous.\u00a0\u00bb On conna\u00eet malheureusement la r\u00e9cup\u00e9ration politique et guerri\u00e8re que de nombreux royaumes et puissances ont faite de cette notion messianique de l\u2019Emmanuel ; le Gott-mit-Uns des troupes nazies \u00e9tant un exemple de sinistre m\u00e9moire.<\/p>\n<div id=\"lejoure_teads\"><\/div>\n<p>En compagnie du patriarche \u0153cum\u00e9nique de Constantinople et de la plupart des patriarches de l\u2019Orient, le pape Fran\u00e7ois n\u2019a cess\u00e9 de d\u00e9noncer \u00e0 Bari cette volont\u00e9 perverse des puissants ainsi que l\u2019insatiable app\u00e9tit des nantis. Il mit en cause \u00ab\u00a0l\u2019indiff\u00e9rence qui tue\u2026 le silence de tant et la complicit\u00e9 de beaucoup\u00a0\u00bb. Il invita les chefs d\u2019\u00c9glise qui l\u2019entouraient d\u2019\u00eatre \u00ab\u00a0une voix qui lutte contre l\u2019homicide et l\u2019indiff\u00e9rence\u00a0\u00bb. Certains pr\u00e9lats ne parvenaient pas \u00e0 se lib\u00e9rer de la confusion, commune en Orient, entre politique et religion. Le patriarche syriaque-orthodoxe Ignace Ephrem II a encore une fois pris fait et cause pour le r\u00e9gime syrien, invitant les r\u00e9fugi\u00e9s \u00e0 rentrer. \u00ab\u00a0Je leur assure que leur retour est s\u00fbr\u00a0\u00bb, d\u00e9clara-t-il, reconnaissant que le r\u00e9gime syrien a certes ses d\u00e9fauts, mais qu\u2019il est largement pr\u00e9f\u00e9rable \u00e0 une domination islamiste.<\/p>\n<p>Mais au m\u00eame moment au Liban, deux formations politico-confessionnelles, le Courant patriotique libre (CPL) et les Forces libanaises (FL) lavaient leur linge sale, mais \u00ab\u00a0chr\u00e9tien\u00a0\u00bb tout de m\u00eame, en public ; s\u2019accusant mutuellement de ne pas respecter l\u2019accord bilat\u00e9ral de Meerab, qui permit l\u2019\u00e9lection de Michel Aoun \u00e0 la pr\u00e9sidence de la R\u00e9publique. Le public libanais a pu ainsi apprendre que ces deux formations, imitant le mod\u00e8le milicien Hezbollah-Amal, avaient d\u00e9cid\u00e9 de prendre la soci\u00e9t\u00e9 chr\u00e9tienne en otage, se r\u00e9servant exclusivement sa repr\u00e9sentativit\u00e9 dans la vie publique. De plus, l\u2019accord en question ali\u00e8ne, semble-t-il, le domaine public puisqu\u2019il r\u00e9serve la r\u00e9partition des fonctions publiques, r\u00e9serv\u00e9es aux chr\u00e9tiens de diverses ob\u00e9diences, au bon vouloir de ces deux formations dont la nature et l\u2019identit\u00e9 ne sont ni cl\u00e9ricales, ni morales, ni spirituelles, et qui repr\u00e9sentent uniquement leurs propres membres.<\/p>\n<p>T\u00e9moigner pour le Christ ? T\u00e9moigner pour des chefferies claniques? \u00catre chr\u00e9tien ou ne pas \u00eatre\u00a0: telle est la question shakespearienne insoluble de cette \u00ab\u00a0pr\u00e9sence chr\u00e9tienne\u00a0\u00bb en Orient que tout le monde souhaite instrumentaliser et exploiter.<\/p>\n<p>acourban@gmail.com<\/p>\n<ul>\n<li>Beyrouth<\/li>\n<\/ul>\n<p><a href=\"https:\/\/www.lorientlejour.com\/article\/1124657\/presence-chretienne-ou-presence-du-christ-.html\">OLJ<\/a><\/p>\n<\/div>\n","protected":false},"excerpt":{"rendered":"<p>\u00c0 Bari, en Italie m\u00e9ridionale, se sont retrouv\u00e9s samedi 7 juillet, \u00e0 l\u2019initiative du pape Fran\u00e7ois, la plupart des chefs d\u2019\u00c9glises chr\u00e9tiennes du Proche-Orient, pour une rencontre \u0153cum\u00e9nique d\u2019\u00e9change et de pri\u00e8re en faveur du Levant ensanglant\u00e9 et de ses populations victimes des conflits entretenus par la volont\u00e9 de puissance des hommes et leur insatiable<\/p>\n","protected":false},"author":33,"featured_media":33457,"comment_status":"open","ping_status":"open","sticky":false,"template":"","format":"standard","meta":{"_uf_show_specific_survey":0,"_uf_disable_surveys":false,"footnotes":""},"categories":[25],"tags":[],"class_list":{"0":"post-33453","1":"post","2":"type-post","3":"status-publish","4":"format-standard","5":"has-post-thumbnail","7":"category-decryptages"},"aioseo_notices":[],"_links":{"self":[{"href":"https:\/\/middleeasttransparent.com\/fr\/wp-json\/wp\/v2\/posts\/33453","targetHints":{"allow":["GET"]}}],"collection":[{"href":"https:\/\/middleeasttransparent.com\/fr\/wp-json\/wp\/v2\/posts"}],"about":[{"href":"https:\/\/middleeasttransparent.com\/fr\/wp-json\/wp\/v2\/types\/post"}],"author":[{"embeddable":true,"href":"https:\/\/middleeasttransparent.com\/fr\/wp-json\/wp\/v2\/users\/33"}],"replies":[{"embeddable":true,"href":"https:\/\/middleeasttransparent.com\/fr\/wp-json\/wp\/v2\/comments?post=33453"}],"version-history":[{"count":0,"href":"https:\/\/middleeasttransparent.com\/fr\/wp-json\/wp\/v2\/posts\/33453\/revisions"}],"wp:featuredmedia":[{"embeddable":true,"href":"https:\/\/middleeasttransparent.com\/fr\/wp-json\/wp\/v2\/media\/33457"}],"wp:attachment":[{"href":"https:\/\/middleeasttransparent.com\/fr\/wp-json\/wp\/v2\/media?parent=33453"}],"wp:term":[{"taxonomy":"category","embeddable":true,"href":"https:\/\/middleeasttransparent.com\/fr\/wp-json\/wp\/v2\/categories?post=33453"},{"taxonomy":"post_tag","embeddable":true,"href":"https:\/\/middleeasttransparent.com\/fr\/wp-json\/wp\/v2\/tags?post=33453"}],"curies":[{"name":"wp","href":"https:\/\/api.w.org\/{rel}","templated":true}]}}