{"id":3280,"date":"2015-08-10T21:37:02","date_gmt":"2015-08-10T20:37:02","guid":{"rendered":"http:\/\/middleeasttransparent.com\/news\/?p=3280"},"modified":"2024-10-08T21:23:43","modified_gmt":"2024-10-08T20:23:43","slug":"sept-francais-sont-tues-chaque-mois-en-syrie","status":"publish","type":"post","link":"https:\/\/middleeasttransparent.com\/fr\/sept-francais-sont-tues-chaque-mois-en-syrie\/","title":{"rendered":"Sept Fran\u00e7ais sont tu\u00e9s chaque mois en Syrie"},"content":{"rendered":"<h3 class=\"copy-paste-block\"><span style=\"color: #0000ff;\">Le nombre de Djihadistes fran\u00e7ais a augment\u00e9 de 44% en un an, celui des morts dans leurs rangs de 280%<\/span><\/h3>\n<div class=\"copy-paste-block\"><strong>\u00a0Le Monde<\/strong><\/div>\n<p><strong><span class=\"signature_article\">Par <span class=\"auteur txt2_120\"> <a class=\"auteur\" href=\"http:\/\/www.lemonde.fr\/journaliste\/soren-seelow\/\" target=\"_blank\" rel=\"noopener\">Soren Seelow<\/a> <\/span> <\/span><\/strong><\/p>\n<div id=\"articleBody\" class=\"contenu_article js_article_body\" style=\"text-align: center;\">\n<p style=\"text-align: left;\"><em>\u00ab\u00a0Nous aimons la mort autant que vous aimez la vie.\u00a0\u00bb<\/em> Quatre ans avant les attentats du 11-Septembre, Oussama Ben Laden avait annonc\u00e9, dans un entretien \u00e0 CNN, que le martyr \u00e9tait \u00e0 la fois un outil et un horizon de la doctrine djihadiste. Deux d\u00e9cennies plus tard, son avatar et principal rival, l\u2019Etat islamique (EI), a \u00e9largi l\u2019ambition de ce sinistre programme. Le message ne s\u2019adresse plus seulement aux kamikazes, mais \u00e0 l\u2019ensemble des combattants du \u00ab\u00a0Califat\u00a0\u00bb, aux confins de l\u2019Irak et de la Syrie.<\/p>\n<p style=\"text-align: left;\">Dans ses campagnes de recrutement, l\u2019EI pr\u00e9sente le \u00ab\u00a0Califat\u00a0\u00bb comme l\u2019<em>\u00ab\u00a0arche de No\u00e9\u00a0\u00bb <\/em>qui sauvera les <em>\u00ab\u00a0vrais musulmans\u00a0\u00bb<\/em> lors de l\u2019affrontement final contre les forces du mal.<\/p>\n<p style=\"text-align: left;\">Depuis le d\u00e9but du conflit, 910 Fran\u00e7ais ont \u00e9t\u00e9 s\u00e9duits par ce discours apocalyptique et ont rejoint la Syrie. Selon le dernier bilan du minist\u00e8re de l\u2019int\u00e9rieur, fin juillet, 494 sont toujours sur place et 126 y ont perdu la vie\u00a0: un djihadiste fran\u00e7ais sur sept est mort en Syrie.<\/p>\n<p style=\"text-align: left;\">Pour l\u2019essentiel, ces \u00ab\u00a0martyrs\u00a0\u00bb sont des hommes. Sur les 158 Fran\u00e7aises actuellement sur place, une seule aurait succomb\u00e9 des suites d\u2019une maladie. Ce sont paradoxalement les mineurs qui payent le plus lourd tribu. Cinq des seize adolescents fran\u00e7ais partis combattre sont morts, soit pr\u00e8s du tiers. On estime par ailleurs que plusieurs dizaines d\u2019enfants fran\u00e7ais en bas \u00e2ge, pour lesquels n\u2019existe aucun chiffre officiel, ont \u00e9t\u00e9 emmen\u00e9s par leurs parents pour peupler le \u00ab\u00a0Califat\u00a0\u00bb.<\/p>\n<figure class=\"illustration_haut \"><a href=\"http:\/\/middleeasttransparent.com\/news\/wp-content\/uploads\/2015\/08\/lemonde1.png\"><img fetchpriority=\"high\" decoding=\"async\" class=\" size-full wp-image-3281 aligncenter\" src=\"http:\/\/middleeasttransparent.com\/news\/wp-content\/uploads\/2015\/08\/lemonde1.png\" alt=\"lemonde1\" width=\"534\" height=\"543\" \/><\/a><\/figure>\n<h3 class=\"intertitre\">\u00ab\u00a0Un voyage vers la mort \u00bb<\/h3>\n<p style=\"text-align: left;\">Le taux de mortalit\u00e9 des recrues fran\u00e7aises a explos\u00e9 ces derniers mois. Entre janvier et juillet, il est pass\u00e9 de 11\u00a0% \u00e0 14\u00a0%. Si le nombre de Fran\u00e7ais en Syrie a augment\u00e9 de 44\u00a0% depuis juillet\u00a02014, le nombre de morts a ainsi grimp\u00e9 de 280\u00a0%, pour atteindre une moyenne de sept d\u00e9c\u00e8s mensuels depuis janvier. Plus de 50 Fran\u00e7ais sont morts depuis le d\u00e9but de l\u2019ann\u00e9e, soit autant que pour toute l\u2019ann\u00e9e 2014. <em>\u00ab\u00a0Ces chiffres montrent, si c\u2019\u00e9tait n\u00e9cessaire, que le d\u00e9part en Syrie est un voyage vers la mort\u00a0\u00bb<\/em>, souligne le minist\u00e8re de l\u2019int\u00e9rieur.<\/p>\n<p style=\"text-align: left;\">Les frappes a\u00e9riennes de la coalition y sont pour beaucoup. En juin, l\u2019\u00e9tat-major am\u00e9ricain a avanc\u00e9 le chiffre de 10\u00a0000 morts dans les rangs de l\u2019EI depuis le d\u00e9but des bombardements, en ao\u00fbt\u00a02014. Les combats contre les rebelles syriens et les islamistes de Jabhat Al-Nosra, ainsi que la terrible bataille face aux Kurdes pour le contr\u00f4le de la ville de Koban\u00e9, sont \u00e9galement en cause.<\/p>\n<p style=\"text-align: left;\">Mais la mortalit\u00e9 des Fran\u00e7ais s\u2019explique aussi par leur progression dans la hi\u00e9rarchie de l\u2019EI. Gu\u00e8re pr\u00e9par\u00e9s au combat, les pionniers se voyaient souvent cantonn\u00e9s aux t\u00e2ches subalternes, telles que le gardiennage des otages. La guerre est longtemps rest\u00e9e l\u2019affaire des moudjahidin venus de Tch\u00e9tch\u00e9nie, de Bosnie ou des pays de la r\u00e9gion. Le temps a pass\u00e9. En janvier\u00a02013, une vingtaine de volontaires fran\u00e7ais \u00e9taient pr\u00e9sents en Syrie. Ils constituent aujourd\u2019hui l\u2019un des premiers bataillons de la l\u00e9gion \u00e9trang\u00e8re de l\u2019EI et ils sont au front.<\/p>\n<p><a href=\"http:\/\/middleeasttransparent.com\/news\/wp-content\/uploads\/2015\/08\/4719254_6_ad44_2015-08-10-9e6879e-8413-1t57nhd_3555a27e7a0ed3f8a053669097410f19.png\"><img decoding=\"async\" class=\" size-full wp-image-3282 aligncenter\" src=\"http:\/\/middleeasttransparent.com\/news\/wp-content\/uploads\/2015\/08\/4719254_6_ad44_2015-08-10-9e6879e-8413-1t57nhd_3555a27e7a0ed3f8a053669097410f19.png\" alt=\"4719254_6_ad44_2015-08-10-9e6879e-8413-1t57nhd_3555a27e7a0ed3f8a053669097410f19\" width=\"534\" height=\"1060\" srcset=\"https:\/\/middleeasttransparent.com\/wp-content\/uploads\/2015\/08\/4719254_6_ad44_2015-08-10-9e6879e-8413-1t57nhd_3555a27e7a0ed3f8a053669097410f19.png 534w, https:\/\/middleeasttransparent.com\/wp-content\/uploads\/2015\/08\/4719254_6_ad44_2015-08-10-9e6879e-8413-1t57nhd_3555a27e7a0ed3f8a053669097410f19-302x600.png 302w, https:\/\/middleeasttransparent.com\/wp-content\/uploads\/2015\/08\/4719254_6_ad44_2015-08-10-9e6879e-8413-1t57nhd_3555a27e7a0ed3f8a053669097410f19-516x1024.png 516w\" sizes=\"(max-width: 534px) 100vw, 534px\" \/><\/a><\/p>\n<p class=\"lire marqueur_restreint_atome\">Lire aussi\u00a0: <a href=\"http:\/\/www.lemonde.fr\/societe\/article\/2015\/08\/10\/la-france-principale-cible-et-vivier-de-l-etat-islamique_4719233_3224.html\">La France, principale cible et vivier de l\u2019\u00ab\u00a0Etat islamique\u00a0\u00bb<\/a><\/p>\n<h3 class=\"intertitre\">Une centaine de pays concern\u00e9s<\/h3>\n<p style=\"text-align: left;\">Les comparaisons internationales ont leur limite, chaque service de renseignement ayant son mode de calcul. Elles donnent n\u00e9anmoins un ordre de grandeur. Selon <a href=\"http:\/\/abonnes.lemonde.fr\/international\/article\/2015\/05\/30\/l-onu-s-alarme-du-nombre-de-djihadistes-etrangers-presents-en-syrie-et-en-irak_4644037_3210.html\">un rapport de l\u2019ONU de mai<\/a>, une centaine de pays, soit la moiti\u00e9 des Etats de la plan\u00e8te, alimentent le contingent de 25\u00a0000 combattants \u00e9trangers dans la zone irako-syrienne. La France appara\u00eet dans le cercle tr\u00e8s ferm\u00e9 \u2013 avec la Russie, le Maroc et la Tunisie \u2013 des pays non frontaliers de la Syrie ou de l\u2019Irak dont la contribution totale approche le millier d\u2019hommes depuis le d\u00e9but du conflit.<\/p>\n<p>Premier fournisseur europ\u00e9en, son poids relatif est cependant \u00e0 nuancer. Rapport\u00e9 au nombre d\u2019habitants, la France glisse en treizi\u00e8me position, derri\u00e8re dix pays \u00e0 majorit\u00e9 musulmane comme le Liban, le Kosovo, l\u2019Albanie ou la Bosnie, et deux pays de l\u2019Union europ\u00e9enne\u00a0: la Belgique et le Danemark. Sans le pr\u00e9cieux renfort de ces combattants \u00e9trangers, les experts estiment que les troupes de l\u2019EI auraient d\u00e9j\u00e0 perdu la bataille.<\/p>\n<p style=\"text-align: left;\">Plus encore que leur nombre, c\u2019est l\u2019implication croissante des djihadistes fran\u00e7ais dans les combats qui inqui\u00e8te les autorit\u00e9s\u00a0: sur les onze attaques-suicides men\u00e9es par des Fran\u00e7ais, huit ont eu lieu en\u00a02015. Plus de la moiti\u00e9 ont \u00e9t\u00e9 commises par des convertis, qui repr\u00e9sentent le quart des combattants fran\u00e7ais. Pierre C., 19 ans, est parti en octobre\u00a02013 en laissant ce mot \u00e0 ses parents\u00a0: <em>\u00ab\u00a0Papa, maman, je suis parti aider les Syriens et les Syriennes, mais ne vous inqui\u00e9tez pas, je vous donnerai des nouvelles d\u00e8s que possible.\u00a0\u00bb<\/em> Sous le nom de guerre d\u2019Abu-Talha Al-Faransi, ce jeune homme originaire d\u2019un village de Haute-Sa\u00f4ne s\u2019est fait exploser en f\u00e9vrier contre une base militaire de Tikrit, en Irak.<\/p>\n<p style=\"text-align: left;\">Sur les 910 Fran\u00e7ais \u00e0 \u00eatre all\u00e9s en Syrie depuis le d\u00e9but du conflit, pr\u00e8s de 500 sont toujours sur place, 290 ont pr\u00e9f\u00e9r\u00e9 rentrer \u2013 dont 223 sont aujourd\u2019hui en France\u00a0: ce sont donc potentiellement 800 citoyens fran\u00e7ais, dont beaucoup ont vu ou commis des atrocit\u00e9s, qui seront un jour sur le sol fran\u00e7ais. La question de leur surveillance et de leur accompagnement psychologique se pose. Quand bien m\u00eame seule une minorit\u00e9 songerait \u00e0 commettre des attentats en France, la plupart seront victimes d\u2019un syndrome de stress post-traumatique, qui en fera des dangers potentiels, pour eux-m\u00eames et leur environnement.<\/p>\n<p style=\"text-align: center;\"><strong>*<\/strong><\/p>\n<h3 class=\"fenetre\"><strong>Le recruteur fran\u00e7ais Omar Diaby aurait \u00e9t\u00e9 tu\u00e9<\/strong><\/h3>\n<p style=\"text-align: left;\">Omar Diaby, consid\u00e9r\u00e9 comme un des principaux recruteurs fran\u00e7ais, serait mort vendredi 7 ao\u00fbt des suites de blessures par balles, selon le journaliste sp\u00e9cialis\u00e9 David Thomson. Un de ses proches en Syrie a confirm\u00e9 la nouvelle sur Twitter, apportant nombre de d\u00e9tails sur son agonie. Ce djihadiste \u00e9tait l\u2019auteur des vid\u00e9os \u00ab 19HH \u00bb, qui ont contribu\u00e9 \u00e0 enr\u00f4ler des dizaines de jeunes gens originaires de la r\u00e9gion ni\u00e7oise au sein de la brigade de Fran\u00e7ais pro-Al-Qaida qu\u2019il a fond\u00e9e fin 2013.<\/p>\n<p style=\"text-align: left;\">Une autre connaissance des services serait morte r\u00e9cemment, selon les d\u00e9clarations sur proc\u00e8s-verbal, non recoup\u00e9es, d\u2019un djihadiste de retour de Syrie rapport\u00e9es par Le Point : il s\u2019agit de Mehdi Belhoucine, 24 ans, qui avait rejoint l\u2019EI avec Hayat Boumeddiene, l\u2019\u00e9pouse d\u2019Amedy Coulibaly, le tueur de l\u2019Hyper Cacher \u00e0 Paris en janvier. Il aurait succomb\u00e9 \u00e0 ses blessures apr\u00e8s une explosion.<\/p>\n<\/div>\n<p><a href=\"http:\/\/www.lemonde.fr\/societe\/article\/2015\/08\/10\/un-djihadiste-francais-sur-sept-est-mort-en-syrie_4718948_3224.html#LrmbZWUEJgqlLEH2.99\">Le Monde <\/a><\/p>\n","protected":false},"excerpt":{"rendered":"<p>Le nombre de Djihadistes fran\u00e7ais a augment\u00e9 de 44% en un an, celui des morts dans leurs rangs de 280% \u00a0Le Monde Par Soren Seelow \u00ab\u00a0Nous aimons la mort autant que vous aimez la vie.\u00a0\u00bb Quatre ans avant les attentats du 11-Septembre, Oussama Ben Laden avait annonc\u00e9, dans un entretien \u00e0 CNN, que le martyr<\/p>\n","protected":false},"author":134,"featured_media":3286,"comment_status":"open","ping_status":"open","sticky":false,"template":"","format":"standard","meta":{"_uf_show_specific_survey":0,"_uf_disable_surveys":false,"footnotes":""},"categories":[22,25],"tags":[],"class_list":{"0":"post-3280","1":"post","2":"type-post","3":"status-publish","4":"format-standard","5":"has-post-thumbnail","7":"category-actualites-fr","8":"category-decryptages"},"aioseo_notices":[],"_links":{"self":[{"href":"https:\/\/middleeasttransparent.com\/fr\/wp-json\/wp\/v2\/posts\/3280","targetHints":{"allow":["GET"]}}],"collection":[{"href":"https:\/\/middleeasttransparent.com\/fr\/wp-json\/wp\/v2\/posts"}],"about":[{"href":"https:\/\/middleeasttransparent.com\/fr\/wp-json\/wp\/v2\/types\/post"}],"author":[{"embeddable":true,"href":"https:\/\/middleeasttransparent.com\/fr\/wp-json\/wp\/v2\/users\/134"}],"replies":[{"embeddable":true,"href":"https:\/\/middleeasttransparent.com\/fr\/wp-json\/wp\/v2\/comments?post=3280"}],"version-history":[{"count":0,"href":"https:\/\/middleeasttransparent.com\/fr\/wp-json\/wp\/v2\/posts\/3280\/revisions"}],"wp:featuredmedia":[{"embeddable":true,"href":"https:\/\/middleeasttransparent.com\/fr\/wp-json\/wp\/v2\/media\/3286"}],"wp:attachment":[{"href":"https:\/\/middleeasttransparent.com\/fr\/wp-json\/wp\/v2\/media?parent=3280"}],"wp:term":[{"taxonomy":"category","embeddable":true,"href":"https:\/\/middleeasttransparent.com\/fr\/wp-json\/wp\/v2\/categories?post=3280"},{"taxonomy":"post_tag","embeddable":true,"href":"https:\/\/middleeasttransparent.com\/fr\/wp-json\/wp\/v2\/tags?post=3280"}],"curies":[{"name":"wp","href":"https:\/\/api.w.org\/{rel}","templated":true}]}}