{"id":3124,"date":"2015-08-06T22:22:56","date_gmt":"2015-08-06T21:22:56","guid":{"rendered":"http:\/\/middleeasttransparent.com\/news\/?p=3124"},"modified":"2024-10-08T21:23:44","modified_gmt":"2024-10-08T20:23:44","slug":"31244","status":"publish","type":"post","link":"https:\/\/middleeasttransparent.com\/fr\/31244\/","title":{"rendered":"Y\u00e9men : premi\u00e8re victoire significative pour les loyalistes"},"content":{"rendered":"<header class=\"banner-headline\">\n<div class=\"info\"><span class=\"author\"><a href=\"http:\/\/www.liberation.fr\/auteur\/10302-luc-mathieu\">Luc MATHIEU<\/a><\/span><\/div>\n<div class=\"info\"><\/div>\n<div class=\"description\">\n<p><span class=\"slug\">R\u00c9CIT<\/span><\/p>\n<h2>Soutenues par l&rsquo;Arabie Saoudite, les\u00a0forces fid\u00e8les au pr\u00e9sident y\u00e9m\u00e9nite ont repris lundi une base militaire pr\u00e8s\u00a0d&rsquo;Aden.<\/h2>\n<\/div>\n<\/header>\n<div id=\"article-body\" class=\"article-body mod\">\n<div>\n<p>Deux chars Leclerc de l\u2019arm\u00e9e des Emirats arabes unis qui longent des fa\u00e7ades d\u2019immeubles gr\u00eal\u00e9es d\u2019impacts de balles. La photo de l\u2019Agence France-Presse a \u00e9t\u00e9 prise \u00e0 une cinquantaine de kilom\u00e8tres au nord d\u2019Aden, au Y\u00e9men, mardi. La veille, les forces fid\u00e8les au pr\u00e9sident Abd Rabbo\u00a0Mansour Hadi\u00a0avaient repris la base militaire d\u2019Al-Anad, \u00e0 proximit\u00e9 d\u2019Aden. Elles avaient re\u00e7u le soutien de 1\u00a0500\u00a0soldats \u00e9miratis, selon le quotidien saoudien <em>Al Hayat.<\/em> Il s\u2019agit de la premi\u00e8re victoire significative de la coalition et des forces loyalistes depuis le d\u00e9but de l\u2019op\u00e9ration lanc\u00e9e par l\u2019Arabie Saoudite en\u00a0mars. L\u2019intervention, \u00e0 laquelle participent des pays du Golfe, vise \u00e0 repousser les rebelles houthis, des miliciens d\u2019ob\u00e9dience chiite soutenus par l\u2019Iran, qui se sont empar\u00e9s ces derniers mois de l\u2019ouest du pays, dont la capitale Sanaa.<\/p>\n<p>Mercredi, les forces loyales \u00e0 Hadi continuaient \u00e0 progresser depuis la base d\u2019Al-Anad. Elles ont repris la majorit\u00e9 de la province voisine de Lahj et se dirigent d\u00e9sormais vers celle d\u2019Abyan. <em>\u00abLa reconqu\u00eate d\u2019Abyan est la prochaine \u00e9tape\u00bb<\/em>, a assur\u00e9 leur porte-parole. Ta\u00ebz, \u00e0 l\u2019ouest d\u2019Aden, figure \u00e9galement parmi les objectifs. Les Saoudiens n\u2019entendent pour autant pas se cantonner au sud du Y\u00e9men, o\u00f9 les loyalistes se sont alli\u00e9s avec des groupes s\u00e9paratistes. Preuve qu\u2019ils entendent poursuivre leur offensive dans le reste du pays, dont Sanaa, ils ont envoy\u00e9 dans la nuit de mercredi \u00e0 jeudi de nouveaux \u00e9quipements militaires, dont des dizaines de tanks et de v\u00e9hicules blind\u00e9s, dans le nord, via le poste-fronti\u00e8re de Wadia.<\/p>\n<h3>\u00abUn d\u00e9potoir \u00e0 ciel ouvert\u00bb<\/h3>\n<p>En seulement quatre mois, la guerre a d\u00e9j\u00e0 fait plus de\u00a04\u00a0000\u00a0morts, selon l\u2019ONU. La ville d\u2019Aden a particuli\u00e8rement souffert. Elle a subi bombardements de la coalition, tirs d\u2019artillerie houthis et combats de rue. <em>\u00abLa ville est compl\u00e8tement d\u00e9truite. Elle est devenue un d\u00e9potoir \u00e0 ciel ouvert\u00bb<\/em>, dit Thierry Goffeau, coordinateur de M\u00e9decins sans fronti\u00e8res (MSF), de retour d\u2019une mission au Y\u00e9men. Les combats sont aujourd\u2019hui moins intenses mais se poursuivent malgr\u00e9 le retrait des forces houthies. <em>\u00abLa ville reste extr\u00eamement dangereuse. Il y a \u00e9norm\u00e9ment de balles perdues, notre h\u00f4pital est touch\u00e9 chaque jour. Nous avons d\u00fb recouvrir les fen\u00eatres de plaques de m\u00e9tal\u00bb<\/em>, poursuit Thierry Goffeau.<\/p>\n<p>Certains habitants commencent toutefois \u00e0 revenir. Ils d\u00e9couvrent des rues recouvertes de gravats et aux immeubles \u00e9croul\u00e9s. La situation sanitaire est catastrophique. La p\u00e9nurie de fuel, qui sert non seulement \u00e0 alimenter les g\u00e9n\u00e9rateurs d\u2019\u00e9lectricit\u00e9 mais aussi les pompes \u00e0 eau, est toujours aussi pr\u00e9gnante. <em>\u00abToute la population civile en souffre. Cela s\u2019ajoute \u00e0 un syst\u00e8me de sant\u00e9 en passe de s\u2019\u00e9crouler, quand il est encore fonctionnel. Au manque de m\u00e9dicaments s\u2019ajoute celui des personnels. Les infirmi\u00e8res et les m\u00e9decins \u00e9trangers, surtout philippins et indiens, ont \u00e9t\u00e9 \u00e9vacu\u00e9s au d\u00e9but du conflit\u00bb<\/em>, explique Laurent Sury, responsable des urgences de MSF.<\/p>\n<p>Selon les ONG, les difficult\u00e9s d\u2019approvisionnement en produits de premi\u00e8re n\u00e9cessit\u00e9 tiennent en partie \u00e0 l\u2019embargo sur les armes destin\u00e9es aux milices houthies impos\u00e9 par une r\u00e9solution de l\u2019ONU le\u00a014\u00a0avril. <em>\u00abNous n\u2019arrivons pas \u00e0 nous mettre d\u2019accord avec la coalition sur un m\u00e9canisme de contr\u00f4le des cargaisons que nous tentons de faire venir. Il faudrait en r\u00e9alit\u00e9 mettre en place un accord avec l\u2019ensemble des bellig\u00e9rants pour faciliter l\u2019acc\u00e8s au pays\u00bb<\/em>, explique un responsable de\u00a0MSF. Jeudi, pour la premi\u00e8re fois en quatre\u00a0mois, un avion civil a atterri \u00e0 l\u2019a\u00e9roport d\u2019Aden. Il transportait des r\u00e9fugi\u00e9s qui rentraient \u00e0 Aden. <em>\u00abL\u2019a\u00e9roport est d\u00e9sormais s\u00fbr [\u2026] et pourra accueillir des cargaisons humanitaires\u00bb<\/em>, a assur\u00e9 jeudi le directeur de l\u2019a\u00e9roport Tarek Abdo.<\/p>\n<\/div>\n<div class=\"authors-container\"><a href=\"http:\/\/www.liberation.fr\/monde\/2015\/08\/06\/yemen-premiere-victoire-significative-pour-les-loyalistes_1359753\">Lib\u00e9ration<\/a><\/div>\n<\/div>\n","protected":false},"excerpt":{"rendered":"<p>Luc MATHIEU R\u00c9CIT Soutenues par l&rsquo;Arabie Saoudite, les\u00a0forces fid\u00e8les au pr\u00e9sident y\u00e9m\u00e9nite ont repris lundi une base militaire pr\u00e8s\u00a0d&rsquo;Aden. Deux chars Leclerc de l\u2019arm\u00e9e des Emirats arabes unis qui longent des fa\u00e7ades d\u2019immeubles gr\u00eal\u00e9es d\u2019impacts de balles. La photo de l\u2019Agence France-Presse a \u00e9t\u00e9 prise \u00e0 une cinquantaine de kilom\u00e8tres au nord d\u2019Aden, au Y\u00e9men,<\/p>\n","protected":false},"author":123,"featured_media":3126,"comment_status":"open","ping_status":"open","sticky":false,"template":"","format":"standard","meta":{"_uf_show_specific_survey":0,"_uf_disable_surveys":false,"footnotes":""},"categories":[22],"tags":[],"class_list":{"0":"post-3124","1":"post","2":"type-post","3":"status-publish","4":"format-standard","5":"has-post-thumbnail","7":"category-actualites-fr"},"aioseo_notices":[],"_links":{"self":[{"href":"https:\/\/middleeasttransparent.com\/fr\/wp-json\/wp\/v2\/posts\/3124","targetHints":{"allow":["GET"]}}],"collection":[{"href":"https:\/\/middleeasttransparent.com\/fr\/wp-json\/wp\/v2\/posts"}],"about":[{"href":"https:\/\/middleeasttransparent.com\/fr\/wp-json\/wp\/v2\/types\/post"}],"author":[{"embeddable":true,"href":"https:\/\/middleeasttransparent.com\/fr\/wp-json\/wp\/v2\/users\/123"}],"replies":[{"embeddable":true,"href":"https:\/\/middleeasttransparent.com\/fr\/wp-json\/wp\/v2\/comments?post=3124"}],"version-history":[{"count":0,"href":"https:\/\/middleeasttransparent.com\/fr\/wp-json\/wp\/v2\/posts\/3124\/revisions"}],"wp:featuredmedia":[{"embeddable":true,"href":"https:\/\/middleeasttransparent.com\/fr\/wp-json\/wp\/v2\/media\/3126"}],"wp:attachment":[{"href":"https:\/\/middleeasttransparent.com\/fr\/wp-json\/wp\/v2\/media?parent=3124"}],"wp:term":[{"taxonomy":"category","embeddable":true,"href":"https:\/\/middleeasttransparent.com\/fr\/wp-json\/wp\/v2\/categories?post=3124"},{"taxonomy":"post_tag","embeddable":true,"href":"https:\/\/middleeasttransparent.com\/fr\/wp-json\/wp\/v2\/tags?post=3124"}],"curies":[{"name":"wp","href":"https:\/\/api.w.org\/{rel}","templated":true}]}}