{"id":30079,"date":"2018-01-27T00:12:23","date_gmt":"2018-01-26T23:12:23","guid":{"rendered":"https:\/\/middleeasttransparent.com\/?p=30079"},"modified":"2018-01-27T00:12:23","modified_gmt":"2018-01-26T23:12:23","slug":"david-thomson-il-est-impossible-de-sassurer-de-la-sincerite-du-repentir-dun-djihadiste","status":"publish","type":"post","link":"https:\/\/middleeasttransparent.com\/fr\/david-thomson-il-est-impossible-de-sassurer-de-la-sincerite-du-repentir-dun-djihadiste\/","title":{"rendered":"David Thomson:  \u00ab Il est impossible de s\u2019assurer de la sinc\u00e9rit\u00e9 du repentir d\u2019un djihadiste \u00bb"},"content":{"rendered":"<header>\n<hgroup><\/hgroup>\n<p>&nbsp;<\/p>\n<ul class=\"art-byline\">\n<li class=\"art-author\" data-bind=\"text: byline\"><span style=\"color: #0000ff;\"><strong>PROPOS RECUEILLIS PAR ALEXANDRE DEVECCHIO @AlexDevecchio<\/strong><\/span><\/li>\n<\/ul>\n<p>&nbsp;<\/p>\n<\/header>\n<div data-bind=\"foreach: articleBlocks\">\n<p data-bind=\"text: $data\"><strong>LE FIGARO. \u2013 En juillet 2017, vous \u00eates laur\u00e9at du prix Albert-Londres 2017 du livre pour Les Revenants, enqu\u00eate majeure sur les djihadistes fran\u00e7ais qui reviennent de Syrie. Puis vous disparaissez de la circulation\u2026 Que s\u2019est-il pass\u00e9 ? Avez-vous \u00e9t\u00e9 menac\u00e9 ?<\/strong><\/p>\n<p data-bind=\"text: $data\"><strong> David THOMSON<\/strong>. \u2013 J\u2019ai en effet quitt\u00e9 la France \u00e0 cause des menaces. Je ne sais pas si l\u2019on peut s\u2019habituer aux menaces de mort. Elles ont commenc\u00e9 d\u00e9but 2013, quand j\u2019\u00e9tais correspondant en Tunisie pour RFI, \u00e0 cause du d\u00e9but de l\u2019op\u00e9ration \u00ab Serval \u00bb au Mali. Ensuite, chaque ann\u00e9e, ma situation s\u00e9curitaire s\u2019est d\u00e9grad\u00e9e. \u00c0 partir de l\u2019\u00e9t\u00e9 2016, les menaces de mort se sont intensifi\u00e9es, de plus en plus personnalis\u00e9es et circonstanci\u00e9es. Un jour, j\u2019\u00e9tais \u00e0 la terrasse d\u2019un caf\u00e9, je re\u00e7ois un appel d\u2019un commandant de police : \u00ab Bonjour, vous venez d\u2019\u00eatre plac\u00e9 sous protection polici\u00e8re. Vous \u00eates o\u00f9 ? O.K., on arrive. \u00bb Un an et demi apr\u00e8s, je suis toujours plac\u00e9 sous protection polici\u00e8re par le service de la protection de la police nationale, le SDLP. Nous sommes une quinzaine de civils dans ce cas en France. J\u2019ai fait la connaissance d\u2019officiers de s\u00e9curit\u00e9 extraordinaires. L\u2019un d\u2019entre eux m\u2019a dit tout au d\u00e9but : \u00ab Nous sommes l\u00e0 pour prendre une balle pour vous. \u00bb Cet officier de s\u00e9curit\u00e9 \u00e9tait un ami de Franck Brinsolaro, le policier tu\u00e9 pendant le massacre de Charlie. Je leur suis tr\u00e8s reconnaissant. Durant mon travail en France, j\u2019ai rencontr\u00e9 des djihadistes qui sont chauffeurs de taxi, agents de s\u00e9curit\u00e9 et m\u00eame auxiliaires de police au guichet d\u2019un commissariat. Il m\u2019est arriv\u00e9 d\u2019en recroiser certains par hasard. La pression en France \u00e9tait devenue trop forte. J\u2019ai donc d\u00fb quitter mon pays, pour commencer un nouveau cycle journalistique aux \u00c9tats-Unis.<\/p>\n<p data-bind=\"text: $data\"><strong>Vous avez expliqu\u00e9 que le sujet \u00e9tait parfois difficile \u00e0 porter psychologiquement. Au-del\u00e0 des menaces, vouliez-vous tourner la page ?<\/strong><\/p>\n<p data-bind=\"text: $data\">J\u2019ai pratiqu\u00e9 pendant six ans un journalisme d\u2019anxi\u00e9t\u00e9 sur un sujet radioactif. Un travail au contact direct des djihadistes, qui ne pronostique et n\u2019annonce que de tristes nouvelles, qui sid\u00e8rent tellement qu\u2019on ne peut se les repr\u00e9senter avant de les vivre, et o\u00f9 la d\u00e9tresse sociale et la mort sont omnipr\u00e9sentes. On ne peut pas passer sa vie \u00e0 sonder le pire de l\u2019\u00e2me humaine. Quand on est immerg\u00e9 dans le terrorisme, il est difficile de vivre normalement. En 2015, je connaissais une partie des assaillants, je connaissais aussi plusieurs personnes dans le Bataclan et c\u2019est le XIe, quartier que j\u2019habitais, qui a \u00e9t\u00e9 frapp\u00e9. On ne travaille pas impun\u00e9ment sur ce sujet, et les cons\u00e9quences en termes de vie priv\u00e9e sont fortes. Avec ce deuxi\u00e8me livre, Les Revenants, j\u2019avais par ailleurs le sentiment d\u2019avoir \u00e9puis\u00e9 journalistiquement cette th\u00e9matique. Ind\u00e9pendamment des menaces, j\u2019avais d\u00e9cid\u00e9 d\u2019arr\u00eater. Il \u00e9tait temps de tourner la page et de changer de sujet. Je ne voulais pas ressembler \u00e0 la caricature m\u00e9diatique que j\u2019ai souvent d\u00e9nonc\u00e9e: ces experts faussaires abonn\u00e9s aux plateaux t\u00e9l\u00e9 pour meubler du vide avec du vide et qui continuent d\u2019occuper, h\u00e9las, la majeure partie du temps d\u2019antenne.<\/p>\n<p data-bind=\"text: $data\"><strong>Malgr\u00e9 votre d\u00e9part, les acteurs continuent-ils \u00e0 vous contacter ?<\/strong><\/p>\n<p data-bind=\"text: $data\">Avez-vous gard\u00e9 des liens ? J\u2019ai moins de contacts avec cet univers. J\u2019ai n\u00e9anmoins conserv\u00e9 des liens qui d\u00e9passent maintenant le cadre strictement journalistique, avec un revenant. Sur quarante personnages interview\u00e9s pendant six ans pour mes deux livres, ce jeune est un des seuls \u00e0 me donner le sentiment d\u2019avoir sinc\u00e8rement rompu avec cette id\u00e9ologie.<\/p>\n<p data-bind=\"text: $data\"><strong>Depuis la faillite de l\u2019\u00c9tat islamique, quel est leur \u00e9tat d\u2019esprit ?\u00a0Il y a un an, vous \u00e9criviez : \u00ab Si ces revenants sont parfois d\u00e9\u00e7us de leur exp\u00e9rience en Syrie, ils ne sont pour la plupart nullement repentis. \u00bb Est-ce toujours le cas ?<\/strong><\/p>\n<p data-bind=\"text: $data\">Je n\u2019ai pas men\u00e9 d\u2019entretien depuis la chute de Mossoul ; je me suis arr\u00eat\u00e9 au d\u00e9but de la bataille. Mais en effet, les centaines d\u2019heures d\u2019interviews men\u00e9es pendant deux ans et demi pour le livre permettent de dresser cette tendance: les revenants reviennent d\u00e9\u00e7us mais, pour la plupart, fid\u00e8les au courant djihadiste de l\u2019islam sunnite. Une des femmes rencontr\u00e9es en France me disait ainsi \u00eatre revenue de Syrie apr\u00e8s avoir subi enfermement et violences sous l\u2019EI tout en me confiant que l\u2019attentat de Charlie Hebdo avait \u00e9t\u00e9 \u00ab le plus beau jour de sa vie\u00bb. Il faut noter aussi cette autre tendance tir\u00e9e des entretiens men\u00e9s sur la longueur avec sept d\u00e9tenus terroristes incarc\u00e9r\u00e9s en France. Dans le huis clos carc\u00e9ral, les djihadistes ont tendance \u00e0 s\u2019enraciner dans leur id\u00e9ologie et dans leurs intentions terroristes, que ce soit dans la prison ou au dehors.<\/p>\n<p data-bind=\"text: $data\"><strong>Vous avez commenc\u00e9 \u00e0 travailler sur le ph\u00e9nom\u00e8ne djihadiste apr\u00e8s les printemps arabes en 2011 et vous avez tir\u00e9 la sonnette d\u2019alarme d\u00e8s 2014 sur le risque d\u2019attentats en France. Vous vous \u00eates alors heurt\u00e9 au d\u00e9ni des \u00ab \u00e9lites \u00bb m\u00e9diatiques et politiques\u2026 Ces derni\u00e8res commettent-elles les m\u00eames erreurs au sujet des revenants aujourd\u2019hui ?<\/strong><\/p>\n<p data-bind=\"text: $data\">Ceux qui tournaient en d\u00e9rision mes propos en 2014, quand j\u2019essayais de les alerter sur les intentions terroristes des djihadistes fran\u00e7ais partis en Syrie, ont encore micro ouvert dans tous les m\u00e9dias audiovisuels. De nombreux experts de la non-expertise monnayent leur label \u00ab vu \u00e0 la t\u00e9l\u00e9 \u00bb aupr\u00e8s de l\u2019autorit\u00e9 publique et certains ont fini par avoir l\u2019oreille du pr\u00e9c\u00e9dent gouvernement. D\u2019o\u00f9 les retards et erreurs d\u2019analyse en France face \u00e0 la menace terroriste. Ce ph\u00e9nom\u00e8ne est pass\u00e9 en dessous de tous les radars entre 2012 et 2013, et quand les autorit\u00e9s se sont r\u00e9veill\u00e9es, mi-2014, il \u00e9tait trop tard. Aujourd\u2019hui, tout le monde a malheureusement compris le danger. Cette fois, le probl\u00e8me est difJe f\u00e9rent. La d\u00e9mocratie ne lutte pas \u00e0 armes \u00e9gales avec le djihadisme. Les djihadistes ont la m\u00e9moire longue et op\u00e8rent patiemment sur le temps long, surtout quand ils sont en prison. C\u2019est moins le cas de la justice fran\u00e7aise. On estime que plus de 50% des d\u00e9tenus terroristes d\u00e9j\u00e0 condamn\u00e9s sont cens\u00e9s sortir de prison d\u2019ici \u00e0 2020. Sur le court terme, l\u2019intensit\u00e9 de la menace terroriste est donc moins forte en France; je crains que cela ne soit pas le cas sur le long terme.<\/p>\n<p data-bind=\"text: $data\"><strong>Le nouveau gouvernement a renonc\u00e9 \u00e0 la politique de \u00ab d\u00e9radicalisation \u00bb. Est-ce finalement le signe d\u2019une meilleure compr\u00e9hension du ph\u00e9nom\u00e8ne djihadiste ?<\/strong><\/p>\n<p data-bind=\"text: $data\">Je le pense, et une vraie inflexion a \u00e9t\u00e9 donn\u00e9e en mati\u00e8re de pr\u00e9vention avec l\u2019arriv\u00e9e de personnalit\u00e9s nouvelles comme Muriel Domenach \u00e0 la t\u00eate du Comit\u00e9 interminist\u00e9riel de pr\u00e9vention de la d\u00e9linquance et de la radicalisation (CIPDR). Dans mon livre, j\u2019explique, sur la base de t\u00e9moignages de djihadistes, pourquoi la d\u00e9radicalisation institutionnelle est une chim\u00e8re. Une des revenantes raconte qu\u2019une des premi\u00e8res choses qu\u2019on lui a demand\u00e9es dans ces centres \u00e9tait de t\u00e9moigner sur BFM pour raconter comment elle avait \u00e9t\u00e9 bien \u00ab d\u00e9radicalis\u00e9e \u00bb. Quelques mois plus tard, elle repartait en Syrie. Il n\u2019existe aucune m\u00e9thode de d\u00e9radicalisation d\u2019\u00c9tat. Beaucoup ont pr\u00e9tendu le contraire pour des raisons politiques ou mercantiles. D\u2019authentiques escrocs ont \u00e9t\u00e9 abreuv\u00e9s de centaines de milliers d\u2019euros de subventions publiques dans l\u2019opacit\u00e9. Trois ans apr\u00e8s les premiers programmes, si l\u2019on fait le bilan, parmi les trois principales figures m\u00e9diatiques de la d\u00e9radicalisation, une a \u00e9t\u00e9 condamn\u00e9e pour d\u00e9tournement de fonds publics, un autre est en prison, mis en examen pour viols pr\u00e9sum\u00e9s de patientes et exercice ill\u00e9gal de la m\u00e9decine, enfin la derni\u00e8re est largement d\u00e9cr\u00e9dibilis\u00e9e, entre autres raisons parce que plusieurs des jeunes femmes pass\u00e9es par son \u00ab centre \u00bb, dont une pr\u00e9sent\u00e9e sur tous les plateaux t\u00e9l\u00e9 comme mod\u00e8le de r\u00e9ussite de sa m\u00e9thode de d\u00e9radicalisation, sont parties en Syrie. Il a fallu passer par ces errements, co\u00fbteux, pour arriver \u00e0 une meilleure grille d\u2019analyse et que ces individus trouvent aujourd\u2019hui portes closes dans les minist\u00e8res.<\/p>\n<p data-bind=\"text: $data\"><strong>Le d\u00e9bat sur le sort \u00e0 r\u00e9server aux djihadistes arr\u00eat\u00e9s en zone irako-syrienne fait rage en France. Trois avocats, Marie Dos\u00e9, William Bourdon et Martin Pradel, d\u00e9noncent par des plaintes le refus de la France de rapatrier ses ressortissants. Le gouvernement estime que les prisonniers doivent \u00eatre jug\u00e9s sur place. Fait-il preuve de cynisme ou de r\u00e9alisme ?<\/strong><\/p>\n<p data-bind=\"text: $data\">En rejoignant un groupe terroriste, les djihadistes savaient o\u00f9 ils mettaient les pieds. D\u00e8s septembre 2014, de Syrie, ils promettaient, je cite, de \u00ab mettre la France \u00e0 genoux \u00bb en tuant des civils. Sur zone, tous les djihadistes ont port\u00e9 les armes. Les avocats font leur travail. Il est \u00e0 noter que William Bourdon faisait partie de mes contradicteurs les plus virulents en 2014, quand j\u2019essayais d\u2019expliquer que les djihadistes partis en Syrie avaient des intentions terroristes contre la France. Son erreur d\u2019analyse s\u2019explique sans doute par le fait qu\u2019il a parmi ses clients un authentique exdjihadiste, ancien de Guantanamo, que je connais et qui lutte aujourd\u2019hui contre cette id\u00e9ologie. Mais ces cas sont tr\u00e8s rares dans ce milieu. Par ailleurs, je connais tr\u00e8s bien Martin Pradel, puisque c\u2019est mon avocat. Il est tr\u00e8s attach\u00e9 \u00e0 la d\u00e9fense des libert\u00e9s fondamentales en France mais aussi en Afrique, au Maghreb et en Turquie. Je comprends sa d\u00e9marche en tant que juriste, mais, \u00e0 mes yeux, un d\u00e9tenu terroriste n\u2019est pas un d\u00e9tenu comme un autre. Il est impossible de s\u2019assurer de la sinc\u00e9rit\u00e9 du repentir d\u2019un djihadiste. N\u2019oublions pas les pr\u00e9c\u00e9dents, comme celui du Belge Oussama Atar, parti rejoindre le premier djihad irakien, condamn\u00e9 en 2005 \u00e0 dix ans de prison en Irak. Se pr\u00e9sentant comme repenti et malade, il avait b\u00e9n\u00e9fici\u00e9 en Europe d\u2019une vaste campagne de soutien conduisant \u00e0 sa lib\u00e9ration anticip\u00e9e. Il a ensuite regagn\u00e9 le djihad en Syrie pour devenir un des coordinateurs des attentats du 13 novembre. Je pourrais citer des dizaines d\u2019autres exemples comme celui-ci.<\/p>\n<p><img fetchpriority=\"high\" decoding=\"async\" class=\"size-full wp-image-30085 aligncenter\" src=\"https:\/\/middleeasttransparent.com\/wp-content\/uploads\/2018\/01\/Les-revenants-iloveimg-compressed-1.jpg\" alt=\"\" width=\"340\" height=\"340\" srcset=\"https:\/\/middleeasttransparent.com\/wp-content\/uploads\/2018\/01\/Les-revenants-iloveimg-compressed-1.jpg 340w, https:\/\/middleeasttransparent.com\/wp-content\/uploads\/2018\/01\/Les-revenants-iloveimg-compressed-1-300x300.jpg 300w\" sizes=\"(max-width: 340px) 100vw, 340px\" \/><\/p>\n<p data-bind=\"text: $data\"><strong>Dans un reportage diffus\u00e9 sur France 2, Yassin, djihadiste fran\u00e7ais originaire de Lunel, s\u2019exprime apr\u00e8s avoir \u00e9t\u00e9 arr\u00eat\u00e9 par les forces kurdes en Syrie. Il d\u00e9ment avoir combatt<\/strong><strong>u avec l\u2019\u00c9tat islamique et explique s\u2019\u00eatre engag\u00e9 pour retrouver son fr\u00e8re. \u00ab Je veux juste rentrer chez moi \u00bb, dit-il. Le connaissiez-vous ? Faut-il le croire sur parole ?<\/strong><\/p>\n<p data-bind=\"text: $data\">J\u2019ai men\u00e9 quelques entretiens avec lui et j\u2019ai perdu sa trace fin 2016. Avant de partir en Syrie par suivisme, il avait fait plusieurs s\u00e9jours en h\u00f4pital psychiatrique. Il n\u2019avait aucune pratique religieuse. Il a commenc\u00e9 \u00e0 prier en Syrie. Il a rejoint des Lunellois l\u00e0-bas au moment o\u00f9 ils posaient fi\u00e8rement sur Facebook kalachnikov \u00e0 la main, devant des BMW, comme dans un clip de rap. Sur place, il a int\u00e9gr\u00e9 la brigade Tariq Ibn Ziyad de l\u2019EI, fond\u00e9e en juillet 2015 par un ancien l\u00e9gionnaire fran\u00e7ais v\u00e9t\u00e9ran d\u2019Afghanistan, lui aussi de Lunel, Abou Souleyman. Cette brigade d\u2019Europ\u00e9ens sous \u00e9mirat franco-marocain a beaucoup combattu en premi\u00e8re ligne, \u00e0 Deir ez-Zor et \u00e0 Mossoul, mais je ne sais pas quel poste Yassin occupait. Lors de notre dernier \u00e9change, apr\u00e8s l\u2019attentat suicide de son fr\u00e8re, Yassin voulait rentrer en France. Il a fait quelques s\u00e9jours dans les prisons de l\u2019EI, qui le suspectait de d\u00e9sertion. Il essayait de contacter des avocats fran\u00e7ais pour rentrer.<\/p>\n<p data-bind=\"text: $data\"><strong>\u00c9milie K\u00f6nig, figure de la mouvance djihadiste fran\u00e7aise d\u00e9tenue par les forces kurdes en Syrie, demande son rapatriement aux autorit\u00e9s fran\u00e7aises. Les autorit\u00e9s et les observateurs ont-ils fait preuve de na\u00efvet\u00e9 concernant les femmes djihadistes en les consid\u00e9rant comme victimes ?<\/strong><\/p>\n<p data-bind=\"text: $data\">Cette femme a fait partie des premi\u00e8res Fran\u00e7aises en Syrie. Gr\u00e2ce \u00e0 Facebook, dont la responsabilit\u00e9 dans ce ph\u00e9nom\u00e8ne est colossale, l\u2019une de ses principales activit\u00e9s \u00e9tait de faire venir d\u2019autres femmes au sein de son groupe terroriste. Elle \u00e9tait mari\u00e9e \u00e0 un djihadiste fran\u00e7ais de N\u00eemes, tu\u00e9 pendant la bataille de Koban\u00e9 en 2015 et qui est l\u2019auteur d\u2019une des toutes premi\u00e8res vid\u00e9os Facebook de djihadiste fran\u00e7ais appelant \u00e0 commettre des attentats sur le sol fran\u00e7ais. Dans mon livre, j\u2019ai essay\u00e9 de casser le paradigme pr\u00e9valant jusqu\u2019\u00e0 l\u2019attentat rat\u00e9 des bonbonnes de Paris \u00e0 l\u2019\u00e9t\u00e9 2016 qui faisait syst\u00e9matiquement des femmes djihadistes des victimes de leur mari et qui donc les d\u00e9responsabilisait totalement. En raison de ce biais de genre qui renvoie \u00e0 une repr\u00e9sentation sexiste de la femme, elles n\u2019\u00e9taient quasiment pas envoy\u00e9es en prison au retour de Syrie. Il n\u2019y a aucune diff\u00e9rence \u00e0 faire entre un homme et une femme en mati\u00e8re de djihadisme, les niveaux de d\u00e9termination et de dangerosit\u00e9 sont les m\u00eames.<\/p>\n<p data-bind=\"text: $data\"><strong>Reste le cas des enfants, ceux que l\u2019on appelle les \u00ab lionceaux de l\u2019\u00c9tat islamique \u00bb\u2026<\/strong><\/p>\n<p data-bind=\"text: $data\">Ces enfants ont v\u00e9cu en zone de guerre, ont \u00e9t\u00e9 conditionn\u00e9s et socialis\u00e9s dans un groupe terroriste, certains ont \u00e9t\u00e9 forc\u00e9s d\u2019ex\u00e9cuter des otages avant m\u00eame d\u2019avoir 10 ans. Dans mon livre, l\u2019une des revenantes, rentr\u00e9e de Syrie pour accoucher en France, d\u00e9taille les crises d\u2019angoisse post-traumatiques de son nourrisson, qui pourtant est n\u00e9 en France. Ces quelque 400 enfants fran\u00e7ais ont \u00e9t\u00e9 \u00e9lev\u00e9s par des parents fanatis\u00e9s dans \u00abl\u2019amour du djihad\u00bb pour \u00eatre les terroristes de demain. Leur retour en France est un d\u00e9fi majeur pour les autorit\u00e9s.<\/p>\n<p data-bind=\"text: $data\"><strong>En pleine d\u00e9route militaire apr\u00e8s avoir perdu la ville de Manbij, en Syrie, l\u2019\u00c9tat islamique d\u00e9clarait : \u00ab Nous avons perdu une bataille, mais nous avons gagn\u00e9 une g\u00e9n\u00e9ration qui conna\u00eet son ennemi. \u00bb Est-ce le cas ?<\/strong><\/p>\n<p data-bind=\"text: $data\">J\u2019ai choisi cette phrase pour \u00eatre la derni\u00e8re de mon livre. Elle refl\u00e8te malheureusement la r\u00e9alit\u00e9. M\u00eame si aujourd\u2019hui l\u2019EI n\u2019est plus en mesure de g\u00e9n\u00e9rer cette \u00ab transe collective \u00bb, pour reprendre l\u2019expression d\u2019un revenant, m\u00eame si la phase d\u2019euphorie est termin\u00e9e pour les djihadistes, l\u2019organisation a ins\u00e9r\u00e9 le logiciel terroriste dans le cerveau d\u2019un nombre in\u00e9dit de jeunes Fran\u00e7ais. Aujourd\u2019hui, l\u2019EI a perdu ce qui faisait sa force, le contr\u00f4le territorial qui lui permettait de dire \u00e0 ses partisans que l\u2019utopie d\u2019une cit\u00e9 id\u00e9ale pour tous les musulmans avait \u00e9t\u00e9 cr\u00e9\u00e9e. Mais l\u2019EI n\u2019a pas disparu. L\u2019EI a repris sa forme initiale, celle d\u2019avant 2014, c\u2019est-\u00e0-dire celle d\u2019un mouvement terroriste clandestin. Et l\u2019EI et ses appels au meurtre restent pr\u00e9sents dans l\u2019esprit de ses partisans, dont la plupart sont aujourd\u2019hui dans les prisons fran\u00e7aises. Un revenant me disait d\u2019ailleurs : \u00abJ\u2019ai quitt\u00e9 la Syrie pour fuir Daech, et j\u2019ai retrouv\u00e9 Daech \u00e0 FleuryM\u00e9rogis ! \u00bb<\/p>\n<p data-bind=\"text: $data\"><strong>L\u2019un des revenants, Zoubeir, vous a racont\u00e9 qu\u2019il a bascul\u00e9 parce que la soci\u00e9t\u00e9 contemporaine ne r\u00e9pondait pas \u00e0 sa qu\u00eate de sens. \u00ab On nous pousse \u00e0 consommer, consommer, consommer plus, vous avait-il expliqu\u00e9. Mais au bout d\u2019un moment, consommer, \u00e7a ne donne pas une raison de vivre. Certains ont besoin d\u2019un autre projet. \u00bb La France a-t-elle besoin d\u2019un projet ?<\/strong><\/p>\n<p data-bind=\"text: $data\">Ce jeune incarnait ce que l\u2019anthropologue Alain Bertho a appel\u00e9 \u00ab l\u2019islamisation de la r\u00e9volte radicale\u00bb. Le djihadisme a combl\u00e9 chez lui le vide id\u00e9ologique contemporain. Il correspondait \u00e0 la fois \u00e0 son \u00e9ducation religieuse musulmane conservatrice et \u00e0 sa vision politique radicale de la soci\u00e9t\u00e9 de consommation, \u00e0 laquelle il ne pouvait avoir acc\u00e8s et dans laquelle il s\u2019ennuyait profond\u00e9ment. Pour beaucoup, le djihadisme a aussi offert une promesse de vengeance et une promesse h\u00e9doniste. C\u2019est ce que j\u2019ai appel\u00e9 le \u00ab LOL Jihad \u00bb, une kalachnikov dans la main, un smartphone dans l\u2019autre, des Air Max aux pieds. Du pouvoir, un statut. Tout ce qui n\u2019\u00e9tait pas permis, pas accessible dans les \u00abquartiers populaires\u00bb, d\u2019o\u00f9 les djihadistes sont massivement originaires, devenait possible en Syrie. En Syrie, la hi\u00e9rarchie des normes sociales s\u2019inversait. De \u00abdomin\u00e9s\u00bb en France, ils sont devenus dominants en Syrie en se repr\u00e9sentant comme les h\u00e9ritiers du Proph\u00e8te, seuls garants de la puret\u00e9 de l\u2019islam authentique. C\u2019\u00e9tait la revanche des \u00ab humili\u00e9s \u00bb.<\/p>\n<p data-bind=\"text: $data\"><a href=\"http:\/\/www.lefigaro.fr\/vox\/societe\/2018\/01\/25\/31003-20180125ARTFIG00264-il-est-impossible-de-s-assurer-de-la-sincerite-du-repentir-d-un-djihadiste.php\">\u00a0LE FIGARO<\/a><\/p>\n<\/div>\n","protected":false},"excerpt":{"rendered":"<p>&nbsp; PROPOS RECUEILLIS PAR ALEXANDRE DEVECCHIO @AlexDevecchio &nbsp; LE FIGARO. \u2013 En juillet 2017, vous \u00eates laur\u00e9at du prix Albert-Londres 2017 du livre pour Les Revenants, enqu\u00eate majeure sur les djihadistes fran\u00e7ais qui reviennent de Syrie. Puis vous disparaissez de la circulation\u2026 Que s\u2019est-il pass\u00e9 ? Avez-vous \u00e9t\u00e9 menac\u00e9 ? David THOMSON. \u2013 J\u2019ai en<\/p>\n","protected":false},"author":152,"featured_media":30080,"comment_status":"open","ping_status":"open","sticky":false,"template":"","format":"standard","meta":{"_uf_show_specific_survey":0,"_uf_disable_surveys":false,"footnotes":""},"categories":[37],"tags":[],"class_list":{"0":"post-30079","1":"post","2":"type-post","3":"status-publish","4":"format-standard","5":"has-post-thumbnail","7":"category-alaune-fr"},"aioseo_notices":[],"_links":{"self":[{"href":"https:\/\/middleeasttransparent.com\/fr\/wp-json\/wp\/v2\/posts\/30079","targetHints":{"allow":["GET"]}}],"collection":[{"href":"https:\/\/middleeasttransparent.com\/fr\/wp-json\/wp\/v2\/posts"}],"about":[{"href":"https:\/\/middleeasttransparent.com\/fr\/wp-json\/wp\/v2\/types\/post"}],"author":[{"embeddable":true,"href":"https:\/\/middleeasttransparent.com\/fr\/wp-json\/wp\/v2\/users\/152"}],"replies":[{"embeddable":true,"href":"https:\/\/middleeasttransparent.com\/fr\/wp-json\/wp\/v2\/comments?post=30079"}],"version-history":[{"count":0,"href":"https:\/\/middleeasttransparent.com\/fr\/wp-json\/wp\/v2\/posts\/30079\/revisions"}],"wp:featuredmedia":[{"embeddable":true,"href":"https:\/\/middleeasttransparent.com\/fr\/wp-json\/wp\/v2\/media\/30080"}],"wp:attachment":[{"href":"https:\/\/middleeasttransparent.com\/fr\/wp-json\/wp\/v2\/media?parent=30079"}],"wp:term":[{"taxonomy":"category","embeddable":true,"href":"https:\/\/middleeasttransparent.com\/fr\/wp-json\/wp\/v2\/categories?post=30079"},{"taxonomy":"post_tag","embeddable":true,"href":"https:\/\/middleeasttransparent.com\/fr\/wp-json\/wp\/v2\/tags?post=30079"}],"curies":[{"name":"wp","href":"https:\/\/api.w.org\/{rel}","templated":true}]}}