{"id":29815,"date":"2018-01-17T14:41:00","date_gmt":"2018-01-17T13:41:00","guid":{"rendered":"https:\/\/middleeasttransparent.com\/?p=29815"},"modified":"2018-01-17T14:41:00","modified_gmt":"2018-01-17T13:41:00","slug":"al-abadi-renonce-a-sallier-avec-les-milices-chiites","status":"publish","type":"post","link":"https:\/\/middleeasttransparent.com\/fr\/al-abadi-renonce-a-sallier-avec-les-milices-chiites\/","title":{"rendered":"Al-Abadi renonce \u00e0 s\u2019allier avec les milices chiites"},"content":{"rendered":"<header>\n<hgroup>\n<h2 data-bind=\"text: articleSubtitle\">Le premier ministre est revenu sur le pacte conclu en vue des l\u00e9gislatives avec ces groupes paramilitaires, soutenus par l\u2019Iran.<\/h2>\n<h2 data-bind=\"text: articleSubtitle\"><\/h2>\n<h2 data-bind=\"text: articleSubtitle\"><\/h2>\n<h2 data-bind=\"text: articleSubtitle\"><\/h2>\n<\/hgroup>\n<\/header>\n<div data-bind=\"foreach: articleBlocks\">\n<p data-bind=\"text: $data\">\u00a0\u00c0 quatre mois des premi\u00e8res \u00e9lections l\u00e9gislatives qui d\u00e9signeront le futur homme fort de l\u2019Irak post-Daech, les grandes manoeuvres ont commenc\u00e9 \u00e0 Bagdad. Et comme souvent dans ce pays fractur\u00e9 entre groupes politiques, les surprises sont d\u00e9j\u00e0 au rendez-vous.<\/p>\n<p data-bind=\"text: $data\">Dimanche, le premier ministre, Ha\u00efdar al-Abadi, encore aur\u00e9ol\u00e9 de sa victoire contre les djihadistes, annon\u00e7ait qu\u2019il dirigerait sa propre liste, \u00abl\u2019Alliance de la victoire\u00bb, fort du ralliement de la Mobilisation populaire (MP), ces forces paramilitaires qui ont jou\u00e9 un r\u00f4le pr\u00e9pond\u00e9rant pour chasser Daech d\u2019un tiers du pays. Ce ralliement augurait d\u2019une victoire quasi certaine pour un premier ministre qui, apr\u00e8s avoir reb\u00e2ti une arm\u00e9e, cherche maintenant \u00e0 d\u00e9passer les clivages confessionnels entre chiites, sunnites et kurdes. Mais cette alliance n\u2019aura dur\u00e9 que 24 heures. Lundi, Abadi et la Mobilisation d\u00e9cidaient de concourir s\u00e9par\u00e9ment aux l\u00e9gislatives du 12 mai prochain, dont l\u2019issue redevient incertaine.<\/p>\n<p data-bind=\"text: $data\">Pour le camp Abadi, \u00able retrait de certains groupes (appartenant \u00e0 la Mobilisation) est d\u00fb au fait qu\u2019ils n\u2019ont pas pu se conformer aux conditions que le premier ministre a pos\u00e9es \u00bb. Soucieux de tourner la page d\u2019un confessionnalisme destructeur et d\u2019une corruption end\u00e9mique, Abadi voudrait composer un gouvernement de technocrates, en y associant davantage la minorit\u00e9 sunnite, comme le lui demandent ses soutiens internationaux dans la guerre contre Daech, \u00c9tats-Unis et France en t\u00eate.<\/p>\n<p data-bind=\"text: $data\">En coulisses, les pressions ont redoubl\u00e9 autour d\u2019un premier ministre dont la position est fragile au sein de son propre parti (al-Dawa), principale formation repr\u00e9sentant la communaut\u00e9 chiite, la plus nombreuse d\u2019Irak. Aux l\u00e9gislatives, Abadi affrontera son pr\u00e9d\u00e9cesseur, Nouri al-Maliki, issu lui aussi du Dawa, jug\u00e9 responsable de l\u2019\u00e9mergence de Daech en raison de sa politique antisunnite men\u00e9e au cours de son second mandat entre 2010 et 2014. Et c\u2019est entre les deux hommes que la soixantaine de milices issues de la Mobilisation populaire marchande leur soutien. Avec, pour les plus importantes d\u2019entre elles, l\u2019Iran comme discret mais puissant parrain, face aux \u00c9tatsUnis, qui restent vigilants sur l\u2019avenir d\u2019un pays que leurs 9 000 militaires sur place ont contribu\u00e9 \u00e0 relever face aux djihadistes.<\/p>\n<p data-bind=\"text: $data\"><strong>Mise en garde de Washington<\/strong><\/p>\n<p data-bind=\"text: $data\">\u00ab L\u2019accord Abadi-Mobilisation n\u2019a pas march\u00e9 parce que les conditions iraniennes n\u2019ont pas \u00e9t\u00e9 satisfaites, analyse le politologue Jawad Bashara. T\u00e9h\u00e9ran, ajoute-t-il, voulait que le prochain premier ministre soit pro-iranien et issu des milices, en la personne de Hadi al-Am\u00e9ri \u00bb, le chef de l\u2019une des plus puissantes forces paramilitaires, l\u2019Organisation Badr. Une exigence inacceptable pour Abadi et les \u00c9tats-Unis de Donald Trump, en guerre contre l\u2019Iran au Moyen-Orient. \u00c0 l\u2019appui de leur revendication, les milices faisaient valoir que, sur le terrain, la victoire contre Daech \u00e9tait la leur, et que le premier ministre ne cherchait qu\u2019\u00e0 engranger les dividendes politiques de leur victoire militaire. \u00ab Abadi a r\u00e9pondu que non, explique Jawad Bashara, mais il \u00e9tait pr\u00eat \u00e0 constituer une force unifi\u00e9e derri\u00e8re lui, avant de se rendre compte qu\u2019il allait \u00eatre noy\u00e9 parmi une multitude de petites organisations qui allaient paralyser son action. \u00bb<\/p>\n<p data-bind=\"text: $data\">Les mises en garde de Washington ont \u00e9galement pes\u00e9 lourd. \u00ab La Maison- Blanche a averti Abadi que les miliciens chiites pourraient se retourner contre les \u00c9tats-Unis et qu\u2019il \u00e9tait donc anachronique que son alli\u00e9 irakien s\u2019associe avec des adversaires r\u00e9solus de l\u2019Am\u00e9rique \u00bb, rel\u00e8ve le chercheur Hosham Dawood, qui rentre d\u2019Irak. D\u2019autre part, \u00e0 un mois d\u2019une importante conf\u00e9rence sur la reconstruction de l\u2019Irak, organis\u00e9e par le richissime \u00e9mirat du Kowe\u00eft, alAbadi ne tient pas \u00e0 se mettre \u00e0 dos ses bailleurs de fonds, indispensables pour financer le nouvel Irak, et de toute fa\u00e7on hostiles \u00e0 l\u2019expansion iranienne au Moyen-Orient. Bref, le premier ministre a fait le choix de ne pas \u00eatre trop associ\u00e9 aux milices chiites et \u00e0 leur alli\u00e9 iranien. Quitte \u00e0 r\u00e9duire ses chances de victoire en mai.<\/p>\n<p data-bind=\"text: $data\"><strong>Priorit\u00e9 \u00e0 un \u00c9tat fort<\/strong><\/p>\n<p data-bind=\"text: $data\">Fortes d\u2019environ 80000 hommes, ces milices, essentiellement chiites, constituent une \u00e9p\u00e9e de Damocl\u00e8s au-dessus de l\u2019Irak. Une loi vot\u00e9e par le Parlement en novembre 2016 les int\u00e8gre aux forces de s\u00e9curit\u00e9. Et ceux qui veulent se lancer dans l\u2019ar\u00e8ne politique peuvent d\u00e9poser leurs armes et concourir aux l\u00e9gislatives. Mais, au-del\u00e0 de ses assurances, un flou subsiste sur leur avenir, entretenu par leurs nombreux parrains. Certaines factions arm\u00e9es d\u00e9pendent de la marjaya de Nadjaf (le pouvoir religieux chiite), d\u2019autres de Nouri al-Maliki, d\u2019autres enfin \u2013 pas nombreuses mais les plus puissantes \u2013 du voisin iranien.<\/p>\n<p data-bind=\"text: $data\">\u00ab Pour vraiment red\u00e9marrer, l\u2019Irak ne pourra pas faire l\u2019\u00e9conomie d\u2019une vraie clarification du r\u00f4le de ces milices \u00bb, assure un diplomate \u00e0 Bagdad. C\u2019est aussi ce que souhaite Ha\u00efdar alAbadi, et accessoirement Moqtada alSadr, cet autre puissant leader chiite, qui soutient l\u2019alliance \u00e9lectorale du premier ministre. Mais ce dernier n\u2019a pas les coud\u00e9es franches. Accus\u00e9s de nombreuses exactions dans des secteurs sunnites lib\u00e9r\u00e9s de Daech, les miliciens ont des armes, de l\u2019argent et n\u2019h\u00e9sitent pas \u00e0 intervenir dans la vie quotidienne. \u00abCe sont les miliciens qui autorisent la vente d\u2019alcool par certains commer\u00e7ants dans le quartier d\u2019Abou Nawas, \u00e0 Bagdad, rel\u00e8ve le diplomate. Les miliciens les prot\u00e8gent, en contrepartie, les propri\u00e9taires leur paient une taxe. \u00bb Bien loin d\u2019un Irak \u00e0 \u00ab l\u2019autorit\u00e9 restaur\u00e9e \u00bb et \u00abluttant contre la corruption et les in\u00e9galit\u00e9s \u00bb, selon les promesses de Ha\u00efdar al-Abadi, luim\u00eame, \u00e0 l\u2019aube de cette campagne \u00e9lectorale.<\/p>\n<p data-bind=\"text: $data\"><a href=\"http:\/\/www.lefigaro.fr\/international\/2018\/01\/16\/01003-20180116ARTFIG00335-en-irak-al-abadi-renonce-a-s-allier-avec-les-milices-chiites.php\">LE FIGARO<\/a><\/p>\n<\/div>\n","protected":false},"excerpt":{"rendered":"<p>Le premier ministre est revenu sur le pacte conclu en vue des l\u00e9gislatives avec ces groupes paramilitaires, soutenus par l\u2019Iran. \u00a0\u00c0 quatre mois des premi\u00e8res \u00e9lections l\u00e9gislatives qui d\u00e9signeront le futur homme fort de l\u2019Irak post-Daech, les grandes manoeuvres ont commenc\u00e9 \u00e0 Bagdad. Et comme souvent dans ce pays fractur\u00e9 entre groupes politiques, les surprises<\/p>\n","protected":false},"author":34,"featured_media":29818,"comment_status":"open","ping_status":"open","sticky":false,"template":"","format":"standard","meta":{"_uf_show_specific_survey":0,"_uf_disable_surveys":false,"footnotes":""},"categories":[37],"tags":[],"class_list":{"0":"post-29815","1":"post","2":"type-post","3":"status-publish","4":"format-standard","5":"has-post-thumbnail","7":"category-alaune-fr"},"aioseo_notices":[],"_links":{"self":[{"href":"https:\/\/middleeasttransparent.com\/fr\/wp-json\/wp\/v2\/posts\/29815","targetHints":{"allow":["GET"]}}],"collection":[{"href":"https:\/\/middleeasttransparent.com\/fr\/wp-json\/wp\/v2\/posts"}],"about":[{"href":"https:\/\/middleeasttransparent.com\/fr\/wp-json\/wp\/v2\/types\/post"}],"author":[{"embeddable":true,"href":"https:\/\/middleeasttransparent.com\/fr\/wp-json\/wp\/v2\/users\/34"}],"replies":[{"embeddable":true,"href":"https:\/\/middleeasttransparent.com\/fr\/wp-json\/wp\/v2\/comments?post=29815"}],"version-history":[{"count":0,"href":"https:\/\/middleeasttransparent.com\/fr\/wp-json\/wp\/v2\/posts\/29815\/revisions"}],"wp:featuredmedia":[{"embeddable":true,"href":"https:\/\/middleeasttransparent.com\/fr\/wp-json\/wp\/v2\/media\/29818"}],"wp:attachment":[{"href":"https:\/\/middleeasttransparent.com\/fr\/wp-json\/wp\/v2\/media?parent=29815"}],"wp:term":[{"taxonomy":"category","embeddable":true,"href":"https:\/\/middleeasttransparent.com\/fr\/wp-json\/wp\/v2\/categories?post=29815"},{"taxonomy":"post_tag","embeddable":true,"href":"https:\/\/middleeasttransparent.com\/fr\/wp-json\/wp\/v2\/tags?post=29815"}],"curies":[{"name":"wp","href":"https:\/\/api.w.org\/{rel}","templated":true}]}}