{"id":29785,"date":"2018-01-16T20:07:34","date_gmt":"2018-01-16T19:07:34","guid":{"rendered":"https:\/\/middleeasttransparent.com\/?p=29785"},"modified":"2018-01-16T20:07:34","modified_gmt":"2018-01-16T19:07:34","slug":"chemi-peres-ce-que-mon-pere-redoutait-nous-les-israeliens","status":"publish","type":"post","link":"https:\/\/middleeasttransparent.com\/fr\/chemi-peres-ce-que-mon-pere-redoutait-nous-les-israeliens\/","title":{"rendered":"Chemi P\u00e9r\u00e8s : \u00abCe que mon p\u00e8re redoutait? Nous, les Isra\u00e9liens!\u00bb"},"content":{"rendered":"<header>\n<hgroup><\/hgroup>\n<\/header>\n<h4 data-bind=\"text: articleSubtitle\"><\/h4>\n<div data-bind=\"foreach: articleBlocks\">\n<h2 class=\"p1\"><span class=\"s1\">Le fils de Shimon P\u00e9r\u00e8s revient sur les d\u00e9fis, politiques comme technologiques, que releva le dirigeant de l\u2019\u00c9tat h\u00e9breu au cours de sa longue carri\u00e8re.<\/span><\/h2>\n<p class=\"p1\"><span class=\"s1\">\u00a0<\/span><\/p>\n<p class=\"p1\"><span style=\"color: #0000ff;\"><strong><span class=\"s1\">* Cyrille Louis clouis@lefigaro.fr correspondant \u00e0 j\u00e9rusalem<\/span><\/strong><\/span><\/p>\n<p data-bind=\"text: $data\">Aucun r\u00eave n\u2019est impossible, le livre-testament de Shimon P\u00e9r\u00e8s, est paru r\u00e9cemment dans sa version fran\u00e7aise (\u00e9ditions BakerStreet, 2017). Son fils Chemi, qui g\u00e8re un fonds de capital risque et dirige le Centre Shimon P\u00e9r\u00e8s pour la paix et l\u2019innovation, \u00e9voque l\u2019h\u00e9ritage du neuvi\u00e8me pr\u00e9sident de l\u2019\u00c9tat d\u2019Isra\u00ebl.<\/p>\n<p data-bind=\"text: $data\"><strong> LE FIGARO. &#8211; Depuis un mois, la reconnaissance par Donald Trump de la souverainet\u00e9 isra\u00e9lienne sur J\u00e9rusalem suscite une vive pol\u00e9mique. Comment avez-vous r\u00e9agi \u00e0 cette initiative am\u00e9ricaine ?<\/strong><\/p>\n<p data-bind=\"text: $data\"><strong>Chemi P\u00c9R\u00c8S<\/strong>. &#8211; En tant qu\u2019Isra\u00e9lien, on ne peut pas s\u2019opposer \u00e0 la reconnaissance d\u2019une telle \u00e9vidence. Mais si l\u2019on envisage ses r\u00e9percussions sur le processus de paix, il me semblerait pr\u00e9f\u00e9rable de reporter le traitement du probl\u00e8me de J\u00e9rusalem \u00e0 la fin du processus de paix. C\u2019est d\u2019ailleurs ce qui avait \u00e9t\u00e9 convenu dans le cadre des accords d\u2019Oslo, dont la premi\u00e8re \u00e9tape fut de cr\u00e9er une zone d\u2019autonomie palestinienne \u00e0 J\u00e9richo et \u00e0 Gaza.<\/p>\n<p data-bind=\"text: $data\"><strong>Quel message votre p\u00e8re avait-il voulu transmettre avec son livre ?<\/strong><\/p>\n<p data-bind=\"text: $data\">Mon p\u00e8re l\u2019a pens\u00e9 comme un message adress\u00e9 aux prochaines g\u00e9n\u00e9rations de dirigeants, avec qui il souhaitait partager les outils d\u00e9velopp\u00e9s au cours de sa marche constante vers l\u2019avenir. Pour remplir une mission ou servir une grande cause, il avait la conviction qu\u2019il faut combiner l\u2019optimisme, le go\u00fbt d\u2019imaginer et la capacit\u00e9 d\u2019agir, quels que soient les obstacles, sans jamais renoncer. Il voulait cr\u00e9er un nouveau monde dans lequel l\u2019homme n\u2019aurait plus besoin de faire la guerre car sa plus grande richesse se loge dans son cerveau. Saisir cela, c\u2019est comprendre combien il est important d\u2019investir dans la recherche et la formation pour cr\u00e9er ce qui nous manque. Vous avez be- soin d\u2019\u00e9nergie ? Utilisez la technologie pour en fabriquer ! Votre pays manque d\u2019eau ? On peut d\u00e9sormais dessaler l\u2019eau de mer ou recycler les eaux us\u00e9es. Tout ce qu\u2019on devait autrefois conqu\u00e9rir avec une \u00e9p\u00e9e peut d\u00e9sormais \u00eatre fait gr\u00e2ce \u00e0 l\u2019innovation.<\/p>\n<p data-bind=\"text: $data\"><strong>De la cr\u00e9ation de l\u2019\u00c9tat d\u2019Isra\u00ebl \u00e0 l\u2019impasse du processus d\u2019Oslo, Shimon P\u00e9r\u00e8s a jou\u00e9 un r\u00f4le central dans la vie politique de son pays durant plus de soixante-dix ans. De quoi \u00e9tait-il le plus fier ?<\/strong><\/p>\n<p data-bind=\"text: $data\">Quand on lui posait la question, il aimait r\u00e9pondre en citant un c\u00e9l\u00e8bre peintre isra\u00e9lien qui a dit : \u00ab Mon tableau pr\u00e9f\u00e9r\u00e9 est celui que je peindrai demain. \u00bb S\u2019agissant des d\u00e9buts, il \u00e9tait tr\u00e8s fier d\u2019avoir oeuvr\u00e9 \u00e0 la cr\u00e9ation de l\u2019\u00c9tat aux c\u00f4t\u00e9s de Ben Gourion. Dans un second temps, il a beaucoup contribu\u00e9 \u00e0 d\u00e9velopper nos capacit\u00e9s de d\u00e9fense, en pr\u00e9sidant \u00e0 la cr\u00e9ation du complexe nucl\u00e9aire de Dimona ainsi que de notre industrie a\u00e9rospatiale. Plus tard, il a sauv\u00e9 Isra\u00ebl d\u2019une catastrophe \u00e9conomique alors que le taux d\u2019inflation d\u00e9passait 400 %, en rompant avec le mod\u00e8le socialiste des premi\u00e8res d\u00e9cennies pour d\u00e9velopper un syst\u00e8me ouvert sur le monde qui a accouch\u00e9 de <strong>la \u00ab start-up nation \u00bb<\/strong>. Enfin, il a beaucoup travaill\u00e9 \u00e0 sceller une paix durable avec nos voisins, en commen\u00e7ant par l\u2019\u00c9gypte, la Jordanie puis avec les Palestiniens. Il \u00e9tait convaincu que le jour o\u00f9 il y aurait la paix, Isra\u00ebl deviendrait le plus florissant des pays.<\/p>\n<p data-bind=\"text: $data\"><strong>De tous les d\u00e9fis auxquels est confront\u00e9 Isra\u00ebl, quel est celui qui l\u2019inqui\u00e9tait le plus ?<\/strong><\/p>\n<p data-bind=\"text: $data\">La seule chose qui lui faisait peur, c\u2019\u00e9tait nous. Il avait coutume de dire que nous sommes un pays bourr\u00e9 de talents, mais auquel il manque la capacit\u00e9 d\u2019\u00eatre un peuple. Il redoutait le poids de nos divisions, de nos querelles. Mais il \u00e9tait convaincu qu\u2019Isra\u00ebl \u00e9tait l\u00e0 pour rester, et voulait que nous soyons un exemple pour les autres nations.<\/p>\n<p data-bind=\"text: $data\"><strong>Il lui a souvent \u00e9t\u00e9 reproch\u00e9 d\u2019\u00eatre un homme p\u00e9tri de contradictions. N\u2019a-t-il pas ainsi contribu\u00e9, en soutenant la colonisation de la Cisjordanie dans les ann\u00e9es 1970, \u00e0 rendre impossible la paix dont il fut par la suite un si ardent avocat ?<\/strong><\/p>\n<p data-bind=\"text: $data\">Il disait qu\u2019un dirigeant doit avant tout faire ce qui lui semble juste. Je pense qu\u2019il n\u2019avait pas imagin\u00e9 un instant, en appuyant ce mouvement, qu\u2019il deviendrait un jour une menace et emp\u00eacherait Isra\u00ebl d\u2019atteindre ses objectifs. Mais n\u2019oubliez pas que sa vie fut un long voyage. Quand vous cherchez \u00e0 \u00e9tablir un \u00c9tat, il est important de prendre certaines mesures pour vous prot\u00e9ger face \u00e0 vos voisins et pour d\u00e9velopper votre \u00e9conomie.<\/p>\n<p data-bind=\"text: $data\">La France occupait une place \u00e0 part dans les souvenirs de Shimon P\u00e9r\u00e8s. Mon p\u00e8re \u00e9tait amoureux de la France. Il y comptait de nombreux amis et admirait le go\u00fbt et la culture de ses habitants. Mais plus que tout cela, il estimait que, sans le soutien de la France, l\u2019existence d\u2019Isra\u00ebl aurait \u00e9t\u00e9 en danger. C\u2019est gr\u00e2ce \u00e0 elle qu\u2019il a pu d\u00e9velopper notre industrie de d\u00e9fense et mener, \u00e0 Dimona, le plus grand projet jamais conduit dans ce pays.<\/p>\n<p data-bind=\"text: $data\"><strong>Qui, dans le paysage isra\u00e9lien, incarne aujourd\u2019hui son h\u00e9ritage ?<\/strong><\/p>\n<p data-bind=\"text: $data\">C\u2019est principalement dans les secteurs des technologies et de la recherche que je fonde mes espoirs pour l\u2019avenir. En ce qui concerne le processus de paix, <strong>l\u2019espoir viendra d\u2019entrepreneurs qui trouveront le moyen de collaborer avec leurs homologues vivant dans les autres pays de la r\u00e9gion<\/strong>. <strong>Nous ne pouvons pas attendre que le syst\u00e8me politique r\u00e9solve le probl\u00e8me<\/strong>. C\u2019est en partie pour cette raison que le Centre Shimon P\u00e9r\u00e8s pour la paix et l\u2019innovation a \u00e9t\u00e9 cr\u00e9\u00e9. Mon p\u00e8re voulait privatiser le processus de paix.<\/p>\n<p data-bind=\"text: $data\"><a href=\"http:\/\/www.lefigaro.fr\/international\/2018\/01\/15\/01003-20180115ARTFIG00293-chemi-peres-ce-que-mon-pere-redoutait-nous-les-israeliens.php\">Le Figaro<\/a><\/p>\n<\/div>\n","protected":false},"excerpt":{"rendered":"<p>Le fils de Shimon P\u00e9r\u00e8s revient sur les d\u00e9fis, politiques comme technologiques, que releva le dirigeant de l\u2019\u00c9tat h\u00e9breu au cours de sa longue carri\u00e8re. \u00a0 * Cyrille Louis clouis@lefigaro.fr correspondant \u00e0 j\u00e9rusalem Aucun r\u00eave n\u2019est impossible, le livre-testament de Shimon P\u00e9r\u00e8s, est paru r\u00e9cemment dans sa version fran\u00e7aise (\u00e9ditions BakerStreet, 2017). Son fils Chemi,<\/p>\n","protected":false},"author":152,"featured_media":29790,"comment_status":"open","ping_status":"open","sticky":false,"template":"","format":"standard","meta":{"_uf_show_specific_survey":0,"_uf_disable_surveys":false,"footnotes":""},"categories":[37],"tags":[],"class_list":{"0":"post-29785","1":"post","2":"type-post","3":"status-publish","4":"format-standard","5":"has-post-thumbnail","7":"category-alaune-fr"},"aioseo_notices":[],"_links":{"self":[{"href":"https:\/\/middleeasttransparent.com\/fr\/wp-json\/wp\/v2\/posts\/29785","targetHints":{"allow":["GET"]}}],"collection":[{"href":"https:\/\/middleeasttransparent.com\/fr\/wp-json\/wp\/v2\/posts"}],"about":[{"href":"https:\/\/middleeasttransparent.com\/fr\/wp-json\/wp\/v2\/types\/post"}],"author":[{"embeddable":true,"href":"https:\/\/middleeasttransparent.com\/fr\/wp-json\/wp\/v2\/users\/152"}],"replies":[{"embeddable":true,"href":"https:\/\/middleeasttransparent.com\/fr\/wp-json\/wp\/v2\/comments?post=29785"}],"version-history":[{"count":0,"href":"https:\/\/middleeasttransparent.com\/fr\/wp-json\/wp\/v2\/posts\/29785\/revisions"}],"wp:featuredmedia":[{"embeddable":true,"href":"https:\/\/middleeasttransparent.com\/fr\/wp-json\/wp\/v2\/media\/29790"}],"wp:attachment":[{"href":"https:\/\/middleeasttransparent.com\/fr\/wp-json\/wp\/v2\/media?parent=29785"}],"wp:term":[{"taxonomy":"category","embeddable":true,"href":"https:\/\/middleeasttransparent.com\/fr\/wp-json\/wp\/v2\/categories?post=29785"},{"taxonomy":"post_tag","embeddable":true,"href":"https:\/\/middleeasttransparent.com\/fr\/wp-json\/wp\/v2\/tags?post=29785"}],"curies":[{"name":"wp","href":"https:\/\/api.w.org\/{rel}","templated":true}]}}