{"id":29403,"date":"2018-01-02T15:35:14","date_gmt":"2018-01-02T14:35:14","guid":{"rendered":"http:\/\/middleeasttransparent.com\/?p=29403"},"modified":"2018-01-02T15:35:14","modified_gmt":"2018-01-02T14:35:14","slug":"iran-apres-des-annees-a-faire-le-dos-rond-les-attentes-sont-tres-fortes","status":"publish","type":"post","link":"https:\/\/middleeasttransparent.com\/fr\/iran-apres-des-annees-a-faire-le-dos-rond-les-attentes-sont-tres-fortes\/","title":{"rendered":"Iran : \u00abApr\u00e8s des ann\u00e9es \u00e0 faire le dos rond, les attentes sont tr\u00e8s fortes\u00bb"},"content":{"rendered":"<div class=\"width-padded\">\n<header class=\"article-header\">\n<div class=\"read-left-padding\">\n<div class=\"article-head-metas\"><strong><span class=\"authors\">Par\u00a0<span class=\"author\"><a href=\"http:\/\/www.liberation.fr\/auteur\/4003-vittorio-de-filippis\">Vittorio De Filippis<\/a>\u00a0<\/span><\/span><\/strong><\/div>\n<div><\/div>\n<\/div>\n<\/header>\n<\/div>\n<div class=\"container-column clearfix\">\n<div class=\"wide-column width-padded-left\">\n<h2 class=\"article-standfirst read-left-padding\">Paradoxalement, explique le chercheur Thierry Coville, c\u2019est en partie parce que l\u2019\u00e9conomie iranienne se porte mieux que la\u00a0col\u00e8re s\u2019exprime aujourd\u2019hui.<\/h2>\n<p>&nbsp;<\/p>\n<\/div>\n<div class=\"wide-column width-padded-left\">\n<div class=\"article-body read-left-padding\">\n<p><em>Thierry Coville est chercheur \u00e0 l\u2019Institut de relations internationales et strat\u00e9giques (Iris), sp\u00e9cialiste de l\u2019Iran.<\/em><\/p>\n<p>&nbsp;<\/p>\n<p><strong>Comment analysez-vous la multiplication des manifestations en Iran ?<\/strong><\/p>\n<p>Beaucoup parlent d\u2019une mauvaise situation \u00e9conomique. Je ne partage qu\u2019en partie cette hypoth\u00e8se. En r\u00e9alit\u00e9 nous sommes face \u00e0 un paradoxe, car la situation \u00e9conomique a tendance \u00e0 s\u2019am\u00e9liorer depuis l\u2019arriv\u00e9e au pouvoir de Rohani en\u00a02013. Avant la lev\u00e9e des sanctions en janvier 2016, l\u2019Iran ne pouvait exporter que 50 % de son p\u00e9trole. Or, le p\u00e9trole repr\u00e9sente la moiti\u00e9 des recettes budg\u00e9taires. Autrement dit, l\u2019Iran \u00e9tait priv\u00e9 du quart de ses recettes budg\u00e9taires. Depuis l\u2019accord sur le nucl\u00e9aire, le pays peut exporter son p\u00e9trole. Il est pass\u00e9 d\u2019une r\u00e9cession de &#8211; 6 % en\u00a02012 \u00e0 une croissance de 6 % en\u00a02016. En 2017, cette croissance a \u00e9t\u00e9 de\u00a04 %. Quant \u00e0 l\u2019inflation, elle est pass\u00e9e de pr\u00e8s de 50 % en\u00a02013 \u00e0 10 % aujourd\u2019hui. Les Iraniens retrouvent donc du pouvoir d\u2019achat.<\/p>\n<p class=\"others\">\u00c0 LIRE AUSSI\u00a0<a href=\"http:\/\/www.liberation.fr\/planete\/2018\/01\/01\/iran-vent-de-revolte-sur-la-republique-islamique_1619872\" target=\"_blank\" rel=\"noopener\">Iran\u00a0: vent de r\u00e9volte sur la R\u00e9publique islamique<\/a><\/p>\n<p><strong>Cette am\u00e9lioration ne se traduit pas du c\u00f4t\u00e9 de l\u2019emploi\u2026<\/strong><\/p>\n<p>C\u2019est vrai, le ch\u00f4mage affecte pr\u00e8s de 15 % de la population. Mais chaque ann\u00e9e, ce sont quelque 800 000\u00a0personnes qui arrivent sur le march\u00e9 du travail. Et plus de la moiti\u00e9 de ces personnes sont dipl\u00f4m\u00e9es (master ou doctorat). Pour assurer la promotion de l\u2019emploi des jeunes, il faut que le rythme de croissance soit d\u2019au moins 6 % par an.<\/p>\n<p><strong>Le gouvernement parle de \u00abcroissance inclusive\u00bb\u2026<\/strong><\/p>\n<p>Et pour cause : plus de\u00a05 % de la population est \u00e9tudiante. Faut-il rappeler que l\u2019Iran est en troisi\u00e8me position mondiale du nombre d\u2019ing\u00e9nieurs dipl\u00f4m\u00e9s chaque ann\u00e9e? Une femme sur deux fait des \u00e9tudes. Il est vrai qu\u2019en d\u00e9pit de leurs dipl\u00f4mes universitaires, elles sont confront\u00e9es \u00e0 une forte discrimination sur le plan professionnel.<\/p>\n<p><strong>A vous entendre, on croirait que la col\u00e8re s\u2019exprime alors que l\u2019\u00e9conomie se porte mieux\u2026<\/strong><\/p>\n<p>C\u2019est en partie ce qui se passe, m\u00eame si ce n\u2019est pas l\u2019unique raison. La grogne sociale et \u00e9conomique s\u2019exprime souvent lorsque l\u2019\u00e9conomie va mieux. Mais il y a autre chose. Je pense que les Iraniens ont fait le dos rond pendant les ann\u00e9es de sanctions. Les attentes sont devenues tr\u00e8s fortes d\u00e8s la lev\u00e9e des sanctions, d\u00e9but\u00a02016. Les Iraniens pensaient que tous leurs probl\u00e8mes allaient \u00eatre r\u00e9solus. Huit mois apr\u00e8s avoir reconduit Rohani au pouvoir, ils ont le sentiment que rien ne change.<\/p>\n<p><strong>Et que l\u2019aust\u00e9rit\u00e9 budg\u00e9taire est l\u00e0\u2026<\/strong><\/p>\n<p>Certes, mais rien n\u2019est boucl\u00e9. Le budget est encore discut\u00e9 au Parlement. A l\u2019inverse de son pr\u00e9d\u00e9cesseur, Ahmadinejad, qui faisait tourner la planche \u00e0 billets, Rohani tente de\u00a0r\u00e9duire le d\u00e9ficit budg\u00e9taire. M\u00eame s\u2019il est difficile de pointer une seule raison pour expliquer cette col\u00e8re, il ne faut pas n\u00e9gliger non plus la d\u00e9fiance des Iraniens envers leurs institutions. Ils ont le sentiment qu\u2019elles sont gangren\u00e9es par la corruption. Alors, quand on leur dit qu\u2019on va augmenter le prix de l\u2019essence de 50 % pour accro\u00eetre les recettes budg\u00e9taires de sorte \u00e0 cr\u00e9er de nouvelles activit\u00e9s publiques et donc de nouveaux emplois, ils n\u2019y croient pas. Le gouvernement tente d\u2019adopter une politique \u00e9conomique rationnelle au moment o\u00f9 la d\u00e9fiance de la population est \u00e0 son comble.<\/p>\n<p><strong>Une d\u00e9fiance qui a augment\u00e9 avec l\u2019effondrement de soci\u00e9t\u00e9s de cr\u00e9dit\u2026<\/strong><\/p>\n<p>Ces pseudo-banques islamiques qui \u00e9taient ill\u00e9gales ont fait n\u2019importe quoi. Des millions d\u2019Iraniens y ont perdu une part\u00a0de leur \u00e9pargne. L\u00e0 encore, cet \u00e9pisode a nourri le sentiment qu\u2019il existe deux poids deux mesures et que le syst\u00e8me favorise une petite minorit\u00e9, celle des directeurs de ces banques qui sont partis avec les caisses au d\u00e9triment des \u00e9pargnants qui r\u00e9clament justice.<\/p>\n<h2><span class=\"authors\"><span class=\"author\">Vittorio De Filippis<\/span><\/span><\/h2>\n<\/div>\n<p><strong><a href=\"http:\/\/www.liberation.fr\/planete\/2018\/01\/01\/iran-apres-des-annees-a-faire-le-dos-rond-les-attentes-sont-tres-fortes_1619869\">Lib\u00e9ration<\/a><\/strong><\/p>\n<\/div>\n<\/div>\n","protected":false},"excerpt":{"rendered":"<p>Par\u00a0Vittorio De Filippis\u00a0 Paradoxalement, explique le chercheur Thierry Coville, c\u2019est en partie parce que l\u2019\u00e9conomie iranienne se porte mieux que la\u00a0col\u00e8re s\u2019exprime aujourd\u2019hui. &nbsp; Thierry Coville est chercheur \u00e0 l\u2019Institut de relations internationales et strat\u00e9giques (Iris), sp\u00e9cialiste de l\u2019Iran. &nbsp; Comment analysez-vous la multiplication des manifestations en Iran ? Beaucoup parlent d\u2019une mauvaise situation \u00e9conomique.<\/p>\n","protected":false},"author":123,"featured_media":29407,"comment_status":"open","ping_status":"open","sticky":false,"template":"","format":"standard","meta":{"_uf_show_specific_survey":0,"_uf_disable_surveys":false,"footnotes":""},"categories":[22],"tags":[],"class_list":{"0":"post-29403","1":"post","2":"type-post","3":"status-publish","4":"format-standard","5":"has-post-thumbnail","7":"category-actualites-fr"},"aioseo_notices":[],"_links":{"self":[{"href":"https:\/\/middleeasttransparent.com\/fr\/wp-json\/wp\/v2\/posts\/29403","targetHints":{"allow":["GET"]}}],"collection":[{"href":"https:\/\/middleeasttransparent.com\/fr\/wp-json\/wp\/v2\/posts"}],"about":[{"href":"https:\/\/middleeasttransparent.com\/fr\/wp-json\/wp\/v2\/types\/post"}],"author":[{"embeddable":true,"href":"https:\/\/middleeasttransparent.com\/fr\/wp-json\/wp\/v2\/users\/123"}],"replies":[{"embeddable":true,"href":"https:\/\/middleeasttransparent.com\/fr\/wp-json\/wp\/v2\/comments?post=29403"}],"version-history":[{"count":0,"href":"https:\/\/middleeasttransparent.com\/fr\/wp-json\/wp\/v2\/posts\/29403\/revisions"}],"wp:featuredmedia":[{"embeddable":true,"href":"https:\/\/middleeasttransparent.com\/fr\/wp-json\/wp\/v2\/media\/29407"}],"wp:attachment":[{"href":"https:\/\/middleeasttransparent.com\/fr\/wp-json\/wp\/v2\/media?parent=29403"}],"wp:term":[{"taxonomy":"category","embeddable":true,"href":"https:\/\/middleeasttransparent.com\/fr\/wp-json\/wp\/v2\/categories?post=29403"},{"taxonomy":"post_tag","embeddable":true,"href":"https:\/\/middleeasttransparent.com\/fr\/wp-json\/wp\/v2\/tags?post=29403"}],"curies":[{"name":"wp","href":"https:\/\/api.w.org\/{rel}","templated":true}]}}