{"id":29362,"date":"2017-12-31T23:27:51","date_gmt":"2017-12-31T22:27:51","guid":{"rendered":"http:\/\/middleeasttransparent.com\/?p=29362"},"modified":"2017-12-31T23:27:51","modified_gmt":"2017-12-31T22:27:51","slug":"iran-une-colere-venue-den-bas-et-pleine-dincertitudes","status":"publish","type":"post","link":"https:\/\/middleeasttransparent.com\/fr\/iran-une-colere-venue-den-bas-et-pleine-dincertitudes\/","title":{"rendered":"Iran : une col\u00e8re venue d&rsquo;en bas et pleine d&rsquo;incertitudes"},"content":{"rendered":"<figure class=\"fig-media fig-media--type-vid fig-media--main\" data-media-type=\"VID\" data-media-id=\"20171231VIDFIG00174\">\n<div class=\"fig-embed fig-embed-vid\">\n<div id=\"vjs_video_3\" class=\"video-js vjs-mouse vjs-controls-enabled vjs-workinghover vjs-v5 bc-player-4k4QmRz5g_default vjs-dock vjs-ima3-autoplay vjs-ima3-html5 vjs-plugins-ready vjs-contextmenu vjs-contextmenu-ui vjs-player-info vjs-errors vjs-has-started vjs-quality-menu vjs-playing not-hover vjs-user-inactive\" tabindex=\"-1\" role=\"region\" data-application-id=\"\" data-video-id=\"5699039046001\" data-embed=\"default\" data-player=\"4k4QmRz5g\" data-account=\"610043537001\" data-fig-player=\"\" aria-label=\"video player\">\n<div class=\"vjs-dock-text\">\n<div class=\"vjs-dock-description\" title=\"\"><strong>D\u00c9CRYPTAGE &#8211; L&rsquo;Iran est le th\u00e9\u00e2tre depuis jeudi de protestations contre les difficult\u00e9s \u00e9conomiques et contre le r\u00e9gime. Le manque de structure du mouvement pourrait le desservir.<\/strong><\/div>\n<\/div>\n<\/div>\n<\/div>\n<\/figure>\n<div class=\"fig-content__body\" data-component=\"fig-content-body\" data-fgtcs-crosslinks=\"Contextuel\" data-fgtcs-articlelength=\"\">\n<p>Dans un discours prononc\u00e9 au temps de la \u00abvague verte\u00bb de 2009 &#8211; soul\u00e8vement essentiellement urbain et de classe moyenne r\u00e9prim\u00e9 par la force -, Saeed Ghassemi, un v\u00e9t\u00e9ran des Gardiens de la r\u00e9volution iranienne, s&rsquo;accorda une remarque qui m\u00e9rite d&rsquo;\u00eatre relue \u00e0 la lumi\u00e8re des manifestations de ces derniers jours: il y aura, d\u00e9clara-t-il \u00e0 l&rsquo;\u00e9poque, raison de s&rsquo;inqui\u00e9ter le jour o\u00f9 le sud populaire de T\u00e9h\u00e9ran se r\u00e9veillera et retirera son soutien au Guide Supr\u00eame, l&rsquo;ayatollah Khamenei.<\/p>\n<p><b>\u00bb LIRE AUSSI &#8211;\u00a0<a href=\"http:\/\/www.lefigaro.fr\/international\/2017\/12\/30\/01003-20171230ARTFIG00122-nouvelle-journee-de-contestation-en-iran.php\" target=\"\">Contestation en Iran: plusieurs morts, menace du gouvernement<\/a><\/b><\/p>\n<p><strong>Ce moment est-il arriv\u00e9?<\/strong> La col\u00e8re qui s&#8217;empare de la rue iranienne est effectivement d&rsquo;une autre teneur qu&rsquo;en 2009. Parti de province &#8211; avant de se propager \u00e0 travers le pays et d&rsquo;atteindre la capitale -, le mouvement est avant tout l&rsquo;expression d&rsquo;un malaise socio-\u00e9conomique (en 2009, il \u00e9tait n\u00e9 d&rsquo;une contestation politique, contre la r\u00e9\u00e9lection jug\u00e9e frauduleuse du pr\u00e9sident Mahmoud Ahmadinead). Le profil des manifestants a \u00e9galement chang\u00e9: <strong>beaucoup de jeunes hommes, de ch\u00f4meurs, de victimes de l&rsquo;inflation ou simples citoyens<\/strong> d\u00e9\u00e7us par les promesses \u00e9conomiques que sous-tendait\u00a0<a href=\"http:\/\/www.lefigaro.fr\/international\/2017\/10\/13\/01003-20171013ARTFIG00320-trump-ereinte-l-iran-et-ecorne-l-accord-nucleaire.php\" target=\"\">l&rsquo;accord nucl\u00e9aire et la lev\u00e9e des sanctions<\/a>.<\/p>\n<figure class=\"fig-media fig-media--type-vid\" data-media-type=\"VID\" data-media-id=\"20171231VIDFIG00175\">\n<div class=\"fig-embed fig-embed-vid\">\n<div id=\"vjs_video_649\" class=\"video-js vjs-mouse vjs-controls-enabled vjs-workinghover vjs-v5 bc-player-S1JCzaFWl_default vjs-dock vjs-ima3-html5 vjs-plugins-ready vjs-contextmenu vjs-contextmenu-ui vjs-player-info vjs-errors vjs-user-inactive vjs-has-started vjs-paused\" tabindex=\"-1\" role=\"region\" data-application-id=\"\" data-video-id=\"5698610514001\" data-embed=\"default\" data-player=\"S1JCzaFWl\" data-account=\"610043537001\" data-fig-player=\"\" aria-label=\"video player\">\n<div>\u00a0<b>\u00bb LIRE AUSSI &#8211;\u00a0<a href=\"http:\/\/video.lefigaro.fr\/figaro\/video\/focus-accord-nucleaire-iranien-de-quoi-parle-t-on\/5609192583001\/\" target=\"\">Accord nucl\u00e9aire iranien: de quoi parle-t-on?<\/a><\/b><\/div>\n<\/div>\n<\/div>\n<\/figure>\n<p>Autre fait marquant: contrairement aux manifestations de 2009, jalonn\u00e9es de <strong>cris de soutien \u00e0 Mir Hossein Moussavi et Mehdi Karoubi<\/strong>, deux personnalit\u00e9s r\u00e9formistes aujourd&rsquo;hui assign\u00e9es \u00e0 r\u00e9sidence, <strong>la contestation n&rsquo;a pas de figure de r\u00e9f\u00e9rence. Les slogans visent d&rsquo;ailleurs sans distinction le pr\u00e9sident r\u00e9put\u00e9 mod\u00e9r\u00e9, Hassan Rohani, et le guide supr\u00eame, l&rsquo;ayatollah Ali Khamenei.<\/strong> Le ton est \u00e9galement plus virulent: traditionnellement plus discrets, les slogans \u00e9pinglant directement le num\u00e9ro un du r\u00e9gime sont devenus monnaie courante, tout comme ceux qui d\u00e9noncent <strong>les Gardiens de la r\u00e9volution<\/strong>, et leur politique interventionniste en Syrie. Partout, la grogne est \u00e9vidente: <strong>des banques ont \u00e9t\u00e9 saccag\u00e9es<\/strong>, des voitures de police renvers\u00e9es, des motos des forces de l&rsquo;ordre br\u00fbl\u00e9es. Dans la ville de Kashan, les manifestants ont m\u00eame mis le feu au bureau du procureur.<\/p>\n<p>Cherchant \u00e0 calmer le jeu, la t\u00e9l\u00e9vision d&rsquo;Etat a pour la premi\u00e8re fois \u00e9voqu\u00e9 samedi les protestations en appelant \u00e0 entendre \u00ables revendications l\u00e9gitimes\u00bb de la population. Dimanche, le pr\u00e9sident Hassan Rohani a reconnu au peuple le droit de manifester et de critiquer le gouvernement, sans que cela ne d\u00e9bouche sur des violences. Mais le r\u00e9gime se r\u00e9fugie aussi dans la menace, en accusant les manifestants d&rsquo;\u00eatre t\u00e9l\u00e9guid\u00e9s de l&rsquo;\u00e9tranger et en leur promettant de leur faire \u00abpayer le prix\u00bb. \u00abLa nation iranienne ne permettra pas qu&rsquo;on blesse le pays\u00bb, ont pr\u00e9venu, pour leur part, les Gardiens de la r\u00e9volution. 200 personnes ont \u00e9t\u00e9 arr\u00eat\u00e9es samedi \u00e0 T\u00e9h\u00e9ran. Le Guide supr\u00eame, lui, continue de se terrer dans le silence.<\/p>\n<p><strong>Ironie de l&rsquo;histoire: la faction conservatrice du r\u00e9gime &#8211; que certains analystes disent \u00e0 l&rsquo;origine de ces manifestations pour discr\u00e9diter le pr\u00e9sident Rohani &#8211; semble aujourd&rsquo;hui d\u00e9pass\u00e9e par un mouvement qu&rsquo;elle pensait contr\u00f4ler.<\/strong><\/p>\n<p>Tout a commenc\u00e9 jeudi dernier dans la ville de Mashhad: quelques protestataires descendent dans la rue, en criant leur col\u00e8re contre l&rsquo;inflation et la vie ch\u00e8re. <strong>Ils r\u00e9clament \u00e9galement, fait plus rare, la \u00abchute de Rohani\u00bb<\/strong>. Mais tr\u00e8s vite, la grogne s&rsquo;\u00e9largit \u00e0 d&rsquo;autres revendications et d&rsquo;autres villes du pays. Elle est le miroir de frustrations contenues depuis tant d&rsquo;ann\u00e9es: \u00e9conomiques, sociales, politiques. Dans les cort\u00e8ges, les slogans d\u00e9noncent la corruption, le client\u00e9lisme, l&rsquo;opacit\u00e9 et la rigidit\u00e9 du syst\u00e8me. \u00c0 l&rsquo;inverse de 2009, les manifestants ne font plus la distinction entre r\u00e9formistes et conservateurs. \u00abMort au dictateur\u00bb, peut-on entendre \u00e0 l&rsquo;unisson.<\/p>\n<h2>Pas d&rsquo;alternative organis\u00e9e et structur\u00e9e<\/h2>\n<p><strong>Dans ce contexte, le r\u00e9gime doit-il craindre pour sa survie?<\/strong> \u00abIl est peu probable que ces manifestations m\u00e8nent \u00e0 un changement\u00bb, temp\u00e8re le chercheur iranien Mohammad Ali Shabbani, dans un article publi\u00e9 dans\u00a0<i>Al Monitor<\/i>, en faisant r\u00e9f\u00e9rence \u00e0 l&rsquo;absence de r\u00e9elle alternative organis\u00e9e et structur\u00e9e. Mais ce vide politique est en lui-m\u00eame inqui\u00e9tant. \u00abCe mouvement n&rsquo;a rien \u00e0 voir avec 2009. Il est sans leadership. Il est beaucoup plus radical et on ne sait pas qui est derri\u00e8re tout \u00e7a. Je crains une r\u00e9cup\u00e9ration politique, que ce soit par Donald Trump ou par l&rsquo;Arabie saoudite\u00bb, observe une sociologue iranienne, contact\u00e9e \u00e0 T\u00e9h\u00e9ran. Les d\u00e9boires des r\u00e9volutions du printemps arabe sont, aussi, dans tous les esprits. Preuve de l&rsquo;incertitude qui r\u00e8gne en Iran, nombre de manifestants de 2009 ont pr\u00e9f\u00e9r\u00e9 rester chez eux, refusant de rejoindre un mouvement qui compte d\u00e9j\u00e0 deux morts. \u00abSinc\u00e8rement, j&rsquo;ignore qui est qui, qui fait quoi\u00bb, conc\u00e8de, via Skype, une ex-insoumise de 2009. De quoi augurer un possible tassement des manifestations. \u00c0 moins que la violence ne prenne le dessus, entra\u00eenant dans son sillage des personnes rest\u00e9es en retrait jusqu&rsquo;ici? <strong>\u00abFranchement, j&rsquo;ai tr\u00e8s peur\u00bb, avoue la sociologue iranienne.<\/strong><\/p>\n<p class=\"fig-main-title\"><a href=\"http:\/\/www.lefigaro.fr\/international\/2017\/12\/31\/01003-20171231ARTFIG00076-iran-la-colere-venue-d-en-bas-et-pleine-d-incertitudes.php\"><strong>LE FIGARO<\/strong><\/a><\/p>\n<\/div>\n","protected":false},"excerpt":{"rendered":"<p>D\u00c9CRYPTAGE &#8211; L&rsquo;Iran est le th\u00e9\u00e2tre depuis jeudi de protestations contre les difficult\u00e9s \u00e9conomiques et contre le r\u00e9gime. Le manque de structure du mouvement pourrait le desservir. Dans un discours prononc\u00e9 au temps de la \u00abvague verte\u00bb de 2009 &#8211; soul\u00e8vement essentiellement urbain et de classe moyenne r\u00e9prim\u00e9 par la force -, Saeed Ghassemi, un<\/p>\n","protected":false},"author":82,"featured_media":29366,"comment_status":"open","ping_status":"open","sticky":false,"template":"","format":"standard","meta":{"_uf_show_specific_survey":0,"_uf_disable_surveys":false,"footnotes":""},"categories":[37],"tags":[],"class_list":{"0":"post-29362","1":"post","2":"type-post","3":"status-publish","4":"format-standard","5":"has-post-thumbnail","7":"category-alaune-fr"},"aioseo_notices":[],"_links":{"self":[{"href":"https:\/\/middleeasttransparent.com\/fr\/wp-json\/wp\/v2\/posts\/29362","targetHints":{"allow":["GET"]}}],"collection":[{"href":"https:\/\/middleeasttransparent.com\/fr\/wp-json\/wp\/v2\/posts"}],"about":[{"href":"https:\/\/middleeasttransparent.com\/fr\/wp-json\/wp\/v2\/types\/post"}],"author":[{"embeddable":true,"href":"https:\/\/middleeasttransparent.com\/fr\/wp-json\/wp\/v2\/users\/82"}],"replies":[{"embeddable":true,"href":"https:\/\/middleeasttransparent.com\/fr\/wp-json\/wp\/v2\/comments?post=29362"}],"version-history":[{"count":0,"href":"https:\/\/middleeasttransparent.com\/fr\/wp-json\/wp\/v2\/posts\/29362\/revisions"}],"wp:featuredmedia":[{"embeddable":true,"href":"https:\/\/middleeasttransparent.com\/fr\/wp-json\/wp\/v2\/media\/29366"}],"wp:attachment":[{"href":"https:\/\/middleeasttransparent.com\/fr\/wp-json\/wp\/v2\/media?parent=29362"}],"wp:term":[{"taxonomy":"category","embeddable":true,"href":"https:\/\/middleeasttransparent.com\/fr\/wp-json\/wp\/v2\/categories?post=29362"},{"taxonomy":"post_tag","embeddable":true,"href":"https:\/\/middleeasttransparent.com\/fr\/wp-json\/wp\/v2\/tags?post=29362"}],"curies":[{"name":"wp","href":"https:\/\/api.w.org\/{rel}","templated":true}]}}