{"id":29295,"date":"2017-12-28T00:07:38","date_gmt":"2017-12-27T23:07:38","guid":{"rendered":"http:\/\/middleeasttransparent.com\/?p=29295"},"modified":"2017-12-28T00:07:38","modified_gmt":"2017-12-27T23:07:38","slug":"ali-sistani-le-tout-puissant-ayatollah-qui-defie-les-politiques","status":"publish","type":"post","link":"https:\/\/middleeasttransparent.com\/fr\/ali-sistani-le-tout-puissant-ayatollah-qui-defie-les-politiques\/","title":{"rendered":"Ali Sistani, le tout puissant ayatollah qui d\u00e9fie les politiques"},"content":{"rendered":"<header>\n<hgroup><\/hgroup>\n<\/header>\n<div data-bind=\"foreach: articleBlocks\">\n<p data-bind=\"text: $data\"><strong>SON SILENCE est sa force. Ses mots, m\u00eame rares, peuvent faire lever des millions d\u2019Irakiens. Comme en juin 2014, lorsque l\u2019ayatollah Ali Sistani \u00e9dicta une fatwa appelant \u00e0 la mobilisation populaire contre Daech qui s\u2019approchait de Bagdad.<\/strong> Le plus haut dignitaire chiite d\u2019Irak vit \u00e0 Nadjaf, non loin du mausol\u00e9e d\u2019Ali, dans le quartier al-Barak. L\u2019all\u00e9e qui conduit \u00e0 son domicile est barr\u00e9e et gard\u00e9e par des hommes en armes. \u00c0 85 ans, Ali Sistani compte de nombreux ennemis parmi les djihadistes sunnites de Daech, et certains extr\u00e9mistes kurdes qui pi\u00e9tinaient son portrait avant leur r\u00e9f\u00e9rendum avort\u00e9 de septembre sur l\u2019ind\u00e9pendance.<\/p>\n<p data-bind=\"text: $data\">Le vieil homme ne re\u00e7oit ni journaliste, ni ambassadeurs en poste \u00e0 Bagdad. Seul l\u2019\u00e9missaire des Nations unies a pu le rencontrer dans le pass\u00e9. M\u00eame les politiciens irakiens essuient des rebuffades. Qu\u2019ils soient chiites ou sunnites, Sistani les ex\u00e8cre. Et pour cause : le tout-puissant ayatollah, issu de la plus nombreuse communaut\u00e9 religieuse d\u2019Irak, les a adoub\u00e9s, apr\u00e8s la chute de Saddam Hussein en 2003. \u00abIls \u00e9taient faibles, se souvient Hassan Nadhem, universitaire \u00e0 Koufa, pr\u00e8s de Nadjaf. Ils avaient besoin de lui. Durant le premier mandat du premier ministre Nouri al-Maliki, les deux hommes \u00e9taient amis. Puis entre 2010 et 2014, Maliki est devenu sectaire. Sistani ne l\u2019a plus soutenu. Et depuis, il refuse de le rencontrer. \u00bb En riposte, l\u2019imp\u00e9tueux Maliki lui retira des gardes, appoint\u00e9s par l\u2019\u00c9tat.<\/p>\n<p data-bind=\"text: $data\"><strong>T\u00e9h\u00e9ran s\u2019agace<\/strong><\/p>\n<p data-bind=\"text: $data\">De son c\u00f4t\u00e9, l\u2019actuel premier ministre, Ha\u00efdar al-Abadi, n\u2019obtint qu\u2019une seule audience. Sistani lui reproche sa ti\u00e9deur \u00e0 lutter contre les maux qui accablent l\u2019Irak : la corruption, l\u2019incapacit\u00e9 du gouvernement \u00e0 offrir des services \u00e9l\u00e9mentaires \u00e0 la population, mais aussi ses \u00e9checs r\u00e9p\u00e9t\u00e9s pour d\u00e9passer le clivage chiites-sunnites et reb\u00e2tir un sentiment national irakien. Pourtant, Sistani n\u2019est m\u00eame pas irakien : il est n\u00e9 en Iran, et m\u00eame s\u2019il vit \u00e0 Nadjaf depuis des d\u00e9cennies, il n\u2019a jamais demand\u00e9 la nationalit\u00e9 irakienne.<\/p>\n<p data-bind=\"text: $data\">Ses relations avec ses voisins et coreligionnaires chiites iraniens sont aigres-douces. Son ind\u00e9pendance d\u2019esprit et sa qu\u00eate de souverainet\u00e9 agacent l\u2019Iran, sans parler des divergences sur la place de la religion dans l\u2019\u00c9tat \u2013 pr\u00e9dominante en Iran, mais pas dans l\u2019Irak de Sistani. \u00abLes Iraniens voudraient entendre un mot de Sistani en signe de soutien \u00e0 leurs actions en Irak \u00bb, glisse un proche de l\u2019ayatollah. Mais celui-ci reste muet.<\/p>\n<p data-bind=\"text: $data\">Chaque matin entre 10 heures et 11h30, assis par terre dans une salle modeste, Ali Sistani re\u00e7oit des fid\u00e8les. Depuis la chute de Saddam Hussein, son avis a \u00e9t\u00e9 maintes fois \u00e9cout\u00e9 : lors de la r\u00e9daction de la Constitution en 2004, puis en 2006, quand il a contraint le premier ministre Ibrahim Jaafari \u00e0 renoncer \u00e0 un second mandat, tout comme avec Nouri al-Maliki en 2014. Quitte \u00e0 s\u2019opposer alors \u00e0 la volont\u00e9 de T\u00e9h\u00e9ran et de leur homme fort, le chef de la Force al-Qods, Qassem Soleimani. \u00abM\u00e9content de Soleimani qui soutenait Maliki, Sistani n\u2019avait pas voulu voir l\u2019Iranien \u00bb, se souvient son proche.<\/p>\n<p data-bind=\"text: $data\">Alors que l\u2019\u00c9tat islamique a \u00e9t\u00e9 vaincu et que les appels se multiplient pour d\u00e9militariser les milices, sa parole sur un sujet qui divise le pays \u00e9tait attendue. Allait-il \u00e9dicter une nouvelle fatwa, pour cette fois, d\u00e9manteler ces formations paramilitaires ?<\/p>\n<p data-bind=\"text: $data\"><strong>Une puissance relative<\/strong><\/p>\n<p data-bind=\"text: $data\">Vendredi 15 d\u00e9cembre, via Abdel Mahdi al-Kerbala\u00ef, son repr\u00e9sentant \u00e0 la pri\u00e8re de la mosqu\u00e9e de Kerbala, Sistani a rendu son jugement. Il loue le travail des miliciens dans la bataille contre Daech et leur demande d\u2019int\u00e9grer les forces de s\u00e9curit\u00e9. Mais pas de nouvelle fatwa, de sa part. Cette position m\u00e9diane \u00e9pouse celle du premier ministre Ha\u00efdar al-Abadi, sans offenser celle de ses ennemis au sein du courant chiite, qui ob\u00e9issent aux ordres de l\u2019Iran.<\/p>\n<p data-bind=\"text: $data\">Sa prudence ne r\u00e8gle pas le probl\u00e8me de fond pos\u00e9 par les milices, mais t\u00e9moigne de sa puissance finalement relative. L\u2019\u00e9chec de l\u2019Irak post-Saddam est aussi en partie le sien. \u00ab Sistani reconna\u00eet qu\u2019il est indirectement responsable de l\u2019\u00e9chec d\u2019un syst\u00e8me qu\u2019il a cautionn\u00e9 en 2004 \u00bb, assure le proche de l\u2019ayatollah. D\u2019o\u00f9 sa recherche de figures nouvelles, comme Ali Allaoui, encore \u00e0 Londres, pour b\u00e2tir l\u2019Irak de demain.\u25a0<\/p>\n<p data-bind=\"text: $data\"><a href=\"http:\/\/www.lefigaro.fr\/international\/2017\/12\/26\/01003-20171226ARTFIG00136-irak-ali-sistani-le-tout-puissant-ayatollah-qui-defie-les-politiques.php\">Le Figaro<\/a><\/p>\n<\/div>\n","protected":false},"excerpt":{"rendered":"<p>SON SILENCE est sa force. Ses mots, m\u00eame rares, peuvent faire lever des millions d\u2019Irakiens. Comme en juin 2014, lorsque l\u2019ayatollah Ali Sistani \u00e9dicta une fatwa appelant \u00e0 la mobilisation populaire contre Daech qui s\u2019approchait de Bagdad. Le plus haut dignitaire chiite d\u2019Irak vit \u00e0 Nadjaf, non loin du mausol\u00e9e d\u2019Ali, dans le quartier al-Barak.<\/p>\n","protected":false},"author":34,"featured_media":29297,"comment_status":"open","ping_status":"open","sticky":false,"template":"","format":"standard","meta":{"_uf_show_specific_survey":0,"_uf_disable_surveys":false,"footnotes":""},"categories":[22],"tags":[],"class_list":{"0":"post-29295","1":"post","2":"type-post","3":"status-publish","4":"format-standard","5":"has-post-thumbnail","7":"category-actualites-fr"},"aioseo_notices":[],"_links":{"self":[{"href":"https:\/\/middleeasttransparent.com\/fr\/wp-json\/wp\/v2\/posts\/29295","targetHints":{"allow":["GET"]}}],"collection":[{"href":"https:\/\/middleeasttransparent.com\/fr\/wp-json\/wp\/v2\/posts"}],"about":[{"href":"https:\/\/middleeasttransparent.com\/fr\/wp-json\/wp\/v2\/types\/post"}],"author":[{"embeddable":true,"href":"https:\/\/middleeasttransparent.com\/fr\/wp-json\/wp\/v2\/users\/34"}],"replies":[{"embeddable":true,"href":"https:\/\/middleeasttransparent.com\/fr\/wp-json\/wp\/v2\/comments?post=29295"}],"version-history":[{"count":0,"href":"https:\/\/middleeasttransparent.com\/fr\/wp-json\/wp\/v2\/posts\/29295\/revisions"}],"wp:featuredmedia":[{"embeddable":true,"href":"https:\/\/middleeasttransparent.com\/fr\/wp-json\/wp\/v2\/media\/29297"}],"wp:attachment":[{"href":"https:\/\/middleeasttransparent.com\/fr\/wp-json\/wp\/v2\/media?parent=29295"}],"wp:term":[{"taxonomy":"category","embeddable":true,"href":"https:\/\/middleeasttransparent.com\/fr\/wp-json\/wp\/v2\/categories?post=29295"},{"taxonomy":"post_tag","embeddable":true,"href":"https:\/\/middleeasttransparent.com\/fr\/wp-json\/wp\/v2\/tags?post=29295"}],"curies":[{"name":"wp","href":"https:\/\/api.w.org\/{rel}","templated":true}]}}