{"id":29257,"date":"2017-12-27T13:01:44","date_gmt":"2017-12-27T12:01:44","guid":{"rendered":"http:\/\/middleeasttransparent.com\/?p=29257"},"modified":"2017-12-27T13:01:44","modified_gmt":"2017-12-27T12:01:44","slug":"crispations-entre-paris-et-bagdad","status":"publish","type":"post","link":"https:\/\/middleeasttransparent.com\/fr\/crispations-entre-paris-et-bagdad\/","title":{"rendered":"Crispations entre Paris et Bagdad"},"content":{"rendered":"<header>\n<hgroup><\/hgroup>\n<\/header>\n<div data-bind=\"foreach: articleBlocks\">\n<div data-bind=\"foreach: articleBlocks\">\n<div data-bind=\"foreach: articleBlocks\">\n<h2 data-bind=\"text: articleSubtitle\">L\u2019appel \u00e0 la d\u00e9militarisation des milices chiites, lanc\u00e9 par Emmanuel Macron d\u00e9but d\u00e9cembre, a entra\u00een\u00e9 une protestation du premier ministre irakien Ha\u00efdar al-Abadi.<\/h2>\n<\/div>\n<\/div>\n<p data-bind=\"text: $data\">Le pr\u00e9sident \u00ab Macron n\u2019est pas le bienvenu en Irak. \u00bb En costume cravate derri\u00e8re son bureau dans le quartier ultras\u00e9curis\u00e9 de Jadrieh, le porte-parole d\u2019une des plus puissantes milices chiites rumine sa col\u00e8re contre le chef de l\u2019\u00c9tat fran\u00e7ais. \u00ab Votre pr\u00e9sident n\u2019a pas le droit de s\u2019ing\u00e9rer dans nos affaires \u00bb, mart\u00e8le Laith al-Adhari, du bloc parlementaire d\u2019Assa\u00ebb al-Haq. Il fait allusion aux r\u00e9centes d\u00e9clarations d\u2019Emmanuel Macron, qui ont rendu furieux de nombreux dirigeants irakiens.<\/p>\n<p data-bind=\"text: $data\">Le 2 d\u00e9cembre, le pr\u00e9sident de la R\u00e9publique a appel\u00e9 \u00e0 \u00ab une d\u00e9militarisation et au d\u00e9mant\u00e8lement progressif de la Mobilisation populaire (\u2026) et de toutes les milices \u00bb qui ont particip\u00e9 \u00e0 la guerre contre Daech, \u00e0 laquelle la France a \u00e9galement contribu\u00e9 militairement. L\u2019appel est d\u2019autant plus mal pass\u00e9 qu\u2019Emmanuel Macron l\u2019a lanc\u00e9 en recevant, comme un chef d\u2019\u00c9tat ce 2 d\u00e9cembre, Nechirvan Barzani, premier ministre du gouvernement r\u00e9gional kurde, qui entend faire s\u00e9cession de Bagdad. Imm\u00e9diatement apr\u00e8s, l\u2019ambassade d\u2019Irak \u00e0 Paris a appel\u00e9 l\u2019\u00c9lys\u00e9e pour protester contre la pr\u00e9sence du drapeau kurde \u00e0 la conf\u00e9rence de presse commune de MM. Macron et Barzani. \u00ab On s\u2019est rendu compte juste avant qu\u2019on avait m\u00eame oubli\u00e9 d\u2019installer le drapeau irakien, reconna\u00eet un diplomate fran\u00e7ais. Un membre de l\u2019entourage du pr\u00e9sident est sensible aux pressions du lobby kurde. \u00bb<\/p>\n<p data-bind=\"text: $data\">\u00ab \u00c0 quelques jours de la r\u00e9union de la commission mixte franco-irakienne, le timing de cette visite n\u2019\u00e9tait pas bon, regrette, de son c\u00f4t\u00e9, un diplomate irakien \u00e0 Bagdad. Une semaine avant, notre ambassade avait fait passer un message \u00e0 l\u2019\u00c9lys\u00e9e. \u00bb Fin septembre, Paris s\u2019\u00e9tait pourtant oppos\u00e9 au r\u00e9f\u00e9rendum sur l\u2019ind\u00e9pendance kurde dans le nord de l\u2019Irak, estimant qu\u2019il mena\u00e7ait l\u2019unit\u00e9 du pays.<\/p>\n<p data-bind=\"text: $data\">Lorsque Emmanuel Macron t\u00e9l\u00e9phona \u00e0 Ha\u00efdar al-Abadi, quelques heures apr\u00e8s sa rencontre avec le leader kurde, le premier ministre irakien ne m\u00e2cha pas ses mots. \u00ab Abadi \u00e9tait en col\u00e8re, souligne une source inform\u00e9e, il a dit \u00e0 Macron qu\u2019il n\u2019avait pas \u00e0 s\u2019ing\u00e9rer dans les affaires de l\u2019Irak, et que la Mobilisation populaire \u00e9tait l\u00e9gitime, car sa cr\u00e9ation a \u00e9t\u00e9 vot\u00e9e par le Parlement. \u00bb En novembre 2016, \u00e0 la veille de la bataille de Mossoul, la Mobilisation populaire a \u00e9t\u00e9 reconnue par l\u2019Assembl\u00e9e comme une \u00ab institution de l\u2019\u00c9tat \u00bb qui a d\u00e9cid\u00e9 son int\u00e9gration \u00ab au sein des forces r\u00e9guli\u00e8res \u00bb.<\/p>\n<p data-bind=\"text: $data\">Depuis, si les minorit\u00e9s sunnite et kurde applaudissent, c\u2019est la stupeur et l\u2019incompr\u00e9hension chez de nombreux dirigeants chiites. \u00ab Macron ignorait-il qu\u2019une loi avait \u00e9t\u00e9 vot\u00e9e sur la Mobilisation populaire?\u00bb, s\u2019interroge le diplomate irakien. \u00ab C\u2019est dommage, dit-il, on le voyait comme une chance pour l\u2019Irak apr\u00e8s l\u2019affaiblissement en Europe d\u2019Angela Merkel et de Theresa May. \u00bb<\/p>\n<h3 data-bind=\"text: $data\">Des contrats en jeu<\/h3>\n<p data-bind=\"text: $data\">Si al-Abadi resta discret, plusieurs responsables chiites critiqu\u00e8rent le pr\u00e9sident fran\u00e7ais. D\u2019abord, l\u2019ancien premier ministre et rival d\u2019al-Abadi, Nouri al-Maliki : \u00ab Nous voulons qu\u2019aucun pays n\u2019impose sa volont\u00e9 au gouvernement et \u00e0 la brave nation irakienne. \u00bb Puis Houman Hamoudi, vice-pr\u00e9sident du Parlement : \u00ab Les Irakiens attendaient de la communaut\u00e9 internationale, et notamment de la France, qu\u2019elle f\u00e9licite les combattants qui ont donn\u00e9 leur vie pour leur pays et pour le monde. Sans la Mobilisation populaire, dit-il, Daech serait arriv\u00e9 au coeur de Paris. \u00bb<\/p>\n<p data-bind=\"text: $data\">En 2014, face \u00e0 l\u2019offensive-\u00e9clair des djihadistes, qui s\u2019\u00e9taient empar\u00e9s du tiers du pays, plus de 60 000 Irakiens avaient r\u00e9pondu \u00e0 l\u2019appel \u00e0 la mobilisation du chef spirituel de la communaut\u00e9 chiite, l\u2019ayatollah Ali Sistani (voir cidessous). Cinq jours apr\u00e8s les propos d\u2019Emmanuel Macron, une manifestation a \u00e9t\u00e9 organis\u00e9e devant l\u2019ambassade de France \u00e0 Bagdad. Elle n\u2019a rassembl\u00e9 qu\u2019une centaine de personnes. Un avertissement \u00e0 la France. \u00ab Si la Mobilisation populaire le veut, pr\u00e9vient le chercheur Hisham al-Hashimi, elle peut faire converger un million de personnes pr\u00e8s de la repr\u00e9sentation fran\u00e7aise \u00bb, bunk\u00e9ris\u00e9e dans une ruelle, le long du Tigre.<\/p>\n<p data-bind=\"text: $data\">Depuis, les diplomates fran\u00e7ais redoublent de prudence. \u00ab Macron a \u00e9t\u00e9 un peu direct, commente un expatri\u00e9 fran\u00e7ais \u00e0 Bagdad. Ses d\u00e9clarations peuvent \u00eatre dangereuses pour nos militaires qui forment l\u2019arm\u00e9e irakienne dans plusieurs endroits du pays. Il aurait d\u00fb faire passer le message en coulisses. \u00bb<\/p>\n<p data-bind=\"text: $data\">Est-ce la premi\u00e8re imprudence du pr\u00e9sident dans un Moyen-Orient plus que jamais instable, o\u00f9 Macron entend faire de la France \u00ab une puissance d\u2019\u00e9quilibre \u00bb et \u00ab parler \u00e0 tout le monde \u00bb ? \u00abC\u2019est son r\u00f4le d\u2019alerter sur certaines probl\u00e9matiques \u00bb, r\u00e9pond-on au Quai d\u2019Orsay.<\/p>\n<p data-bind=\"text: $data\">Sa saillie est d\u2019autant plus surprenante que Paris et Bagdad r\u00e9digent actuellement un \u00ab accord de partenariat strat\u00e9gique \u00bb en vue d\u2019un renforcement de la coop\u00e9ration \u00e9conomique, militaire et culturelle. \u00ab Comment signer un partenariat strat\u00e9gique avec un pays alli\u00e9 de l\u2019Iran, alors qu\u2019en m\u00eame temps, Paris d\u00e9nonce la tentation h\u00e9g\u00e9monique iranienne en Irak, mais aussi en Syrie et au Liban?\u00bb, s\u2019interroge l\u2019expert de la relation franco-irakienne.<\/p>\n<p data-bind=\"text: $data\">En marge de la conf\u00e9rence sur le climat, le 12 d\u00e9cembre \u00e0 Paris, Haidar alAbadi a \u00e9t\u00e9 re\u00e7u \u00e0 l\u2019\u00c9lys\u00e9e par Emmanuel Macron auquel il a remis une invitation \u00e0 se rendre en Irak. \u00ab Les choses ont \u00e9t\u00e9 clarifi\u00e9es par Abadi. Il s\u2019est entretenu en t\u00eate \u00e0 t\u00eate pendant quinze minutes avec Macron qui semble avoir compris que les milices vont \u00eatre int\u00e9gr\u00e9es dans les forces de s\u00e9curit\u00e9 \u00bb, se f\u00e9licite le diplomate irakien.<\/p>\n<p data-bind=\"text: $data\">Comme le Qatar vient de le faire en recevant Macron, al-Abadi pourrait, en \u00e9change d\u2019une mod\u00e9ration du pr\u00e9sident fran\u00e7ais, faire miroiter la signature de contrats lors du voyage du chef de l\u2019\u00c9tat \u00e0 Bagdad, notamment dans la r\u00e9habilitation des raffineries p\u00e9troli\u00e8res. Mais \u00ab cette animosit\u00e9 peut nuire aux n\u00e9gociations sur ces contrats, rappelle l\u2019expert de la relation, car Bagdad se retrouve dans une position difficile. Si l\u2019Irak signe avec des entreprises fran\u00e7aises, certains opposants diront qu\u2019al Abadi a c\u00e9d\u00e9 sous la pression de Macron \u00bb.<\/p>\n<p data-bind=\"text: $data\"><a href=\"http:\/\/www.lefigaro.fr\/international\/2017\/12\/26\/01003-20171226ARTFIG00163-crispations-entre-paris-et-bagdad.php\">LE FIGARO<\/a><\/p>\n<\/div>\n","protected":false},"excerpt":{"rendered":"<p>L\u2019appel \u00e0 la d\u00e9militarisation des milices chiites, lanc\u00e9 par Emmanuel Macron d\u00e9but d\u00e9cembre, a entra\u00een\u00e9 une protestation du premier ministre irakien Ha\u00efdar al-Abadi. Le pr\u00e9sident \u00ab Macron n\u2019est pas le bienvenu en Irak. \u00bb En costume cravate derri\u00e8re son bureau dans le quartier ultras\u00e9curis\u00e9 de Jadrieh, le porte-parole d\u2019une des plus puissantes milices chiites rumine<\/p>\n","protected":false},"author":34,"featured_media":29264,"comment_status":"open","ping_status":"open","sticky":false,"template":"","format":"standard","meta":{"_uf_show_specific_survey":0,"_uf_disable_surveys":false,"footnotes":""},"categories":[37],"tags":[],"class_list":{"0":"post-29257","1":"post","2":"type-post","3":"status-publish","4":"format-standard","5":"has-post-thumbnail","7":"category-alaune-fr"},"aioseo_notices":[],"_links":{"self":[{"href":"https:\/\/middleeasttransparent.com\/fr\/wp-json\/wp\/v2\/posts\/29257","targetHints":{"allow":["GET"]}}],"collection":[{"href":"https:\/\/middleeasttransparent.com\/fr\/wp-json\/wp\/v2\/posts"}],"about":[{"href":"https:\/\/middleeasttransparent.com\/fr\/wp-json\/wp\/v2\/types\/post"}],"author":[{"embeddable":true,"href":"https:\/\/middleeasttransparent.com\/fr\/wp-json\/wp\/v2\/users\/34"}],"replies":[{"embeddable":true,"href":"https:\/\/middleeasttransparent.com\/fr\/wp-json\/wp\/v2\/comments?post=29257"}],"version-history":[{"count":0,"href":"https:\/\/middleeasttransparent.com\/fr\/wp-json\/wp\/v2\/posts\/29257\/revisions"}],"wp:featuredmedia":[{"embeddable":true,"href":"https:\/\/middleeasttransparent.com\/fr\/wp-json\/wp\/v2\/media\/29264"}],"wp:attachment":[{"href":"https:\/\/middleeasttransparent.com\/fr\/wp-json\/wp\/v2\/media?parent=29257"}],"wp:term":[{"taxonomy":"category","embeddable":true,"href":"https:\/\/middleeasttransparent.com\/fr\/wp-json\/wp\/v2\/categories?post=29257"},{"taxonomy":"post_tag","embeddable":true,"href":"https:\/\/middleeasttransparent.com\/fr\/wp-json\/wp\/v2\/tags?post=29257"}],"curies":[{"name":"wp","href":"https:\/\/api.w.org\/{rel}","templated":true}]}}