{"id":29128,"date":"2017-12-22T15:22:16","date_gmt":"2017-12-22T14:22:16","guid":{"rendered":"http:\/\/middleeasttransparent.com\/?p=29128"},"modified":"2017-12-22T15:51:27","modified_gmt":"2017-12-22T14:51:27","slug":"tous-les-migrants-illegaux-en-europe-proviennent-de-zones-arides","status":"publish","type":"post","link":"https:\/\/middleeasttransparent.com\/fr\/tous-les-migrants-illegaux-en-europe-proviennent-de-zones-arides\/","title":{"rendered":"\u00ab Tous les migrants ill\u00e9gaux en Europe proviennent de zones arides \u00bb"},"content":{"rendered":"<header>\n<hgroup>\n<h4 data-bind=\"text: articleSubtitle\">PROPOS RECUEILLIS PAR MARIELLE COURT @MarielleCourt<\/h4>\n<\/hgroup>\n<\/header>\n<div data-bind=\"foreach: articleBlocks\">\n<p data-bind=\"text: $data\"><em>MONIQUE BARBUT est la secr\u00e9taire ex\u00e9cutive de la Convention des Nations unies sur la lutte contre la d\u00e9sertification. La question des r\u00e9fugi\u00e9s climatiques fait partie de son quotidien.<\/em><\/p>\n<p data-bind=\"text: $data\"><strong>LE FIGARO.- Est-il pertinent d\u2019\u00e9tablir un lien entre le climat et les migrants ?<\/strong><\/p>\n<p data-bind=\"text: $data\"><strong> Monique BARBUT<\/strong>.- Il y a aujourd\u2019hui dans le monde 500 millions de fermes de moins de deux hectares. Elles emploient deux milliards d\u2019individus et nourrissent 80 % de la population. Si ces petits paysans qui sont en auto-subsistance subissent deux ou trois ann\u00e9es de s\u00e9cheresse \u00e0 la suite, ils perdent tout.<\/p>\n<p data-bind=\"text: $data\"><strong>Pour autant, ils ne d\u00e9barquent pas dans la foul\u00e9e sur les c\u00f4tes europ\u00e9ennes ?<\/strong><\/p>\n<p data-bind=\"text: $data\">Cela se passe en deux ou trois temps. Dans la plupart des cas, les hommes vont quitter leur terre et venir dans les grandes villes avec l\u2019espoir de trouver un emploi. En vain la plupart du temps. C\u2019est l\u00e0 qu\u2019ils peuvent tenter de migrer, d\u2019abord dans des pays voisins ou bien tomber sur des passeurs pour aller plus loin. Mais sur place ces jeunes hommes vont aussi \u00eatre \u00e0 l\u2019origine de troubles sociaux.<\/p>\n<p data-bind=\"text: $data\"><strong>Comme en Syrie ?<\/strong><\/p>\n<p data-bind=\"text: $data\">Avant le conflit, il y a eu quatre ans d\u2019une s\u00e9cheresse \u00e9pouvantable. On sait qu\u2019environ un million de paysans ont quitt\u00e9 leurs terres pour se rendre en ville o\u00f9 ils ont crois\u00e9 un million d\u2019Irakiens r\u00e9fugi\u00e9s de la guerre. Deux millions d\u2019hommes compl\u00e8tement d\u00e9munis qui se retrouvent dans des villes, cela aboutit \u00e0 des conflits. Attention, je ne dis pas que climat et s\u00e9cheresse sont les seuls responsables. Mais cela y participe grandement.<\/p>\n<p data-bind=\"text: $data\"><strong>Ces ph\u00e9nom\u00e8nes climatiques font aussi le lit du terrorisme dites-vous ?<\/strong><\/p>\n<p data-bind=\"text: $data\">L\u00e0 encore, le lien n\u2019est pas direct. Mais prenons l\u2019exemple du nord du Mali. S\u00e9cheresse apr\u00e8s s\u00e9cheresse, les hommes sont partis pour tenter leur chance ailleurs, laissant derri\u00e8re eux femmes et enfants. Al-Qaida a pu s\u2019installer dans les villages en profitant de la vuln\u00e9rabilit\u00e9 de ces populations, en promettant de les nourrir et de les prot\u00e9ger.<\/p>\n<p data-bind=\"text: $data\"><strong>Les pr\u00e9visions en mati\u00e8re de r\u00e9chauffement climatique laissent augurer de graves probl\u00e8mes\u2026<\/strong><\/p>\n<p data-bind=\"text: $data\">Quand bien m\u00eame on arriverait \u00e0 maintenir \u00e0 2 \u00b0C la hausse moyenne de la temp\u00e9rature mondiale, cela voudra dire plut\u00f4t 4 \u00b0C dans certaines r\u00e9gions d\u2019Afrique. Les ann\u00e9es de s\u00e9cheresse vont \u00eatre de plus en plus fr\u00e9quentes. Ce n\u2019est pas tenable.<\/p>\n<p data-bind=\"text: $data\"><strong>Y a-t-il des projections de migrations ?<\/strong><\/p>\n<p data-bind=\"text: $data\">Nous avons effectu\u00e9 un travail avec l\u2019arm\u00e9e britannique. D\u2019ici \u00e0 2045, il pr\u00e9voit, toujours pour des questions de s\u00e9cheresse, le d\u00e9placement de 135 millions de personnes dans le monde dont pr\u00e8s de 60 pourraient converger vers l\u2019Europe. Et n\u2019oubliez pas que tous les migrants ill\u00e9gaux aujourd\u2019hui en Europe proviennent de zones arides.<\/p>\n<p data-bind=\"text: $data\"><strong>Quelles sont vos pr\u00e9conisations ?<\/strong><\/p>\n<p data-bind=\"text: $data\">Notre message est qu\u2019il faut absolument r\u00e9habiliter les terres d\u00e9grad\u00e9es. Elles peuvent toutes l\u2019\u00eatre. Nous avons lanc\u00e9 le programme des trois \u00ab S \u00bb : soutenabilit\u00e9, stabilit\u00e9 et s\u00e9curit\u00e9. On travaille \u00e0 partir des camps de r\u00e9fugi\u00e9s. Le premier chantier est au Niger. On r\u00e9installe les personnes sur leur terre, on les forme et on les paye durant trois ans, le temps n\u00e9cessaire pour que la terre redevienne fertile. Un tel programme est infiniment moins on\u00e9reux que de les maintenir dans des camps. Syst\u00e9matiser ces projets peut nous permettre de cr\u00e9er dix millions d\u2019emplois le long de la bande sah\u00e9lienne.<\/p>\n<p data-bind=\"text: $data\"><a href=\"http:\/\/www.lefigaro.fr\/sciences\/2017\/12\/21\/01008-20171221ARTFIG00240-immigration-tous-les-migrants-illegaux-en-europe-proviennent-de-zones-arides.php\">Le Figaro<\/a><\/p>\n<\/div>\n","protected":false},"excerpt":{"rendered":"<p>PROPOS RECUEILLIS PAR MARIELLE COURT @MarielleCourt MONIQUE BARBUT est la secr\u00e9taire ex\u00e9cutive de la Convention des Nations unies sur la lutte contre la d\u00e9sertification. La question des r\u00e9fugi\u00e9s climatiques fait partie de son quotidien. LE FIGARO.- Est-il pertinent d\u2019\u00e9tablir un lien entre le climat et les migrants ? Monique BARBUT.- Il y a aujourd\u2019hui dans<\/p>\n","protected":false},"author":152,"featured_media":29130,"comment_status":"open","ping_status":"open","sticky":false,"template":"","format":"standard","meta":{"_uf_show_specific_survey":0,"_uf_disable_surveys":false,"footnotes":""},"categories":[37],"tags":[],"class_list":{"0":"post-29128","1":"post","2":"type-post","3":"status-publish","4":"format-standard","5":"has-post-thumbnail","7":"category-alaune-fr"},"aioseo_notices":[],"_links":{"self":[{"href":"https:\/\/middleeasttransparent.com\/fr\/wp-json\/wp\/v2\/posts\/29128","targetHints":{"allow":["GET"]}}],"collection":[{"href":"https:\/\/middleeasttransparent.com\/fr\/wp-json\/wp\/v2\/posts"}],"about":[{"href":"https:\/\/middleeasttransparent.com\/fr\/wp-json\/wp\/v2\/types\/post"}],"author":[{"embeddable":true,"href":"https:\/\/middleeasttransparent.com\/fr\/wp-json\/wp\/v2\/users\/152"}],"replies":[{"embeddable":true,"href":"https:\/\/middleeasttransparent.com\/fr\/wp-json\/wp\/v2\/comments?post=29128"}],"version-history":[{"count":0,"href":"https:\/\/middleeasttransparent.com\/fr\/wp-json\/wp\/v2\/posts\/29128\/revisions"}],"wp:featuredmedia":[{"embeddable":true,"href":"https:\/\/middleeasttransparent.com\/fr\/wp-json\/wp\/v2\/media\/29130"}],"wp:attachment":[{"href":"https:\/\/middleeasttransparent.com\/fr\/wp-json\/wp\/v2\/media?parent=29128"}],"wp:term":[{"taxonomy":"category","embeddable":true,"href":"https:\/\/middleeasttransparent.com\/fr\/wp-json\/wp\/v2\/categories?post=29128"},{"taxonomy":"post_tag","embeddable":true,"href":"https:\/\/middleeasttransparent.com\/fr\/wp-json\/wp\/v2\/tags?post=29128"}],"curies":[{"name":"wp","href":"https:\/\/api.w.org\/{rel}","templated":true}]}}