{"id":28551,"date":"2017-12-11T13:32:29","date_gmt":"2017-12-11T12:32:29","guid":{"rendered":"http:\/\/middleeasttransparent.com\/?p=28551"},"modified":"2017-12-11T13:32:29","modified_gmt":"2017-12-11T12:32:29","slug":"paix-civile-indispensable-ennemi","status":"publish","type":"post","link":"https:\/\/middleeasttransparent.com\/fr\/paix-civile-indispensable-ennemi\/","title":{"rendered":"Paix civile et indispensable ennemi"},"content":{"rendered":"<p class=\"p3\"><span class=\"s1\"><strong>Dans son trait\u00e9 \u00ab\u00a0<em>L\u2019Essence du Politique<\/em>\u00a0\u00bb, Julien Freund \u00e9crit \u00ab\u00a0il n\u2019y a de politique que l\u00e0 o\u00f9 il y a un ennemi r\u00e9el ou virtuel\u00a0\u00bb<\/strong>, suivant en cela la pens\u00e9e de Carl Schmitt pour qui la sp\u00e9cificit\u00e9 intrins\u00e8que \u00ab\u00a0du\u00a0\u00bb politique r\u00e9side dans la discrimination entre l\u2019ami et l\u2019ennemi. Contrairement \u00e0 Schmitt cependant, Freund \u00ab\u00a0ne fait pas de cette distinction un crit\u00e8re ultime du politique mais un pr\u00e9suppos\u00e9 parmi d\u2019autres\u00a0\u00bb qui, cependant, est la condition n\u00e9cessaire de toute politique ext\u00e9rieure. <\/span><\/p>\n<p class=\"p3\"><span class=\"s1\">Aujourd\u2019hui, l\u2019identification de l\u2019ennemi est plus difficile\u00a0; ce dernier ne se r\u00e9duit plus \u00e0 la forme d\u2019un Etat hors-fronti\u00e8res. N\u2019importe quel acteur \u00ab\u00a0global\u00a0\u00bb (entreprise, multinationale, ONG, r\u00e9seaux divers y compris terroristes etc.) peut rec\u00e9ler une intention suffisante d\u2019inimiti\u00e9. Que dire, a fortiori, d\u2019une milice arm\u00e9e comme le Hezbollah, qui se soustrait \u00e0 la volont\u00e9 souveraine de l\u2019Etat au sein duquel elle prend ses quartiers. C\u2019est ce qui pousse Jacques Beauchard, dans \u00ab\u00a0L\u2019Ennemi au c\u0153ur du politique\u00a0\u00bb, \u00ab\u00a0\u00e0 red\u00e9finir cette identification complexe tout en repensant les origines de l&rsquo;\u00c9tat\u00a0\u00bb. <\/span><\/p>\n<p class=\"p3\"><span class=\"s1\">J. Freund voyait l\u2019Etat souverain \u00abcette \u00a0unit\u00e9 politique qui a r\u00e9ussi \u00e0 rejeter l\u2019ennemi int\u00e9rieur vers l\u2019ext\u00e9rieur\u00a0\u00bb, sans pour autant qu\u2019un tel acquis puisse se consolider perp\u00e9tuellement. C\u2019est pourquoi il con\u00e7oit la guerre, non comme le prolongement de \u00abla\u00a0\u00bb politique mais comme sa nature m\u00eame. Ceci l\u2019am\u00e8ne \u00e0 estimer que l\u2019essence \u00ab\u00a0du\u00a0\u00bb politique r\u00e9side dans la r\u00e9gulation des conflits et l\u2019\u00e9chafaudage, toujours renouvel\u00e9, du compromis en principe honorable.<\/span><\/p>\n<p class=\"p3\"><span class=\"s1\"><strong>Rien n\u2019illustre mieux ces notions que la situation actuelle du Liban<\/strong>, suite \u00e0 la fracassante d\u00e9mission du Premier Ministre Saad Hariri \u00e0 Riyad, puis sa suspension apr\u00e8s un d\u00e9tour par Paris, avant son annulation \u00e0 Beyrouth dans le cadre d\u2019un \u00ab\u00a0compromis\u00a0\u00bb renouvel\u00e9 et pr\u00e9sent\u00e9 comme honorable dans la mesure o\u00f9 l\u2019ennemi int\u00e9rieur, \u00e0 savoir le Hezbollah qui d\u00e9fie et pi\u00e9tine la souverainet\u00e9 de l\u2019Etat, aurait \u00e9t\u00e9 amen\u00e9 \u00e0 composer, c\u2019est-\u00e0-dire dans la mesure o\u00f9 les p\u00e9rip\u00e9ties exceptionnelles de ces derni\u00e8res semaines auraient r\u00e9ussi \u00e0 faire du Hezbollah un partenaire politique et non plus un ennemi int\u00e9rieur. C\u2019est dans ce contexte qu\u2019il faut situer certaines d\u00e9clarations de Saad Hariri, y compris l\u2019irritante affirmation qu\u2019il r\u00e9p\u00e8te avec le Pr\u00e9sident Aoun comme quoi le Hezbollah n\u2019use pas de son arsenal \u00e0 l\u2019int\u00e9rieur des fronti\u00e8res libanaises. M\u00eame si de tels propos sont inexacts, utopiques et violent la m\u00e9moire bless\u00e9e du peuple libanais, ils n\u2019en signifient pas moins ceci\u00a0: \u00ab\u00a0le Hezbollah, comme parti libanais, n\u2019est pas un ennemi int\u00e9rieur\u00a0\u00bb. Une telle affirmation a pour souci de m\u00e9nager l\u2019ordre social et la stabilit\u00e9 nationale car toute identification d\u2019un possible \u00ab\u00a0ennemi int\u00e9rieur\u00a0\u00bb annonce une guerre civile.<\/span><\/p>\n<p class=\"p3\"><span class=\"s1\">Sommes-nous r\u00e9ellement parvenus \u00e0 une telle configuration gr\u00e2ce \u00e0 ce compromis renouvel\u00e9\u00a0? L\u2019unit\u00e9 politique, par rejet de l\u2019ennemi int\u00e9rieur, est-elle r\u00e9tablie\u00a0? Rien n\u2019est moins s\u00fbr car tout indique que le dit compromis serait un vrai march\u00e9 de dupes.<\/span><\/p>\n<p class=\"p3\"><span class=\"s1\">Certes, Saad Hariri sort tr\u00e8s renforc\u00e9 de l\u2019\u00e9preuve, mais uniquement sur le plan personnel, en tant que figure \u00e9minente de la communaut\u00e9 sunnite et chef d\u2019un parti politique, le Mustaqbal (Futur). Tel ne semble pas \u00eatre le cas de Saad Hariri comme leader national incontest\u00e9. L<strong>e compromis est assez mal re\u00e7u par la base souverainiste fid\u00e8le \u00e0 l\u2019esprit du 14-Mars et qui, hier encore, c\u00e9l\u00e9brait un requiem en m\u00e9moire de Gebran Tueni assassin\u00e9 en d\u00e9cembre 2005. <\/strong><\/span><\/p>\n<p class=\"p3\"><span class=\"s1\">Le malaise est d\u2019autant plus perceptible que l\u2019image de Saad Hariri comme Premier Ministre est loin d\u2019avoir \u00e9t\u00e9 consolid\u00e9e, bien au contraire. Deux \u00e9v\u00e9nements simultan\u00e9s sont l\u00e0 pour le prouver. Il y a d\u2019abord la scandaleuse entourloupe des Affaires Etrang\u00e8res libanaises <strong>qui ont cru bon d\u2019\u00e9liminer \u00e0 l\u2019insu de Hariri, de la version arabe de la d\u00e9claration des Amis du Liban r\u00e9unis \u00e0 Paris, la r\u00e9f\u00e9rence \u00e0 la r\u00e9solution 1559 du Conseil de S\u00e9curit\u00e9 qui d\u00e9sarme les milices et prot\u00e8ge les fronti\u00e8res du Liban par la seule arm\u00e9e nationale<\/strong>, ainsi qu\u2019\u00e0 la D\u00e9claration de Baabda qui institutionnalise une r\u00e9elle \u00ab\u00a0autodistanciation\u00a0\u00bb du Liban \u00e0 l\u2019\u00e9gard des conflits du Levant, toutes choses incompatibles avec la strat\u00e9gie du Hezbollah. Mais il y a aussi <strong>l\u2019\u00e9trange tourn\u00e9e du responsable milicien chiite-irakien Ka\u00efs Khazaali<\/strong>, organis\u00e9e par le Hezbollah au sud du Liban le long de la fronti\u00e8re avec Isra\u00ebl.<\/span><\/p>\n<p class=\"p3\"><span class=\"s1\">Ces \u00e9v\u00e9nements simultan\u00e9s de ces derniers jours, disent bien que le compromis n\u2019a pas renforc\u00e9 l\u2019unit\u00e9 politique. Le Hezbollah continue \u00e0 faire fi des fronti\u00e8res internationales et \u00e0 d\u00e9fier l\u2019autorit\u00e9 souveraine de l\u2019Etat. <strong>En d\u2019autres termes, il y a toujours un \u00ab\u00a0ennemi int\u00e9rieur\u00a0\u00bb au c\u0153ur m\u00eame du politique libanais<\/strong>. Saad Hariri parviendra-t-il \u00e0 rejeter son inimiti\u00e9 \u00e0 l\u2019ext\u00e9rieur afin de le m\u00e9tamorphoser en partenaire\u00a0? On peut en douter car, en tant que Premier Ministre, son pouvoir demeure malheureusement affaibli et mal assur\u00e9.<\/span><\/p>\n<p>acourban@gmail.com<\/p>\n<p>*Beyrouth<\/p>\n","protected":false},"excerpt":{"rendered":"<p>Dans son trait\u00e9 \u00ab\u00a0L\u2019Essence du Politique\u00a0\u00bb, Julien Freund \u00e9crit \u00ab\u00a0il n\u2019y a de politique que l\u00e0 o\u00f9 il y a un ennemi r\u00e9el ou virtuel\u00a0\u00bb, suivant en cela la pens\u00e9e de Carl Schmitt pour qui la sp\u00e9cificit\u00e9 intrins\u00e8que \u00ab\u00a0du\u00a0\u00bb politique r\u00e9side dans la discrimination entre l\u2019ami et l\u2019ennemi. Contrairement \u00e0 Schmitt cependant, Freund \u00ab\u00a0ne fait<\/p>\n","protected":false},"author":33,"featured_media":28555,"comment_status":"open","ping_status":"open","sticky":false,"template":"","format":"standard","meta":{"_uf_show_specific_survey":0,"_uf_disable_surveys":false,"footnotes":""},"categories":[22],"tags":[],"class_list":{"0":"post-28551","1":"post","2":"type-post","3":"status-publish","4":"format-standard","5":"has-post-thumbnail","7":"category-actualites-fr"},"aioseo_notices":[],"_links":{"self":[{"href":"https:\/\/middleeasttransparent.com\/fr\/wp-json\/wp\/v2\/posts\/28551","targetHints":{"allow":["GET"]}}],"collection":[{"href":"https:\/\/middleeasttransparent.com\/fr\/wp-json\/wp\/v2\/posts"}],"about":[{"href":"https:\/\/middleeasttransparent.com\/fr\/wp-json\/wp\/v2\/types\/post"}],"author":[{"embeddable":true,"href":"https:\/\/middleeasttransparent.com\/fr\/wp-json\/wp\/v2\/users\/33"}],"replies":[{"embeddable":true,"href":"https:\/\/middleeasttransparent.com\/fr\/wp-json\/wp\/v2\/comments?post=28551"}],"version-history":[{"count":0,"href":"https:\/\/middleeasttransparent.com\/fr\/wp-json\/wp\/v2\/posts\/28551\/revisions"}],"wp:featuredmedia":[{"embeddable":true,"href":"https:\/\/middleeasttransparent.com\/fr\/wp-json\/wp\/v2\/media\/28555"}],"wp:attachment":[{"href":"https:\/\/middleeasttransparent.com\/fr\/wp-json\/wp\/v2\/media?parent=28551"}],"wp:term":[{"taxonomy":"category","embeddable":true,"href":"https:\/\/middleeasttransparent.com\/fr\/wp-json\/wp\/v2\/categories?post=28551"},{"taxonomy":"post_tag","embeddable":true,"href":"https:\/\/middleeasttransparent.com\/fr\/wp-json\/wp\/v2\/tags?post=28551"}],"curies":[{"name":"wp","href":"https:\/\/api.w.org\/{rel}","templated":true}]}}