{"id":2794,"date":"2015-07-30T18:23:01","date_gmt":"2015-07-30T17:23:01","guid":{"rendered":"http:\/\/middleeasttransparent.com\/news\/?p=2794"},"modified":"2015-07-30T18:23:01","modified_gmt":"2015-07-30T17:23:01","slug":"interview-entre-assad-daech-et-les-kurdes-limpossible-equation-derdogan","status":"publish","type":"post","link":"https:\/\/middleeasttransparent.com\/fr\/interview-entre-assad-daech-et-les-kurdes-limpossible-equation-derdogan\/","title":{"rendered":"Interview:  Entre Assad, Daech et les Kurdes, l&rsquo;impossible \u00e9quation d&rsquo;Erdogan"},"content":{"rendered":"<div class=\"fig-article-header\">\n<div class=\"fig-article-headline\">\n<p><strong>Par <a class=\"fig-anchor fig-picto-journaliste-haut\" href=\"http:\/\/www.lefigaro.fr\/international\/2015\/07\/29\/01003-20150729ARTFIG00305-entre-assad-daech-et-les-kurdes-l-impossible-equation-d-erdogan.php#auteur\">Eug\u00e9nie Basti\u00e9<\/a><\/strong><\/p>\n<\/div>\n<\/div>\n<div class=\"fig-main-col\">\n<p class=\"fig-chapo\">INTERVIEW &#8211; Le pr\u00e9sident turc est dans une position d\u00e9licate et doit g\u00e9rer trois ennemis \u00e0 la fois: l&rsquo;Etat islamique, le r\u00e9gime syrien et les Kurdes ind\u00e9pendantistes. L&rsquo;analyse du politologue turc Ahmet Insel.<img decoding=\"async\" src=\"https:\/\/ad.doubleclick.net\/ddm\/ad\/N5295.287496.ESSENCE.CO.UK\/B8572935.118298320;sz=1x1;ord=5334716404?\" alt=\"Advertisement\" width=\"1\" height=\"1\" border=\"0\" \/><\/p>\n<div class=\"fig-article-body\">\n<p><strong>LE FIGARO: <a href=\"http:\/\/www.lefigaro.fr\/international\/2015\/07\/23\/01003-20150723ARTFIG00309-echanges-de-tirs-a-la-frontiere-syrienne-entre-l-armee-turque-et-l-etat-islamique.php\" target=\"\">La Turquie est entr\u00e9 en guerre contre Daech<\/a>, elle qui avait toujours refus\u00e9 de contribuer militairement \u00e0 la coalition. Que faut-il penser de ce revirement? Y avait-il v\u00e9ritablement un \u00abdouble jeu turc\u00bb?<\/strong><\/p>\n<p><strong>AHMET INSEL*<\/strong>: Nous ne savons pas si la Turquie menait v\u00e9ritablement <a href=\"http:\/\/www.lefigaro.fr\/vox\/monde\/2015\/07\/28\/31002-20150728ARTFIG00286-turquie-le-meilleur-ennemi-de-daech.php\" target=\"\">un \u00abdouble jeu\u00bb.<\/a> Ce que nous savons, c&rsquo;est qu&rsquo;au d\u00e9but de la r\u00e9volution, <strong>la Turquie a aid\u00e9 des groupes rebelles djihadistes en Syrie, qui ont pu ensuite \u00eatre enr\u00f4l\u00e9s par Daech<\/strong>. La Turquie a fait le choix de soutenir des groupes djihadistes incontr\u00f4lables, ce qui s&rsquo;est transform\u00e9 en soutien indirect \u00e0 Daech. Les accusations de tol\u00e9rance de la police et des administrations locales vis-\u00e0-vis des militants de Daech r\u00e9sidant ou circulant en Turquie sont formul\u00e9es r\u00e9guli\u00e8rement par l&rsquo;opposition.<\/p>\n<p><strong>Pourquoi Erdogan a-t&rsquo;il fait de la chute de Bachar el-Assad sa priorit\u00e9?<\/strong><\/p>\n<p>Historiquement, Erdogan \u00e9tait un alli\u00e9 tr\u00e8s fort de <a href=\"http:\/\/plus.lefigaro.fr\/tag\/bachar-el-assad\" target=\"\">Bachar el-Assad<\/a>. En 2006-2007, il y a eu une politique de rapprochement entre la Turquie et la Syrie, avec une ouverture de la fronti\u00e8re et une multiplication des \u00e9changes \u00e9conomiques. Au d\u00e9but des \u00abprintemps arabes\u00bb, <strong>Erdogan a cru qu&rsquo;il pouvait devenir le leader d&rsquo;un Moyen Orient fr\u00e9ris\u00e9<\/strong>, qui suivrait l&rsquo;exemple d&rsquo;islamisme politique qu&rsquo;il a mis en place en Turquie. Il pensait \u00eatre le grand ordonnateur de la prise de pouvoir des Fr\u00e8res musulmans en \u00c9gypte, Tunisie, et en Syrie.<\/p>\n<p>La Turquie a donc insist\u00e9 pour qu&rsquo;Assad fasse des r\u00e9formes. Face au refus de Damas, Ankara a pris le parti des opposants, en accord \u00e0 l&rsquo;\u00e9poque avec les \u00c9tats-Unis, la Grande-Bretagne et la France. Quand le parlement britannique, puis les \u00c9tats-Unis ont refus\u00e9 l&rsquo;intervention en Syrie en 2013, la Turquie et la France se sont retrouv\u00e9es seules sur la ligne dure anti-Assad. Puis la France a l\u00e2ch\u00e9 aussi, et Erdogan s&rsquo;est retrouv\u00e9 dans l&rsquo;axe sunnite, aux c\u00f4t\u00e9s de l&rsquo;Arabie saoudite et du Qatar, enferm\u00e9 dans un positionnement confessionnel.<\/p>\n<p><strong>La Turquie a-t&rsquo;elle des ambitions h\u00e9g\u00e9moniques dans la r\u00e9gion?<\/strong><\/p>\n<p>La Turquie a voulu avoir une position h\u00e9g\u00e9monique au moment des printemps arabes, et devenir le r\u00e9f\u00e8rent dominant au Moyen-Orient. <strong>Cette politique, qui impliquait un engagement massif aux c\u00f4t\u00e9s des Fr\u00e8res musulmans, et un soutien aveugle \u00e0 la r\u00e9bellion djihadiste, a \u00e9t\u00e9 un \u00e9chec<\/strong>. Aujourd&rsquo;hui, la Turquie n&rsquo;a plus qu&rsquo;une diplomatie d\u00e9fensive. Trop engag\u00e9 dans un sens, elle ne peut plus servir d&rsquo;interm\u00e9diaire dans les conflits du Moyen-Orient. <strong>Elle n&rsquo;a plus d&rsquo;ambassadeur en \u00c9gypte, en Syrie, en Libye et en Isra\u00ebl.<\/strong><\/p>\n<p><strong>Quelle forme d&rsquo;islamisme politique promeut l&rsquo;AKP (le parti politique d&rsquo;Erdogan)? Peut-on soup\u00e7onner Erdogan d&rsquo;avoir des accointances avec les franges les plus radicales de l&rsquo;islamisme?<\/strong><\/p>\n<p>La direction de l&rsquo;AKP n&rsquo;a pas de liens avec les djihadistes ni les salafistes. Ce sont des musulmans l\u00e9galistes, de centre-droit sur l&rsquo;\u00e9chiquier politique. Ils sont moins islamistes qu&rsquo;Ennhahda (parti des Fr\u00e8res musulmans en Tunisie). En somme, on pourrait dire qu&rsquo;il s&rsquo;agit du moins islamiste des partis islamistes. Cependant, il est vrai qu&rsquo;une partie de la base \u00e9lectorale de l&rsquo;AKP est plus radicale. Il existe une sympathie pour l&rsquo;\u00c9tat islamique dans une petite partie de l&rsquo;opinion turque. Un sondage publi\u00e9 r\u00e9cemment montrait qu&rsquo;\u00e0 la question <strong>\u00abPr\u00e9f\u00e9rez-vous avoir les Kurdes ou Daech \u00e0 la fronti\u00e8re?\u00bb 20\u00a0% des \u00e9lecteurs d&rsquo;Erdogan r\u00e9pondaient: Daech<\/strong>. Mais il existe un parti encore plus islamiste que l&rsquo;AKP, le \u00abparti du Bonheur\u00bb qui totalise 3\u00a0% des voix. <strong>L&rsquo;AKP est constitu\u00e9 d&rsquo;une couche islamiste, mais aussi d&rsquo;une classe moyenne<\/strong> qui veut la stabilit\u00e9 \u00e9conomique qu&rsquo;offre Erdogan, ainsi <strong>qu&rsquo;une base conservatrice kurde<\/strong>, qui esp\u00e9rait en la r\u00e9conciliation que proposait Erdogan.<\/p>\n<p><strong>Au d\u00e9part, l&rsquo;accession de l&rsquo;AKP au pouvoir \u00e9tait synonyme de r\u00e9conciliation avec la minorit\u00e9 kurde en Turquie. Qu&rsquo;en est-il aujourd&rsquo;hui?<\/strong><\/p>\n<p>La promesse de normalisation lors de l&rsquo;arriv\u00e9e au pouvoir de l&rsquo;AKP contenait \u00e9videment l&rsquo;ambition de r\u00e9gler la question kurde. Erdogan est nationaliste, mais moins nationaliste que les la\u00efcs nationalistes de l&rsquo;extr\u00eame-droite ou de gauche. Il pensait pouvoir \u00e9tablir la paix avec les Kurdes sur la base de la fraternit\u00e9 musulmane. Mais il s&rsquo;est rendu compte que \u00e7a n&rsquo;\u00e9tait pas une bonne strat\u00e9gie \u00e9lectorale. Les Kurdes ne votaient pas plus AKP malgr\u00e9 l&rsquo;ouverture, et une partie de la base \u00e9lectorale turque se d\u00e9tournait vers le parti d&rsquo;extr\u00eame droite nationaliste.<\/p>\n<p>Le recensement ethnique est interdit en Turquie, mais on estime la population kurde \u00e0 15-16\u00a0% de la population. Une majorit\u00e9 d&rsquo;entre eux sont solidaires <strong>des Kurdes syriens, qui sont pour la plupart d&rsquo;anciens Kurdes de Turquie exil\u00e9s, par vagues successives, lors des r\u00e9pressions qui ont lieu depuis les ann\u00e9es 1920.<\/strong><\/p>\n<p>La Turquie essaie de jouer la solidarit\u00e9 de l&rsquo;OTAN, et a ouvert ses bases militaires aux Am\u00e9ricains,<a href=\"http:\/\/middleeasttransparent.com\/news\/wp-content\/uploads\/2015\/07\/4194-Cjs6uL._SX303_BO1204203200_.jpg\"><img fetchpriority=\"high\" decoding=\"async\" class=\" size-full wp-image-2795 alignright\" src=\"http:\/\/middleeasttransparent.com\/news\/wp-content\/uploads\/2015\/07\/4194-Cjs6uL._SX303_BO1204203200_.jpg\" alt=\"4194-Cjs6uL._SX303_BO1,204,203,200_\" width=\"227\" height=\"371\" \/><\/a> et ce pour pouvoir r\u00e9duire l&rsquo;importance du PKK et des Kurdes dans la lutte contre Daech. Erdogan est tr\u00e8s inquiet de la cr\u00e9ation d&rsquo;une zone autonome reconnue internationalement en Syrie, qui servirait de base arri\u00e8re au PKK.<\/p>\n<p><i>*Ahmet Insel, est politologue en Turquie, et vice-pr\u00e9sident de l&rsquo;universit\u00e9 Paris-I Panth\u00e9on-Sorbonne. Il est l&rsquo;auteur de La nouvelle Turquie d&rsquo;Erdogan (La D\u00e9couverte, mai 2015).<\/i><\/p>\n<p><a href=\"http:\/\/www.lefigaro.fr\/international\/2015\/07\/29\/01003-20150729ARTFIG00305-entre-assad-daech-et-les-kurdes-l-impossible-equation-d-erdogan.php\">Le Figaro<\/a><\/p>\n<\/div>\n<\/div>\n","protected":false},"excerpt":{"rendered":"<p>Par Eug\u00e9nie Basti\u00e9 INTERVIEW &#8211; Le pr\u00e9sident turc est dans une position d\u00e9licate et doit g\u00e9rer trois ennemis \u00e0 la fois: l&rsquo;Etat islamique, le r\u00e9gime syrien et les Kurdes ind\u00e9pendantistes. L&rsquo;analyse du politologue turc Ahmet Insel. LE FIGARO: La Turquie est entr\u00e9 en guerre contre Daech, elle qui avait toujours refus\u00e9 de contribuer militairement \u00e0<\/p>\n","protected":false},"author":152,"featured_media":2796,"comment_status":"open","ping_status":"open","sticky":false,"template":"","format":"standard","meta":{"_uf_show_specific_survey":0,"_uf_disable_surveys":false,"footnotes":""},"categories":[25],"tags":[],"class_list":{"0":"post-2794","1":"post","2":"type-post","3":"status-publish","4":"format-standard","5":"has-post-thumbnail","7":"category-decryptages"},"aioseo_notices":[],"_links":{"self":[{"href":"https:\/\/middleeasttransparent.com\/fr\/wp-json\/wp\/v2\/posts\/2794","targetHints":{"allow":["GET"]}}],"collection":[{"href":"https:\/\/middleeasttransparent.com\/fr\/wp-json\/wp\/v2\/posts"}],"about":[{"href":"https:\/\/middleeasttransparent.com\/fr\/wp-json\/wp\/v2\/types\/post"}],"author":[{"embeddable":true,"href":"https:\/\/middleeasttransparent.com\/fr\/wp-json\/wp\/v2\/users\/152"}],"replies":[{"embeddable":true,"href":"https:\/\/middleeasttransparent.com\/fr\/wp-json\/wp\/v2\/comments?post=2794"}],"version-history":[{"count":0,"href":"https:\/\/middleeasttransparent.com\/fr\/wp-json\/wp\/v2\/posts\/2794\/revisions"}],"wp:featuredmedia":[{"embeddable":true,"href":"https:\/\/middleeasttransparent.com\/fr\/wp-json\/wp\/v2\/media\/2796"}],"wp:attachment":[{"href":"https:\/\/middleeasttransparent.com\/fr\/wp-json\/wp\/v2\/media?parent=2794"}],"wp:term":[{"taxonomy":"category","embeddable":true,"href":"https:\/\/middleeasttransparent.com\/fr\/wp-json\/wp\/v2\/categories?post=2794"},{"taxonomy":"post_tag","embeddable":true,"href":"https:\/\/middleeasttransparent.com\/fr\/wp-json\/wp\/v2\/tags?post=2794"}],"curies":[{"name":"wp","href":"https:\/\/api.w.org\/{rel}","templated":true}]}}