{"id":27596,"date":"2017-11-19T00:28:01","date_gmt":"2017-11-18T23:28:01","guid":{"rendered":"http:\/\/middleeasttransparent.com\/?p=27596"},"modified":"2017-11-19T00:28:01","modified_gmt":"2017-11-18T23:28:01","slug":"paris-sauve-face-de-larabie-saoudite-exfiltrant-saad-hariri","status":"publish","type":"post","link":"https:\/\/middleeasttransparent.com\/fr\/paris-sauve-face-de-larabie-saoudite-exfiltrant-saad-hariri\/","title":{"rendered":"Paris sauve la face de l\u2019Arabie saoudite en exfiltrant Saad Hariri"},"content":{"rendered":"<p class=\"txt3 description-article\">La pr\u00e9sidence libanaise a annonc\u00e9 que le premier ministre d\u00e9missionnaire, arriv\u00e9 samedi \u00e0 Paris, sera de retour au Liban mercredi prochain pour la f\u00eate de l\u2019ind\u00e9pendance.<\/p>\n<p class=\"bloc_signature\">\u00a0<span class=\"signature_article\">Par\u00a0<span class=\"auteur txt2_120\"><a class=\"auteur\" href=\"http:\/\/www.lemonde.fr\/journaliste\/marc-semo\/\" target=\"_blank\" rel=\"noopener\" data-gtm=\"lien_auteur1\">Marc Semo<\/a>\u00a0et\u00a0<a class=\"auteur\" href=\"http:\/\/www.lemonde.fr\/journaliste\/benjamin-barthe\/\" target=\"_blank\" rel=\"noopener\" data-gtm=\"lien_auteur2\">Benjamin Barthe<\/a>\u00a0(Beyrouth, correspondant)<\/span><\/span><\/p>\n<div id=\"articleBody\" class=\"contenu_article js_article_body\">\n<h2 class=\"taille_courante\">L\u2019acte I du feuilleton Hariri est termin\u00e9. Le premier ministre d\u00e9missionnaire libanais Saad Hariri et sa\u00a0<a class=\"lien_interne rub\" title=\"Toute l\u2019actualit\u00e9 famille\" href=\"http:\/\/www.lemonde.fr\/famille\/\">famille<\/a>\u00a0sont arriv\u00e9s samedi matin 18\u00a0novembre \u00e0\u00a0<a class=\"lien_interne rub\" title=\"Toute l\u2019actualit\u00e9 Paris\" href=\"http:\/\/www.lemonde.fr\/paris\/\">Paris<\/a>, en provenance de Riyad, conform\u00e9ment \u00e0 l\u2019arrangement conclu mercredi entre Emmanuel Macron et Mohammed Ben Salman, l\u2019homme fort du royaume saoudien. Le pr\u00e9sident fran\u00e7ais devait\u00a0<a class=\"lien_interne conjug\" title=\"Conjugaison du verbe ouvrir\" href=\"http:\/\/conjugaison.lemonde.fr\/conjugaison\/troisieme-groupe\/ouvrir\/\" target=\"_blank\" rel=\"noopener\">ouvrir<\/a>, samedi, un nouveau chapitre dans cette saga pleine de myst\u00e8res, en recevant le dirigeant libanais en t\u00eate-\u00e0-t\u00eate, puis en partageant avec lui et ses proches un\u00a0<a class=\"lien_interne conjug\" title=\"Conjugaison du verbe d\u00e9jeuner\" href=\"http:\/\/conjugaison.lemonde.fr\/conjugaison\/premier-groupe\/d%C3%A9jeuner\/\" target=\"_blank\" rel=\"noopener\">d\u00e9jeuner<\/a>\u00a0\u00e0 l\u2019Elys\u00e9e.<\/h2>\n<p>L\u2019avenir\u00a0<a class=\"lien_interne rub\" title=\"Toute l\u2019actualit\u00e9 politique\" href=\"http:\/\/www.lemonde.fr\/politique\/\">politique<\/a>\u00a0de Saad Hariri et sa capacit\u00e9 ou non \u00e0\u00a0<a class=\"lien_interne conjug\" title=\"Conjugaison du verbe r\u00e9cup\u00e9rer\" href=\"http:\/\/conjugaison.lemonde.fr\/conjugaison\/premier-groupe\/r%C3%A9cup%C3%A9rer\/\" target=\"_blank\" rel=\"noopener\">r\u00e9cup\u00e9rer<\/a>\u00a0son si\u00e8ge de premier ministre, inconnue majeure de cette nouvelle phase, devaient\u00a0<a class=\"lien_interne conjug\" title=\"Conjugaison du verbe figurer\" href=\"http:\/\/conjugaison.lemonde.fr\/conjugaison\/premier-groupe\/figurer\/\" target=\"_blank\" rel=\"noopener\">figurer<\/a>\u00a0au menu des\u00a0<a class=\"lien_interne rub\" title=\"Toute l\u2019actualit\u00e9 discussions\" href=\"http:\/\/www.lemonde.fr\/discussions\/\">discussions<\/a>. Vendredi, en marge d\u2019un sommet europ\u00e9en \u00e0 G\u00f6teborg, en\u00a0<a class=\"lien_interne rub\" title=\"Toute l\u2019actualit\u00e9 Su\u00e8de\" href=\"http:\/\/www.lemonde.fr\/suede\/\">Su\u00e8de<\/a>, Emmanuel Macron a d\u00e9clar\u00e9 que le chef du Courant du futur avait vocation \u00e0\u00a0<a class=\"lien_interne conjug\" title=\"Conjugaison du verbe rentrer\" href=\"http:\/\/conjugaison.lemonde.fr\/conjugaison\/premier-groupe\/rentrer\/\" target=\"_blank\" rel=\"noopener\">rentrer<\/a>\u00a0dans son pays\u00a0<em>\u00ab\u00a0dans les jours, les semaines qui viennent\u00a0\u00bb.<\/em><\/p>\n<p>Pour la\u00a0<a class=\"lien_interne rub\" title=\"Toute l\u2019actualit\u00e9 diplomatie\" href=\"http:\/\/www.lemonde.fr\/diplomatie\/\">diplomatie<\/a>\u00a0fran\u00e7aise, absente depuis longtemps du\u00a0<a class=\"lien_interne rub\" title=\"Toute l\u2019actualit\u00e9 Proche-Orient\" href=\"http:\/\/www.lemonde.fr\/proche-orient\/\">Proche-Orient<\/a>, l\u2019exfiltration de M. Hariri d\u2019<a class=\"lien_interne rub\" title=\"Toute l\u2019actualit\u00e9 Arabie saoudite\" href=\"http:\/\/www.lemonde.fr\/arabie-saoudite\/\">Arabie saoudite<\/a>, o\u00f9 la plupart des Libanais le consid\u00e9raient \u00ab\u00a0captif\u00a0\u00bb, constitue un succ\u00e8s. L\u2019initiative de Paris, qualifi\u00e9e de\u00a0<em>\u00ab\u00a0deus ex machina\u00a0\u00bb<\/em>\u00a0par le quotidien libanais\u00a0<em>L\u2019Orient-Le Jour<\/em>, a permis d\u2019extraire M. Hariri d\u2019une situation d\u00e9licate, tout en offrant une porte de sortie aux Saoudiens, qui s\u2019\u00e9taient plac\u00e9s eux-m\u00eames dans une situation intenable.<\/p>\n<h2 class=\"intertitre\">\u00ab\u00a0Retour de la diplomatie fran\u00e7aise\u00a0\u00bb<\/h2>\n<p>Un retour direct \u00e0 Beyrouth du chef du gouvernement, m\u00eame pour\u00a0<a class=\"lien_interne conjug\" title=\"Conjugaison du verbe remettre\" href=\"http:\/\/conjugaison.lemonde.fr\/conjugaison\/troisieme-groupe\/remettre\/\" target=\"_blank\" rel=\"noopener\">remettre<\/a>\u00a0formellement sa d\u00e9mission au pr\u00e9sident Michel Aoun, aurait constitu\u00e9 un camouflet pour Riyad.\u00a0<em>\u00ab\u00a0Macron a tr\u00e8s bien jou\u00e9, il a fait\u00a0<a class=\"lien_interne conjug\" title=\"Conjugaison du verbe baisser\" href=\"http:\/\/conjugaison.lemonde.fr\/conjugaison\/premier-groupe\/baisser\/\" target=\"_blank\" rel=\"noopener\">baisser<\/a>\u00a0la tension au\u00a0<a class=\"lien_interne rub\" title=\"Toute l\u2019actualit\u00e9 Liban\" href=\"http:\/\/www.lemonde.fr\/liban\/\">Liban<\/a>, tout en prot\u00e9geant les Saoudiens de l\u2019opprobre\u00a0<a class=\"lien_interne rub\" title=\"Toute l\u2019actualit\u00e9 international\" href=\"http:\/\/www.lemonde.fr\/international\/\">international<\/a>\u00a0\u00bb,<\/em>\u00a0fait\u00a0<a class=\"lien_interne conjug\" title=\"Conjugaison du verbe valoir\" href=\"http:\/\/conjugaison.lemonde.fr\/conjugaison\/troisieme-groupe\/valoir\/\" target=\"_blank\" rel=\"noopener\">valoir<\/a>\u00a0un homme d\u2019affaires occidental install\u00e9 dans le royaume.<\/p>\n<p>Depuis son \u00e9lection, le pr\u00e9sident fran\u00e7ais, qui ne cesse de\u00a0<a class=\"lien_interne conjug\" title=\"Conjugaison du verbe mettre\" href=\"http:\/\/conjugaison.lemonde.fr\/conjugaison\/troisieme-groupe\/mettre\/\" target=\"_blank\" rel=\"noopener\">mettre<\/a>\u00a0en avant sa volont\u00e9\u00a0<em>\u00ab\u00a0de\u00a0<a class=\"lien_interne conjug\" title=\"Conjugaison du verbe parler\" href=\"http:\/\/conjugaison.lemonde.fr\/conjugaison\/premier-groupe\/parler\/\" target=\"_blank\" rel=\"noopener\">parler<\/a>\u00a0\u00e0 tout\u00a0<a class=\"lien_interne rub\" title=\"Toute l\u2019actualit\u00e9 le monde\" href=\"http:\/\/www.lemonde.fr\/le-monde\/\">le monde<\/a>\u00a0\u00bb,\u00a0<\/em>cherche \u00e0\u00a0<a class=\"lien_interne conjug\" title=\"Conjugaison du verbe jouer\" href=\"http:\/\/conjugaison.lemonde.fr\/conjugaison\/premier-groupe\/jouer\/\" target=\"_blank\" rel=\"noopener\">jouer<\/a>\u00a0un r\u00f4le de m\u00e9diateur international. Un r\u00f4le que la\u00a0<a class=\"lien_interne rub\" title=\"Toute l\u2019actualit\u00e9 France\" href=\"http:\/\/www.lemonde.fr\/europeennes-france\/\">France<\/a>\u00a0a d\u00e9j\u00e0 jou\u00e9 dans le\u00a0<a class=\"lien_interne rub\" title=\"Toute l\u2019actualit\u00e9 monde\" href=\"http:\/\/www.lemonde.fr\/afrique-monde\/\">monde<\/a>\u00a0arabo-musulman, o\u00f9, contrairement aux Etats-Unis,<strong>\u00a0<\/strong>elle entretient des relations avec tous les acteurs de poids, y compris l\u2019<a class=\"lien_interne rub\" title=\"Toute l\u2019actualit\u00e9 Iran\" href=\"http:\/\/www.lemonde.fr\/iran\/\">Iran<\/a>\u00a0et le Hezbollah, le mouvement chiite libanais pro-T\u00e9h\u00e9ran.<\/p>\n<p>Les deux seules initiatives lanc\u00e9es jusque-l\u00e0 dans cette r\u00e9gion par le chef de l\u2019Etat n\u2019avaient gu\u00e8re \u00e9t\u00e9 couronn\u00e9es de succ\u00e8s\u00a0: l\u2019accord en dix points, fruit de sa rencontre, en juillet, avec les deux fr\u00e8res ennemis de la\u00a0<a class=\"lien_interne rub\" title=\"Toute l\u2019actualit\u00e9 Libye\" href=\"http:\/\/www.lemonde.fr\/libye\/\">Libye<\/a>, Fa\u00efez Sarraj, le chef du gouvernement \u00ab\u00a0d\u2019union nationale\u00a0\u00bb, et le mar\u00e9chal Khalifa Haftar, l\u2019homme fort de l\u2019Est, peine \u00e0 se concr\u00e9tiser\u00a0; et ses efforts pour\u00a0<a class=\"lien_interne conjug\" title=\"Conjugaison du verbe cr\u00e9er\" href=\"http:\/\/conjugaison.lemonde.fr\/conjugaison\/premier-groupe\/cr%C3%A9er\/\" target=\"_blank\" rel=\"noopener\">cr\u00e9er<\/a>\u00a0un groupe de contact sur la\u00a0<a class=\"lien_interne rub\" title=\"Toute l\u2019actualit\u00e9 Syrie\" href=\"http:\/\/www.lemonde.fr\/syrie\/\">Syrie<\/a>\u00a0sont mort-n\u00e9s.\u00a0<em>\u00ab\u00a0L\u2019arriv\u00e9e de Saad Hariri \u00e0 Paris marque le retour de la diplomatie fran\u00e7aise au Proche-Orient\u00a0\u00bb<\/em>, se f\u00e9licite Ali Mourad, professeur de droit public \u00e0 l\u2019Universit\u00e9 arabe de Beyrouth.<\/p>\n<p>Cette perc\u00e9e est aussi due \u00e0 la proximit\u00e9 du ministre des\u00a0<a class=\"lien_interne rub\" title=\"Toute l\u2019actualit\u00e9 affaires \u00e9trang\u00e8res\" href=\"http:\/\/www.lemonde.fr\/affaires-etrangeres\/\">affaires \u00e9trang\u00e8res<\/a>, Jean-Yves Le Drian, avec bon nombre de dirigeants de la r\u00e9gion, dont l\u2019homme fort des Emirats arabes unis, Mohammed Ben Zayed, surnomm\u00e9 \u00ab\u00a0MBZ\u00a0\u00bb, et son alter ego saoudien Mohammed Ben Salman, alias \u00ab\u00a0MBS\u00a0\u00bb. Des relations qu\u2019il a nou\u00e9es pendant ses cinq ann\u00e9es au minist\u00e8re de la\u00a0<a class=\"lien_interne rub\" title=\"Toute l\u2019actualit\u00e9 d\u00e9fense\" href=\"http:\/\/www.lemonde.fr\/defense\/\">d\u00e9fense<\/a>, sous la pr\u00e9sidence de\u00a0<a class=\"lien_interne rub\" title=\"Toute l\u2019actualit\u00e9 Fran\u00e7ois Hollande\" href=\"http:\/\/www.lemonde.fr\/francois-hollande\/\">Fran\u00e7ois Hollande<\/a>, au prix d\u2019une indiff\u00e9rence quasi compl\u00e8te aux m\u00e9thodes tr\u00e8s r\u00e9pressives que ces deux autocrates emploient en interne.<\/p>\n<p>D\u00e8s l\u2019annonce par Saad Hariri de sa d\u00e9mission surprise, le 4\u00a0novembre, depuis Riyad, les autorit\u00e9s fran\u00e7aises avaient exprim\u00e9 leur pr\u00e9occupation. Imput\u00e9 \u00e0 l\u2019Iran et au Hezbollah, accus\u00e9s de\u00a0<a class=\"lien_interne conjug\" title=\"Conjugaison du verbe semer\" href=\"http:\/\/conjugaison.lemonde.fr\/conjugaison\/premier-groupe\/semer\/\" target=\"_blank\" rel=\"noopener\">semer<\/a>\u00a0la destruction au Proche-Orient, ce geste attisait la tension entre les g\u00e9ants iranien et saoudien. Les inqui\u00e9tudes de l\u2019Elys\u00e9e \u00e9taient d\u2019autant plus grandes qu\u2019en d\u00e9pit des d\u00e9n\u00e9gations saoudiennes, Saad Hariri, quasiment injoignable, paraissait priv\u00e9 d\u2019une grande partie de sa libert\u00e9. Chantage \u00e0 l\u2019inculpation dans l\u2019op\u00e9ration anticorruption lanc\u00e9e au m\u00eame moment dans le royaume\u00a0? Pressions sur sa famille\u00a0? Les sp\u00e9culations sur ce qui avait pu\u00a0<a class=\"lien_interne conjug\" title=\"Conjugaison du verbe inciter\" href=\"http:\/\/conjugaison.lemonde.fr\/conjugaison\/premier-groupe\/inciter\/\" target=\"_blank\" rel=\"noopener\">inciter<\/a>\u00a0Saad Hariri \u00e0\u00a0<a class=\"lien_interne conjug\" title=\"Conjugaison du verbe jeter\" href=\"http:\/\/conjugaison.lemonde.fr\/conjugaison\/premier-groupe\/jeter\/\" target=\"_blank\" rel=\"noopener\">jeter<\/a>\u00a0l\u2019\u00e9ponge allaient bon train, tant \u00e0 Beyrouth que dans les capitales arabes et occidentales.<\/p>\n<p>Les efforts de l\u2019Elys\u00e9e pour\u00a0<a class=\"lien_interne conjug\" title=\"Conjugaison du verbe trouver\" href=\"http:\/\/conjugaison.lemonde.fr\/conjugaison\/premier-groupe\/trouver\/\" target=\"_blank\" rel=\"noopener\">trouver<\/a>\u00a0une solution ont commenc\u00e9 \u00e0\u00a0<a class=\"lien_interne conjug\" title=\"Conjugaison du verbe porter\" href=\"http:\/\/conjugaison.lemonde.fr\/conjugaison\/premier-groupe\/porter\/\" target=\"_blank\" rel=\"noopener\">porter<\/a>\u00a0leurs fruits, mercredi 8\u00a0novembre au soir, dans la capitale des Emirats arabes unis. Pendant son\u00a0<a class=\"lien_interne conjug\" title=\"Conjugaison du verbe d\u00eener\" href=\"http:\/\/conjugaison.lemonde.fr\/conjugaison\/premier-groupe\/d%C3%AEner\/\" target=\"_blank\" rel=\"noopener\">d\u00eener<\/a>\u00a0avec Emmanuel Macron, cons\u00e9cutif \u00e0 l\u2019inauguration du Louvre Abu Dhabi, MBZ a d\u00e9croch\u00e9 son t\u00e9l\u00e9phone et obtenu pour son h\u00f4te un rendez-<a class=\"lien_interne rub\" title=\"Toute l\u2019actualit\u00e9 vous\" href=\"http:\/\/www.lemonde.fr\/vous\/\">vous<\/a>\u00a0le lendemain avec MBS.\u00a0<em>\u00ab\u00a0Mohammed Ben Zayed a une vision tr\u00e8s fine de ce qui se passe en Arabie saoudite et sa proximit\u00e9 avec le prince h\u00e9ritier\u00a0<\/em>[saoudien]<em>\u00a0n\u2019est un secret pour personne\u00a0\u00bb,<\/em>\u00a0expliqua le lendemain le pr\u00e9sident fran\u00e7ais.<\/p>\n<p>Depuis plusieurs semaines d\u00e9j\u00e0, le cabinet de M. Macron s\u2019activait pour\u00a0<a class=\"lien_interne conjug\" title=\"Conjugaison du verbe organiser\" href=\"http:\/\/conjugaison.lemonde.fr\/conjugaison\/premier-groupe\/organiser\/\" target=\"_blank\" rel=\"noopener\">organiser<\/a>\u00a0une rencontre avec le tr\u00e8s puissant fils du roi Salman, \u00e2g\u00e9 de 32 ans. Dans l\u2019esprit du chef de l\u2019Etat, celle-ci devait\u00a0<a class=\"lien_interne conjug\" title=\"Conjugaison du verbe intervenir\" href=\"http:\/\/conjugaison.lemonde.fr\/conjugaison\/troisieme-groupe\/intervenir\/\" target=\"_blank\" rel=\"noopener\">intervenir<\/a>\u00a0avant le d\u00e9placement qu\u2019il souhaite\u00a0<a class=\"lien_interne conjug\" title=\"Conjugaison du verbe effectuer\" href=\"http:\/\/conjugaison.lemonde.fr\/conjugaison\/premier-groupe\/effectuer\/\" target=\"_blank\" rel=\"noopener\">effectuer<\/a>\u00a0\u00e0 T\u00e9h\u00e9ran, pour\u00a0<a class=\"lien_interne conjug\" title=\"Conjugaison du verbe tenter\" href=\"http:\/\/conjugaison.lemonde.fr\/conjugaison\/premier-groupe\/tenter\/\" target=\"_blank\" rel=\"noopener\">tenter<\/a>\u00a0de\u00a0<a class=\"lien_interne conjug\" title=\"Conjugaison du verbe sauver\" href=\"http:\/\/conjugaison.lemonde.fr\/conjugaison\/premier-groupe\/sauver\/\" target=\"_blank\" rel=\"noopener\">sauver<\/a>\u00a0l\u2019accord sur le\u00a0<a class=\"lien_interne rub\" title=\"Toute l\u2019actualit\u00e9 nucl\u00e9aire\" href=\"http:\/\/www.lemonde.fr\/nucleaire\/\">nucl\u00e9aire<\/a>\u00a0de juillet\u00a02015, menac\u00e9 par l\u2019administration Trump. Un\u00a0<a class=\"lien_interne rub\" title=\"Toute l\u2019actualit\u00e9 voyage\" href=\"http:\/\/www.lemonde.fr\/m-voyage\/\">voyage<\/a>\u00a0qui ne peut qu\u2019irriter Riyad, ravi des coups de boutoir du pr\u00e9sident am\u00e9ricain. Il \u00e9tait donc indispensable de\u00a0<a class=\"lien_interne conjug\" title=\"Conjugaison du verbe conforter\" href=\"http:\/\/conjugaison.lemonde.fr\/conjugaison\/premier-groupe\/conforter\/\" target=\"_blank\" rel=\"noopener\">conforter<\/a>\u00a0au pr\u00e9alable le lien strat\u00e9gique franco-saoudien.<\/p>\n<h2 class=\"intertitre\">\u00ab\u00a0Tentation h\u00e9g\u00e9monique\u00a0\u00bb de l\u2019Iran<\/h2>\n<p>L\u2019entretien de trois heures entre les deux trentenaires, \u00e0 l\u2019a\u00e9roport de Riyad, porta principalement sur le Liban et le sort de Saad Hariri. Quelques heures plus t\u00f4t, ce dernier avait re\u00e7u l\u2019ambassadeur de France, Fran\u00e7ois Gouyette, dans sa villa de Riyad. Dans les jours suivants, le pr\u00e9sident Macron eut deux autres conversations avec MBS, par t\u00e9l\u00e9phone. Lundi 13\u00a0novembre, au lendemain de l\u2019interview de M. Hariri \u00e0 la t\u00e9l\u00e9vision libanaise, au cours de laquelle il s\u2019\u00e9tait dit\u00a0<em>\u00ab\u00a0libre\u00a0\u00bb<\/em>\u00a0tout en faisant montre d\u2019une grande f\u00e9brilit\u00e9, la pr\u00e9sidence fran\u00e7aise \u00e9voqua un possible recours devant l\u2019ONU.<\/p>\n<p>Un message destin\u00e9 \u00e9videmment \u00e0\u00a0<a class=\"lien_interne conjug\" title=\"Conjugaison du verbe faire\" href=\"http:\/\/conjugaison.lemonde.fr\/conjugaison\/troisieme-groupe\/faire\/\" target=\"_blank\" rel=\"noopener\">faire<\/a>\u00a0pression sur Riyad.\u00a0<em>\u00ab\u00a0Au Conseil de s\u00e9curit\u00e9 des Nations unies, c\u2019est la France qui tient la plume lorsqu\u2019il s\u2019agit du Liban\u00a0\u00bb<\/em>, rappelle une source \u00e9lys\u00e9enne. Message re\u00e7u\u00a0: mercredi en fin d\u2019apr\u00e8s midi, depuis Bonn, Emmanuel Macron annon\u00e7ait\u00a0<a class=\"lien_interne conjug\" title=\"Conjugaison du verbe avoir\" href=\"http:\/\/conjugaison.lemonde.fr\/conjugaison\/auxiliaire\/avoir\/\" target=\"_blank\" rel=\"noopener\">avoir<\/a>\u00a0invit\u00e9 le premier ministre libanais \u00e0 Paris. Jeudi, lors d\u2019une rencontre avec MBS \u00e0 Riyad, Jean-Yves Le Drian peaufinait le compromis. En \u00e9change du geste saoudien, le ministre fran\u00e7ais des affaires \u00e9trang\u00e8res a renonc\u00e9, dans l\u2019imm\u00e9diat, \u00e0 la visite qu\u2019il devait effectuer \u00e0 T\u00e9h\u00e9ran la semaine prochaine pour\u00a0<a class=\"lien_interne conjug\" title=\"Conjugaison du verbe pr\u00e9parer\" href=\"http:\/\/conjugaison.lemonde.fr\/conjugaison\/premier-groupe\/pr%C3%A9parer\/\" target=\"_blank\" rel=\"noopener\">pr\u00e9parer<\/a>\u00a0celle du chef de l\u2019\u00c9tat.<\/p>\n<p>Lors de sa conf\u00e9rence de presse \u00e0 Riyad, le chef de la diplomatie fran\u00e7aise a hauss\u00e9 le ton contre T\u00e9h\u00e9ran, dont il a d\u00e9nonc\u00e9\u00a0<em>\u00ab\u00a0la tentation h\u00e9g\u00e9monique\u00a0\u00bb<\/em>. En r\u00e9action, le minist\u00e8re iranien des affaires \u00e9trang\u00e8res a d\u00e9nonc\u00e9\u00a0<em>\u00ab\u00a0le regard partial\u00a0\u00bb<\/em>\u00a0de la France, qui\u00a0<em>\u00ab\u00a0volontairement ou involontairement,\u00a0<a class=\"lien_interne rub\" title=\"Toute l\u2019actualit\u00e9 aide\" href=\"http:\/\/www.lemonde.fr\/services-aux-internautes\/\">aide<\/a>\u00a0\u00e0\u00a0<a class=\"lien_interne conjug\" title=\"Conjugaison du verbe transformer\" href=\"http:\/\/conjugaison.lemonde.fr\/conjugaison\/premier-groupe\/transformer\/\" target=\"_blank\" rel=\"noopener\">transformer<\/a>\u00a0des crises potentielles en crises r\u00e9elles\u00a0\u00bb<\/em>.<\/p>\n<p>Et apr\u00e8s\u00a0? Emmanuel Macron a insist\u00e9 sur le fait que M. Hariri n\u2019entame pas un exil \u00e0 Paris. Selon le chef de la diplomatie libanaise, Gebran Bassil, il pourrait\u00a0<a class=\"lien_interne conjug\" title=\"Conjugaison du verbe revenir\" href=\"http:\/\/conjugaison.lemonde.fr\/conjugaison\/troisieme-groupe\/revenir\/\" target=\"_blank\" rel=\"noopener\">revenir<\/a>\u00a0\u00e0 Beyrouth d\u00e8s vendredi prochain. Maintenant que sa libert\u00e9 est garantie, les responsables politiques locaux sont press\u00e9s de l\u2019entendre s\u2019exprimer sur sa d\u00e9mission, que le pr\u00e9sident Michel Aoun a refus\u00e9e jusque-l\u00e0.<\/p>\n<p>Samedi matin, la pr\u00e9sidence libanaise a annonc\u00e9 que M. Hariri sera de retour au Liban mercredi 22 novembre pour la f\u00eate de l\u2019ind\u00e9pendance.\u00a0<em>\u00ab\u00a0Le pr\u00e9sident<\/em>\u00a0[Michel]<em>\u00a0Aoun a re\u00e7u ce matin un appel t\u00e9l\u00e9phonique de M. Hariri l\u2019informant qu\u2019il se rendra au Liban pour\u00a0<a class=\"lien_interne conjug\" title=\"Conjugaison du verbe participer\" href=\"http:\/\/conjugaison.lemonde.fr\/conjugaison\/premier-groupe\/participer\/\" target=\"_blank\" rel=\"noopener\">participer<\/a>\u00a0\u00e0 la c\u00e9l\u00e9bration de la F\u00eate de l\u2019ind\u00e9pendance \u00bb,\u00a0<\/em>a fait\u00a0<a class=\"lien_interne conjug\" title=\"Conjugaison du verbe savoir\" href=\"http:\/\/conjugaison.lemonde.fr\/conjugaison\/troisieme-groupe\/savoir\/\" target=\"_blank\" rel=\"noopener\">savoir<\/a>\u00a0la pr\u00e9sidence, pr\u00e9cisant \u00e9galement que M. Hariri participerait\u00a0<em>\u00ab\u00a0notamment au d\u00e9fil\u00e9 militaire\u00a0\u00bb<\/em>\u00a0traditionnel.<\/p>\n<p>Comme il l\u2019a esquiss\u00e9 dans son interview du 12\u00a0novembre, M.\u00a0Hariri pourrait revenir sur son retrait du\u00a0<a class=\"lien_interne conjug\" title=\"Conjugaison du verbe pouvoir\" href=\"http:\/\/conjugaison.lemonde.fr\/conjugaison\/troisieme-groupe\/pouvoir\/\" target=\"_blank\" rel=\"noopener\">pouvoir<\/a>\u00a0mais\u00a0<a class=\"lien_interne conjug\" title=\"Conjugaison du verbe exiger\" href=\"http:\/\/conjugaison.lemonde.fr\/conjugaison\/premier-groupe\/exiger\/\" target=\"_blank\" rel=\"noopener\">exiger<\/a>\u00a0en retour un geste du Hezbollah, son encombrant partenaire de gouvernement. Il pourrait \u00e9galement\u00a0<a class=\"lien_interne conjug\" title=\"Conjugaison du verbe confirmer\" href=\"http:\/\/conjugaison.lemonde.fr\/conjugaison\/premier-groupe\/confirmer\/\" target=\"_blank\" rel=\"noopener\">confirmer<\/a>\u00a0sa d\u00e9mission, en r\u00e9it\u00e9rant le discours anti-iranien qu\u2019il avait initialement tenu, et s\u2019\u00e9clipser, pour un temps au moins, de la sc\u00e8ne\u00a0<a class=\"lien_interne rub\" title=\"Toute l\u2019actualit\u00e9 politique\" href=\"http:\/\/www.lemonde.fr\/afrique-politique\/\">politique<\/a>libanaise. Dans les deux cas, les questions de fond, \u00e9clips\u00e9es par les manigances saoudiennes, risquent de revenir sur le devant de la sc\u00e8ne. Et de\u00a0<a class=\"lien_interne conjug\" title=\"Conjugaison du verbe ranimer\" href=\"http:\/\/conjugaison.lemonde.fr\/conjugaison\/premier-groupe\/ranimer\/\" target=\"_blank\" rel=\"noopener\">ranimer<\/a>\u00a0la discorde entre partis libanais, mise en sourdine depuis deux semaines.<\/p>\n<\/div>\n<p><a href=\"http:\/\/www.lemonde.fr\/proche-orient\/article\/2017\/11\/18\/paris-sauve-la-face-de-l-arabie-saoudite-en-exfiltrant-saad-hariri_5216842_3218.html#9TMX5xxEoubpe0lb.99\"><strong>LE MONDE\u00a0 \u00a0<\/strong><\/a><\/p>\n","protected":false},"excerpt":{"rendered":"<p>La pr\u00e9sidence libanaise a annonc\u00e9 que le premier ministre d\u00e9missionnaire, arriv\u00e9 samedi \u00e0 Paris, sera de retour au Liban mercredi prochain pour la f\u00eate de l\u2019ind\u00e9pendance. \u00a0Par\u00a0Marc Semo\u00a0et\u00a0Benjamin Barthe\u00a0(Beyrouth, correspondant) L\u2019acte I du feuilleton Hariri est termin\u00e9. Le premier ministre d\u00e9missionnaire libanais Saad Hariri et sa\u00a0famille\u00a0sont arriv\u00e9s samedi matin 18\u00a0novembre \u00e0\u00a0Paris, en provenance de Riyad,<\/p>\n","protected":false},"author":134,"featured_media":27598,"comment_status":"open","ping_status":"open","sticky":false,"template":"","format":"standard","meta":{"_uf_show_specific_survey":0,"_uf_disable_surveys":false,"footnotes":""},"categories":[37],"tags":[],"class_list":{"0":"post-27596","1":"post","2":"type-post","3":"status-publish","4":"format-standard","5":"has-post-thumbnail","7":"category-alaune-fr"},"aioseo_notices":[],"_links":{"self":[{"href":"https:\/\/middleeasttransparent.com\/fr\/wp-json\/wp\/v2\/posts\/27596","targetHints":{"allow":["GET"]}}],"collection":[{"href":"https:\/\/middleeasttransparent.com\/fr\/wp-json\/wp\/v2\/posts"}],"about":[{"href":"https:\/\/middleeasttransparent.com\/fr\/wp-json\/wp\/v2\/types\/post"}],"author":[{"embeddable":true,"href":"https:\/\/middleeasttransparent.com\/fr\/wp-json\/wp\/v2\/users\/134"}],"replies":[{"embeddable":true,"href":"https:\/\/middleeasttransparent.com\/fr\/wp-json\/wp\/v2\/comments?post=27596"}],"version-history":[{"count":0,"href":"https:\/\/middleeasttransparent.com\/fr\/wp-json\/wp\/v2\/posts\/27596\/revisions"}],"wp:featuredmedia":[{"embeddable":true,"href":"https:\/\/middleeasttransparent.com\/fr\/wp-json\/wp\/v2\/media\/27598"}],"wp:attachment":[{"href":"https:\/\/middleeasttransparent.com\/fr\/wp-json\/wp\/v2\/media?parent=27596"}],"wp:term":[{"taxonomy":"category","embeddable":true,"href":"https:\/\/middleeasttransparent.com\/fr\/wp-json\/wp\/v2\/categories?post=27596"},{"taxonomy":"post_tag","embeddable":true,"href":"https:\/\/middleeasttransparent.com\/fr\/wp-json\/wp\/v2\/tags?post=27596"}],"curies":[{"name":"wp","href":"https:\/\/api.w.org\/{rel}","templated":true}]}}