{"id":27564,"date":"2017-11-18T21:00:20","date_gmt":"2017-11-18T20:00:20","guid":{"rendered":"http:\/\/middleeasttransparent.com\/?p=27564"},"modified":"2024-09-28T16:27:40","modified_gmt":"2024-09-28T15:27:40","slug":"prieres-de-rue-a-clichy-comprendre-conflit-entre-mairie-associations-musulmanes","status":"publish","type":"post","link":"https:\/\/middleeasttransparent.com\/fr\/prieres-de-rue-a-clichy-comprendre-conflit-entre-mairie-associations-musulmanes\/","title":{"rendered":"Pri\u00e8res de rue \u00e0 Clichy\u00a0: comprendre le conflit entre la mairie et les associations musulmanes"},"content":{"rendered":"<article class=\"article article_normal\" data-gtm=\"article\">\n<h3 class=\"txt3 description-article\">Des pri\u00e8res de rues sont organis\u00e9es dans la commune depuis l\u2019expulsion, en mars, des fid\u00e8les musulmans du local qu\u2019ils occupaient.<\/h3>\n<p>&nbsp;<\/p>\n<p class=\"bloc_signature\"><span style=\"color: #3366ff;\"><strong><span class=\"signature_article\">Par\u00a0<span class=\"auteur txt2_120\">El\u00e9a Pommiers<\/span><\/span><\/strong><\/span><\/p>\n<div class=\"toolbar\" data-gtm=\"toolbar1\">\n<div class=\"conteneur_barre_outils\">\n<div class=\"barre_outils\"><strong>Au lendemain de l\u2019intervention du ministre de l\u2019int\u00e9rieur, G\u00e9rard Collomb, qui a d\u00e9clar\u00e9 qu\u2019<em>\u00ab\u00a0il ne\u00a0<\/em>[pouvait]<em>\u00a0y\u00a0<a class=\"lien_interne conjug\" title=\"Conjugaison du verbe avoir\" href=\"http:\/\/conjugaison.lemonde.fr\/conjugaison\/auxiliaire\/avoir\/\" target=\"_blank\" rel=\"noopener\">avoir<\/a>\u00a0de pri\u00e8res de rue\u00a0\u00bb<\/em>\u00a0\u00e0 Clichy-la-Garenne, mais que les musulmans de cette ville devaient\u00a0<em>\u00ab\u00a0avoir un lieu de culte d\u00e9cent\u00a0\u00bb,\u00a0<\/em>la pr\u00e9fecture des Hauts-de-Seine a r\u00e9uni, jeudi\u00a016\u00a0novembre, des repr\u00e9sentants de la ville et des repr\u00e9sentants de l\u2019Union des associations musulmanes de Clichy (UAMC).<\/strong><\/div>\n<\/div>\n<\/div>\n<div id=\"articleBody\" class=\"contenu_article js_article_body\">\n<p>Objectif\u00a0:\u00a0<a class=\"lien_interne conjug\" title=\"Conjugaison du verbe essayer\" href=\"http:\/\/conjugaison.lemonde.fr\/conjugaison\/premier-groupe\/essayer\/\" target=\"_blank\" rel=\"noopener\">essayer<\/a>\u00a0de\u00a0<a class=\"lien_interne conjug\" title=\"Conjugaison du verbe mettre\" href=\"http:\/\/conjugaison.lemonde.fr\/conjugaison\/troisieme-groupe\/mettre\/\" target=\"_blank\" rel=\"noopener\">mettre<\/a>\u00a0un terme au conflit qui oppose depuis des mois l\u2019UAMC, qui appelle les fid\u00e8les \u00e0 des pri\u00e8res de rue pour\u00a0<a class=\"lien_interne conjug\" title=\"Conjugaison du verbe r\u00e9clamer\" href=\"http:\/\/conjugaison.lemonde.fr\/conjugaison\/premier-groupe\/r%C3%A9clamer\/\" target=\"_blank\" rel=\"noopener\">r\u00e9clamer<\/a>\u00a0l\u2019ouverture d\u2019un nouveau lieu de culte, et la mairie, qui souligne l\u2019existence d\u2019une mosqu\u00e9e dans la commune. Ce conflit a pris une dimension nouvelle apr\u00e8s la manifestation, tr\u00e8s m\u00e9diatis\u00e9e, d\u2019une centaine d\u2019\u00e9lus contre les pri\u00e8res de rue, vendredi\u00a010\u00a0novembre.<\/p>\n<div id=\"dfp-inread\" class=\"dfp_slot\" data-format=\"inread\" data-google-query-id=\"CMvckpTqyNcCFXcS0wodt7wN5g\"><img fetchpriority=\"high\" decoding=\"async\" class=\"size-full wp-image-27568 aligncenter\" src=\"http:\/\/middleeasttransparent.com\/wp-content\/uploads\/2017\/11\/soutane.jpeg.png\" alt=\"\" width=\"500\" height=\"630\" \/><\/div>\n<ul>\n<li>\n<h2 class=\"intertitre\">Quelle est l\u2019origine du diff\u00e9rend\u00a0?<\/h2>\n<\/li>\n<\/ul>\n<p>Le conflit a d\u00e9but\u00e9 avec la fermeture d\u2019une salle de pri\u00e8re de la rue Estienne-d\u2019Orves, o\u00f9 se r\u00e9unissaient quotidiennement\u00a0<em>\u00ab\u00a0entre 3\u00a0000\u00a0et\u00a05\u00a0000\u00a0fid\u00e8les\u00a0\u00bb<\/em>, selon l\u2019UAMC. Cette derni\u00e8re louait les locaux \u00e0 la mairie depuis 2013, quand le pr\u00e9c\u00e9dent maire, le socialiste Gilles\u00a0Catoire, les avait transform\u00e9s en lieu cultuel.<\/p>\n<p>Mais le bail pr\u00e9caire\u00a0sign\u00e9 avec la municipalit\u00e9 expirait en\u00a0juillet\u00a02016 et R\u00e9mi Muzeau, le maire\u00a0<a class=\"lien_interne rub\" title=\"Toute l\u2019actualit\u00e9 Les R\u00e9publicains\" href=\"http:\/\/www.lemonde.fr\/les-republicains\/\">Les R\u00e9publicains<\/a>\u00a0(LR), \u00e9lu en\u00a02015, a d\u00e9cid\u00e9 de\u00a0<a class=\"lien_interne conjug\" title=\"Conjugaison du verbe r\u00e9cup\u00e9rer\" href=\"http:\/\/conjugaison.lemonde.fr\/conjugaison\/premier-groupe\/r%C3%A9cup%C3%A9rer\/\" target=\"_blank\" rel=\"noopener\">r\u00e9cup\u00e9rer<\/a>\u00a0le local pour en\u00a0<a class=\"lien_interne conjug\" title=\"Conjugaison du verbe faire\" href=\"http:\/\/conjugaison.lemonde.fr\/conjugaison\/troisieme-groupe\/faire\/\" target=\"_blank\" rel=\"noopener\">faire<\/a>\u00a0une m\u00e9diath\u00e8que.<\/p>\n<p>L\u2019UAMC, qui souhaitait\u00a0<a class=\"lien_interne conjug\" title=\"Conjugaison du verbe racheter\" href=\"http:\/\/conjugaison.lemonde.fr\/conjugaison\/premier-groupe\/racheter\/\" target=\"_blank\" rel=\"noopener\">racheter<\/a>\u00a0le local, a refus\u00e9 de\u00a0<a class=\"lien_interne conjug\" title=\"Conjugaison du verbe quitter\" href=\"http:\/\/conjugaison.lemonde.fr\/conjugaison\/premier-groupe\/quitter\/\" target=\"_blank\" rel=\"noopener\">quitter<\/a>\u00a0les\u00a0<a class=\"lien_interne rub\" title=\"Toute l\u2019actualit\u00e9 lieux\" href=\"http:\/\/www.lemonde.fr\/m-beaute-le-lieu\/\">lieux<\/a>, malgr\u00e9 une d\u00e9cision d\u2019expulsion du tribunal administratif de Cergy-Pontoise d\u2019ao\u00fbt\u00a02016, confirm\u00e9e par le Conseil d\u2019Etat en\u00a0novembre\u00a02016.<\/p>\n<p>La pr\u00e9fecture a ordonn\u00e9 \u00e0 la\u00a0<a class=\"lien_interne rub\" title=\"Toute l\u2019actualit\u00e9 police\" href=\"http:\/\/www.lemonde.fr\/police\/\">police<\/a>\u00a0de\u00a0<a class=\"lien_interne conjug\" title=\"Conjugaison du verbe d\u00e9loger\" href=\"http:\/\/conjugaison.lemonde.fr\/conjugaison\/premier-groupe\/d%C3%A9loger\/\" target=\"_blank\" rel=\"noopener\">d\u00e9loger<\/a>\u00a0l\u2019association le\u00a021\u00a0mars. Depuis, l\u2019UAMC appelle \u00e0 des pri\u00e8res de rue, tous les vendredis, devant la mairie de Clichy-la-Garenne, dans une rue importante de la commune.<\/p>\n<p>Apr\u00e8s plusieurs mois, le conflit juridique a pris une tournure\u00a0<a class=\"lien_interne rub\" title=\"Toute l\u2019actualit\u00e9 politique\" href=\"http:\/\/www.lemonde.fr\/politique\/\">politique<\/a>. Une centaine d\u2019\u00e9lus, maires, parlementaires, conseillers municipaux, d\u00e9partementaux et r\u00e9gionaux LR, Union des d\u00e9mocrates et ind\u00e9pendants (<a class=\"lien_interne rub\" title=\"Toute l\u2019actualit\u00e9 UDI\" href=\"http:\/\/www.lemonde.fr\/udi\/\">UDI<\/a>),\u00a0<a class=\"lien_interne rub\" title=\"Toute l\u2019actualit\u00e9 MoDem\" href=\"http:\/\/www.lemonde.fr\/modem\/\">MoDem<\/a>\u00a0et\u00a0<a class=\"lien_interne rub\" title=\"Toute l\u2019actualit\u00e9 Front national\" href=\"http:\/\/www.lemonde.fr\/front-national\/\">Front national<\/a>\u00a0(FN),\u00a0<a href=\"http:\/\/www.leparisien.fr\/clichy-92110\/prieres-de-rue-a-clichy-le-maire-en-appelle-au-ministre-de-l-interieur-12-11-2017-7388562.php\">se sont rassembl\u00e9s vendredi \u00e0 Clichy derri\u00e8re la banderole<\/a>\u00a0:\u00a0<em>\u00ab\u00a0Stop aux pri\u00e8res de rue ill\u00e9gales\u00a0\u00bb.<\/em><\/p>\n<p>Des<em>\u00a0<\/em>habitants se sont \u00e9galement joints \u00e0 la manifestation, ainsi que quelques membres du mouvement Forces la\u00efques, qui scandaient\u00a0:\u00a0<em>\u00ab\u00a0Aucun culte, la\u00a0<a class=\"lien_interne rub\" title=\"Toute l\u2019actualit\u00e9 France\" href=\"http:\/\/www.lemonde.fr\/europeennes-france\/\">France<\/a>\u00a0est la\u00efque\u00a0!\u00a0\u00bb<\/em><\/p>\n<ul>\n<li>\n<h2 class=\"intertitre\">La mairie doit-elle mettre un lieu \u00e0 disposition\u00a0?<\/h2>\n<\/li>\n<\/ul>\n<p>Le droit n\u2019oblige en rien une collectivit\u00e9 \u00e0\u00a0<a class=\"lien_interne conjug\" title=\"Conjugaison du verbe fournir\" href=\"http:\/\/conjugaison.lemonde.fr\/conjugaison\/deuxieme-groupe\/fournir\/\" target=\"_blank\" rel=\"noopener\">fournir<\/a>, de mani\u00e8re permanente, un lieu \u00e0 une association cultuelle pour qu\u2019elle puisse\u00a0<a class=\"lien_interne conjug\" title=\"Conjugaison du verbe pratiquer\" href=\"http:\/\/conjugaison.lemonde.fr\/conjugaison\/premier-groupe\/pratiquer\/\" target=\"_blank\" rel=\"noopener\">pratiquer<\/a>\u00a0sa religion.\u00a0<a href=\"http:\/\/www.vie-publique.fr\/politiques-publiques\/etat-cultes-laicite\/liberte-religieuse\/\">L\u2019article\u00a01 de la loi de\u00a01905\u00a0<\/a>stipule que\u00a0<em>\u00ab\u00a0la R\u00e9publique garantit le libre exercice des cultes\u00a0\u00bb<\/em>, mais cela ne signifie pas que l\u2019Etat a le\u00a0<a class=\"lien_interne conjug\" title=\"Conjugaison du verbe devoir\" href=\"http:\/\/conjugaison.lemonde.fr\/conjugaison\/troisieme-groupe\/devoir\/\" target=\"_blank\" rel=\"noopener\">devoir<\/a>\u00a0de fournir des lieux de pri\u00e8re aux associations cultuelles. Cet acte rel\u00e8ve souvent d\u2019une volont\u00e9\u00a0<a class=\"lien_interne rub\" title=\"Toute l\u2019actualit\u00e9 politique\" href=\"http:\/\/www.lemonde.fr\/afrique-politique\/\">politique<\/a>.<\/p>\n<p>En effet, tous les droits ne sont pas garantis par la puissance publique de la m\u00eame mani\u00e8re. Elle doit\u00a0<a class=\"lien_interne conjug\" title=\"Conjugaison du verbe intervenir\" href=\"http:\/\/conjugaison.lemonde.fr\/conjugaison\/troisieme-groupe\/intervenir\/\" target=\"_blank\" rel=\"noopener\">intervenir<\/a>\u00a0pour en\u00a0<a class=\"lien_interne conjug\" title=\"Conjugaison du verbe assurer\" href=\"http:\/\/conjugaison.lemonde.fr\/conjugaison\/premier-groupe\/assurer\/\" target=\"_blank\" rel=\"noopener\">assurer<\/a>\u00a0certains (le droit \u00e0 l\u2019\u00e9ducation, par exemple, en\u00a0construisant des \u00e9coles et en payant des professeurs), mais elle doit simplement\u00a0<a class=\"lien_interne conjug\" title=\"Conjugaison du verbe veiller\" href=\"http:\/\/conjugaison.lemonde.fr\/conjugaison\/premier-groupe\/veiller\/\" target=\"_blank\" rel=\"noopener\">veiller<\/a>\u00a0\u00e0\u00a0ce que d\u2019autres ne soient pas entrav\u00e9s (la libert\u00e9 d\u2019aller et\u00a0<a class=\"lien_interne conjug\" title=\"Conjugaison du verbe venir\" href=\"http:\/\/conjugaison.lemonde.fr\/conjugaison\/troisieme-groupe\/venir\/\" target=\"_blank\" rel=\"noopener\">venir<\/a>, ou la libert\u00e9 d\u2019expression, par exemple).<\/p>\n<p>Au nom de la la\u00efcit\u00e9 et au regard de l\u2019interpr\u00e9tation qui est aujourd\u2019hui faite de la loi, le droit au libre exercice des cultes appartient \u00e0 la deuxi\u00e8me cat\u00e9gorie. L\u2019Etat doit veiller \u00e0 ne pas\u00a0<a class=\"lien_interne conjug\" title=\"Conjugaison du verbe r\u00e9primer\" href=\"http:\/\/conjugaison.lemonde.fr\/conjugaison\/premier-groupe\/r%C3%A9primer\/\" target=\"_blank\" rel=\"noopener\">r\u00e9primer<\/a>\u00a0ce droit, mais il n\u2019a pas l\u2019obligation d\u2019interf\u00e9rer \u2013\u00a0ici, de fournir un lieu pour l\u2019exercice du culte\u00a0\u2013 pour lui\u00a0<a class=\"lien_interne conjug\" title=\"Conjugaison du verbe permettre\" href=\"http:\/\/conjugaison.lemonde.fr\/conjugaison\/troisieme-groupe\/permettre\/\" target=\"_blank\" rel=\"noopener\">permettre<\/a>\u00a0d\u2019\u00eatre effectif. L\u2019association doit\u00a0<a class=\"lien_interne conjug\" title=\"Conjugaison du verbe acheter\" href=\"http:\/\/conjugaison.lemonde.fr\/conjugaison\/premier-groupe\/acheter\/\" target=\"_blank\" rel=\"noopener\">acheter<\/a>\u00a0ou\u00a0<a class=\"lien_interne conjug\" title=\"Conjugaison du verbe louer\" href=\"http:\/\/conjugaison.lemonde.fr\/conjugaison\/premier-groupe\/louer\/\" target=\"_blank\" rel=\"noopener\">louer<\/a>\u00a0un local, en\u00a0fonction des disponibilit\u00e9s.<\/p>\n<p>Cependant, en vertu\u00a0<a href=\"http:\/\/www.conseil-etat.fr\/Decisions-Avis-Publications\/Decisions\/Selection-des-decisions-faisant-l-objet-d-une-communication-particuliere\/Ordonnance-du-23-septembre-2015-association-des-musulmans-de-Mantes-sud\">d\u2019une d\u00e9cision du Conseil d\u2019Etat de\u00a02015<\/a>, la\u00a0<a class=\"lien_interne rub\" title=\"Toute l\u2019actualit\u00e9 justice\" href=\"http:\/\/www.lemonde.fr\/justice\/\">justice<\/a>\u00a0peut\u00a0<a class=\"lien_interne conjug\" title=\"Conjugaison du verbe obliger\" href=\"http:\/\/conjugaison.lemonde.fr\/conjugaison\/premier-groupe\/obliger\/\" target=\"_blank\" rel=\"noopener\">obliger<\/a>\u00a0un maire \u00e0 fournir un local \u00e0 une association cultuelle pour un \u00e9v\u00e9nement ponctuel, s\u2019il en existe un de disponible. Dans tous les cas, cette mise \u00e0 disposition ne peut\u00a0<a class=\"lien_interne conjug\" title=\"Conjugaison du verbe \u00eatre\" href=\"http:\/\/conjugaison.lemonde.fr\/conjugaison\/auxiliaire\/%C3%AAtre\/\" target=\"_blank\" rel=\"noopener\">\u00eatre<\/a>\u00a0gratuite, car elle reviendrait \u00e0\u00a0<a class=\"lien_interne conjug\" title=\"Conjugaison du verbe subventionner\" href=\"http:\/\/conjugaison.lemonde.fr\/conjugaison\/premier-groupe\/subventionner\/\" target=\"_blank\" rel=\"noopener\">subventionner<\/a>\u00a0un culte\u00a0; ce qui est interdit par la loi de s\u00e9paration des Eglises et de l\u2019Etat.<\/p>\n<ul>\n<li>\n<h2 class=\"intertitre\">Les pri\u00e8res de rue sont-elles ill\u00e9gales\u00a0?<\/h2>\n<\/li>\n<\/ul>\n<p>Rien, dans la loi, n\u2019interdit \u00e0 des croyants de\u00a0<a class=\"lien_interne conjug\" title=\"Conjugaison du verbe prier\" href=\"http:\/\/conjugaison.lemonde.fr\/conjugaison\/premier-groupe\/prier\/\" target=\"_blank\" rel=\"noopener\">prier<\/a>\u00a0dans la rue. La\u00a0<a href=\"https:\/\/www.legifrance.gouv.fr\/Droit-francais\/Constitution\/Declaration-des-Droits-de-l-Homme-et-du-Citoyen-de-1789\">D\u00e9claration des droits de l\u2019homme et du citoyen<\/a>\u00a0dispose que\u00a0<em>\u00ab\u00a0nul ne doit \u00eatre inqui\u00e9t\u00e9 pour ses opinions, m\u00eame religieuses, pourvu que leur manifestation ne trouble pas l\u2019ordre public \u00e9tabli par la loi\u00a0\u00bb.<\/em><\/p>\n<p>La pr\u00e9fecture des Hauts-de-Seine a d\u2019ailleurs pr\u00e9cis\u00e9 que l\u2019interdiction r\u00e9clam\u00e9e par le maire de la ville se devait d\u2019\u00eatre\u00a0<em>\u00ab\u00a0strictement n\u00e9cessaire au maintien de l\u2019ordre public\u00a0\u00bb<\/em>.\u00a0<em>\u00ab\u00a0Il ne suffit pas qu\u2019il existe<\/em>\u00a0(\u2026)\u00a0<em>une menace de trouble \u00e0 l\u2019ordre public susceptible de\u00a0<a class=\"lien_interne conjug\" title=\"Conjugaison du verbe justifier\" href=\"http:\/\/conjugaison.lemonde.fr\/conjugaison\/premier-groupe\/justifier\/\" target=\"_blank\" rel=\"noopener\">justifier<\/a>\u00a0la mesure de police, il faut que cette mesure soit appropri\u00e9e, par sa nature et sa gravit\u00e9, \u00e0 l\u2019importance de la menace\u00a0\u00bb<\/em>, a-t-elle expliqu\u00e9.<\/p>\n<ul>\n<li>\n<h2 class=\"intertitre\">Quelles sont les solutions propos\u00e9es\u00a0?<\/h2>\n<\/li>\n<\/ul>\n<p>Le maire de la ville a inaugur\u00e9, en\u00a0mai\u00a02016, un centre cultuel et culturel rue des Trois-Pavillons, \u00e0 1,5\u00a0kilom\u00e8tre du\u00a0<a class=\"lien_interne rub\" title=\"Toute l\u2019actualit\u00e9 centre\" href=\"http:\/\/www.lemonde.fr\/centre\/\">centre<\/a>-ville de Clichy, vers lequel elle renvoie les fid\u00e8les.<\/p>\n<p><img decoding=\"async\" class=\"lazy-retina aligncenter\" title=\"OILIVIER LABAN-MATTEI \/ MYOP \/ POUR LE MONDE\" src=\"http:\/\/img.lemde.fr\/2017\/11\/18\/0\/0\/4807\/3605\/1068\/0\/60\/0\/825e9ce_699-obhn5c.szpeewmi.jpg\" alt=\"Pr\u00e9paration \u00e0 la pri\u00e8re dans le centre cultuel et culturel musulman de Clichy-la-Garenne (Hauts-de-Seine), le 17 novembre 2017.\" width=\"534\" data-lazyload=\"false\" data-no-hd-src=\"http:\/\/img.lemde.fr\/2017\/11\/18\/0\/0\/4807\/3605\/534\/0\/60\/0\/825e9ce_699-obhn5c.szpeewmi.jpg\" data-hd-src=\"http:\/\/img.lemde.fr\/2017\/11\/18\/0\/0\/4807\/3605\/1068\/0\/60\/0\/825e9ce_699-obhn5c.szpeewmi.jpg\" \/><\/p>\n<p>&nbsp;<\/p>\n<p>Ce lieu de 2\u00a0000\u00a0m\u00e8tres carr\u00e9s, mis \u00e0 disposition sous la forme d\u2019un bail de\u00a099\u00a0ans, comporte notamment deux salles de pri\u00e8re qui peuvent chacune\u00a0<a class=\"lien_interne conjug\" title=\"Conjugaison du verbe accueillir\" href=\"http:\/\/conjugaison.lemonde.fr\/conjugaison\/troisieme-groupe\/accueillir\/\" target=\"_blank\" rel=\"noopener\">accueillir<\/a>\u00a0700\u00a0personnes,\u00a0<a href=\"http:\/\/www.leparisien.fr\/clichy-92110\/clichy-la-mosquee-des-trois-pavillons-est-ouverte-a-tous-selon-son-directeur-06-04-2017-6831720.php\">selon une d\u00e9claration de Mohamed Bechari<\/a>, qui dirige les associations de musulmans de la rue des Trois-Pavillons, au<em>\u00a0Parisien<\/em>.<\/p>\n<p>La mairie argue \u00e9galement qu\u2019elle a propos\u00e9 l\u2019installation d\u2019une salle de pri\u00e8re compl\u00e9mentaire sur un terrain municipal,\u00a0<em>\u00ab\u00a0sans\u00a0<a class=\"lien_interne conjug\" title=\"Conjugaison du verbe recevoir\" href=\"http:\/\/conjugaison.lemonde.fr\/conjugaison\/troisieme-groupe\/recevoir\/\" target=\"_blank\" rel=\"noopener\">recevoir<\/a>\u00a0aucune r\u00e9ponse\u00a0\u00bb<\/em>\u00a0de l\u2019UAMC.<\/p>\n<p>De son c\u00f4t\u00e9, l\u2019association estime que la mosqu\u00e9e est trop \u00e9loign\u00e9e du centre-ville et trop exigu\u00eb, tout comme le deuxi\u00e8me terrain propos\u00e9 par la mairie. Elle accuse la municipalit\u00e9 de ne pas lui\u00a0<a class=\"lien_interne conjug\" title=\"Conjugaison du verbe proposer\" href=\"http:\/\/conjugaison.lemonde.fr\/conjugaison\/premier-groupe\/proposer\/\" target=\"_blank\" rel=\"noopener\">proposer<\/a>\u00a0un\u00a0<em>\u00ab\u00a0terrain adapt\u00e9 avec option d\u2019achat\u00a0\u00bb\u00a0<\/em>pour\u00a0<a class=\"lien_interne conjug\" title=\"Conjugaison du verbe pouvoir\" href=\"http:\/\/conjugaison.lemonde.fr\/conjugaison\/troisieme-groupe\/pouvoir\/\" target=\"_blank\" rel=\"noopener\">pouvoir<\/a>\u00a0<a class=\"lien_interne conjug\" title=\"Conjugaison du verbe \u00e9tablir\" href=\"http:\/\/conjugaison.lemonde.fr\/conjugaison\/deuxieme-groupe\/%C3%A9tablir\/\" target=\"_blank\" rel=\"noopener\">\u00e9tablir<\/a>\u00a0durablement un lieu de culte dans le centre de Clichy.<\/p>\n<\/div>\n<div class=\"mgb16\"><\/div>\n<\/article>\n<div class=\"toolbar\" data-gtm=\"toolbar2\"><a href=\"http:\/\/www.lemonde.fr\/religions\/article\/2017\/11\/16\/prieres-de-rue-a-clichy-comprendre-le-conflit-entre-la-mairie-et-les-associations-musulmanes_5215991_1653130.html#jRlDqIRCdea7QL6W.99\"><strong>\u00a0LE MONDE<\/strong><\/a><\/div>\n","protected":false},"excerpt":{"rendered":"<p>Des pri\u00e8res de rues sont organis\u00e9es dans la commune depuis l\u2019expulsion, en mars, des fid\u00e8les musulmans du local qu\u2019ils occupaient. &nbsp; Par\u00a0El\u00e9a Pommiers Au lendemain de l\u2019intervention du ministre de l\u2019int\u00e9rieur, G\u00e9rard Collomb, qui a d\u00e9clar\u00e9 qu\u2019\u00ab\u00a0il ne\u00a0[pouvait]\u00a0y\u00a0avoir\u00a0de pri\u00e8res de rue\u00a0\u00bb\u00a0\u00e0 Clichy-la-Garenne, mais que les musulmans de cette ville devaient\u00a0\u00ab\u00a0avoir un lieu de culte d\u00e9cent\u00a0\u00bb,\u00a0la<\/p>\n","protected":false},"author":134,"featured_media":27567,"comment_status":"open","ping_status":"open","sticky":false,"template":"","format":"standard","meta":{"_uf_show_specific_survey":0,"_uf_disable_surveys":false,"footnotes":""},"categories":[25],"tags":[],"class_list":{"0":"post-27564","1":"post","2":"type-post","3":"status-publish","4":"format-standard","5":"has-post-thumbnail","7":"category-decryptages"},"aioseo_notices":[],"_links":{"self":[{"href":"https:\/\/middleeasttransparent.com\/fr\/wp-json\/wp\/v2\/posts\/27564","targetHints":{"allow":["GET"]}}],"collection":[{"href":"https:\/\/middleeasttransparent.com\/fr\/wp-json\/wp\/v2\/posts"}],"about":[{"href":"https:\/\/middleeasttransparent.com\/fr\/wp-json\/wp\/v2\/types\/post"}],"author":[{"embeddable":true,"href":"https:\/\/middleeasttransparent.com\/fr\/wp-json\/wp\/v2\/users\/134"}],"replies":[{"embeddable":true,"href":"https:\/\/middleeasttransparent.com\/fr\/wp-json\/wp\/v2\/comments?post=27564"}],"version-history":[{"count":0,"href":"https:\/\/middleeasttransparent.com\/fr\/wp-json\/wp\/v2\/posts\/27564\/revisions"}],"wp:featuredmedia":[{"embeddable":true,"href":"https:\/\/middleeasttransparent.com\/fr\/wp-json\/wp\/v2\/media\/27567"}],"wp:attachment":[{"href":"https:\/\/middleeasttransparent.com\/fr\/wp-json\/wp\/v2\/media?parent=27564"}],"wp:term":[{"taxonomy":"category","embeddable":true,"href":"https:\/\/middleeasttransparent.com\/fr\/wp-json\/wp\/v2\/categories?post=27564"},{"taxonomy":"post_tag","embeddable":true,"href":"https:\/\/middleeasttransparent.com\/fr\/wp-json\/wp\/v2\/tags?post=27564"}],"curies":[{"name":"wp","href":"https:\/\/api.w.org\/{rel}","templated":true}]}}