{"id":2748,"date":"2015-07-28T18:02:31","date_gmt":"2015-07-28T17:02:31","guid":{"rendered":"http:\/\/middleeasttransparent.com\/news\/?p=2748"},"modified":"2024-10-08T21:23:47","modified_gmt":"2024-10-08T20:23:47","slug":"un-fils-kadhafi-condamne-a-mort-a-tripoli","status":"publish","type":"post","link":"https:\/\/middleeasttransparent.com\/fr\/un-fils-kadhafi-condamne-a-mort-a-tripoli\/","title":{"rendered":"Un fils Kadhafi condamn\u00e9 \u00e0 mort \u00e0 Tripoli"},"content":{"rendered":"<div class=\"info\"><span class=\"author\"><a href=\"http:\/\/www.liberation.fr\/auteur\/10440-mathieu-galtier\">Mathieu GALTIER Correspondant en Libye<\/a><\/span><\/div>\n<p>&nbsp;<\/p>\n<div class=\"description\">\n<h3>Dans la capitale libyenne, o\u00f9 le gouvernement accus\u00e9 d&rsquo;\u00eatre proche des islamistes n&rsquo;est pas reconnu par la communaut\u00e9 internationale, le verdict du tribunal qui a jug\u00e9 Sa\u00eff al-Islam est consid\u00e9r\u00e9 comme ill\u00e9gal.<\/h3>\n<\/div>\n<div id=\"article-body\" class=\"article-body mod\">\n<div>\n<p>Pas de surprise. Neuf des trente-sept accus\u00e9s dans le proc\u00e8s des kadhafistes ont \u00e9t\u00e9, mardi, condamn\u00e9s \u00e0 mort par un peloton d\u2019ex\u00e9cution \u00e0 Tripoli. Parmi eux : Sa\u00eff al-Islam, fils pr\u00e9f\u00e9r\u00e9 de Muammar al-Kadhafi, Abdallah al-Senoussi, ancien chef du renseignement militaire et v\u00e9ritable homme des basses \u0153uvres du r\u00e9gime, Bouzid Dorda, ex-responsable de l\u2019espionnage libyen ou encore Baghdadi al-Mahmoudi, Premier ministre de la Jamahiriya en 2011. Ces inculp\u00e9s aux visages \u00e9maci\u00e9s, aux rides profondes et aux cheveux ras\u00e9s ont, entre autres, \u00e9t\u00e9 reconnus coupables d\u2019avoir incit\u00e9 aux meurtres, enr\u00f4l\u00e9 des mercenaires, favoris\u00e9 la discorde entre les tribus ainsi que de corruption avant et pendant la r\u00e9volution. Huit autres accus\u00e9s ont \u00e9t\u00e9 condamn\u00e9s \u00e0 la prison \u00e0 vie, quatre ont \u00e9t\u00e9 innocent\u00e9s et un autre devra \u00eatre suivi dans une institution m\u00e9dicalis\u00e9e. Le reste des condamn\u00e9s devra purger des peines de prison de cinq ans minimum. A l\u2019annonce de sa condamnation \u00e0 mort, Jibril Kadiki, un g\u00e9n\u00e9ral proche de Sa\u00eff al-Islam, s\u2019est \u00e9vanoui et a d\u00fb \u00eatre sorti de la salle d\u2019audience par deux gardes pendant que le juge continuait d\u2019\u00e9grener les sentences. Un autre accus\u00e9, \u00e9galement condamn\u00e9 \u00e0 la peine capitale, a attendu que le juge termine pour se lever \u00e0 l\u2019int\u00e9rieur de la cage r\u00e9serv\u00e9e aux inculp\u00e9s pour s\u2019\u00e9crier : <em>\u00abFr\u00e8res musulmans, Al-Qaeda, ce n\u2019est pas la justice.\u00bb<\/em>\u00a0Dans sa combinaison bleue de prisonnier, Abdallah al-Senoussi\u00a0est rest\u00e9 les bras crois\u00e9s, sans expression particuli\u00e8re, tandis que Bouzid Dorda arborait un sourire en coin, surtout destin\u00e9 aux journalistes. Par deux fois au moins durant les quinze mois qu\u2019a dur\u00e9 le proc\u00e8s, Baghdadi al-Mahmoudi, qui souffrirait d\u2019un cancer selon sa famille, s\u2019est plaint d\u2019avoir \u00e9t\u00e9 tortur\u00e9. Ses avocats tunisiens, qui n\u2019ont pas eu le droit de plaider, avancent des cas d\u2019empoisonnement alimentaire et d\u2019inhalation de gaz. Lors de la pr\u00e9c\u00e9dente audience, le 20 mai, Bouzid Dorda avait racont\u00e9 \u00e0 <em>Lib\u00e9ration<\/em> que son fr\u00e8re avait \u00e9t\u00e9 jet\u00e9 du deuxi\u00e8me \u00e9tage de la prison par des gardes <em>\u00abparce qu\u2019il refusait de renier Kadhafi\u00bb.<\/em> Au sortir de l\u2019audience, Ali Kabar, l\u2019un des avocats de Baghdadi al-Mahmoudi, a assur\u00e9 que son client ferait appel : <em>\u00abNous n\u2019avons pas pu pr\u00e9senter de t\u00e9moins durant les audiences car ils avaient trop peur de venir \u00e0 Tripoli. Le jugement est arriv\u00e9 trop vite<\/em> [il y a eu une trentaine de s\u00e9ances de quatre heures chacune depuis le d\u00e9but du proc\u00e8s, en avril 2014, ndlr]<em>, nous n\u2019avons pas eu le temps d\u2019\u00e9tudier les 4 000 pages du dossier.\u00bb<\/em><\/p>\n<h3>\u00abLe verdict n\u2019est pas une surprise\u00bb<\/h3>\n<p>Pour l\u2019occasion, la rue du tribunal \u00e9tait prot\u00e9g\u00e9e par des voitures blind\u00e9es. Des policiers anti\u00e9meute avec casques et boucliers \u00e9taient pr\u00e9sents pour dissuader tout d\u00e9bordement. Un dispositif intimidant qui s\u2019est r\u00e9v\u00e9l\u00e9 inutile. Comme toutes les audiences pr\u00e9c\u00e9dentes, hormis la premi\u00e8re, celle-ci s\u2019est d\u00e9roul\u00e9e dans l\u2019indiff\u00e9rence. <em>\u00abKadhafi, c\u2019est fini depuis plus de quatre ans,<\/em> explique Ahmed, un client d\u2019un grand caf\u00e9 en centre-ville. <em>On a d\u2019autres probl\u00e8mes : il n\u2019y a plus d\u2019argent, on se bat partout et il y a l\u2019Etat islamique, aussi. Senoussi et les autres, ils sont coupables, c\u2019est s\u00fbr. Le verdict n\u2019est pas une surprise.\u00bb <\/em> Reste le myst\u00e8re Sa\u00eff al-Islam, qui n\u2019est pas paru en public depuis des mois. Captur\u00e9 par des brigades de la ville de Zintan en novembre 2011, le fils Kadhafi, qui est \u00e9galement demand\u00e9 par la Cour p\u00e9nale internationale, n\u2019a jamais comparu physiquement \u00e0 Tripoli. Au mieux, il a \u00e9t\u00e9 en liaison par vid\u00e9oconf\u00e9rence, ce qui ne s\u2019est pas reproduit depuis juin. Un mois plus tard a \u00e9clat\u00e9 la bataille de Tripoli qui a provoqu\u00e9 la scission politique du pays : d\u2019un c\u00f4t\u00e9, le gouvernement de Tripoli, accus\u00e9 d\u2019\u00eatre proche des islamistes, et de l\u2019autre, celui de Bayda, \u00e0 l\u2019est du pays, qui est soutenu par la communaut\u00e9 internationale. La ville de Zintan, \u00e9galement du c\u00f4t\u00e9 de ce dernier, refuse de collaborer avec la capitale libyenne car elle consid\u00e8re la justice aux mains de l\u2019autorit\u00e9 ennemie. Le minist\u00e8re de la Justice de Bayda a affirm\u00e9 que le tribunal de Tripoli \u00e9tait ill\u00e9gal et que les juges travaillaient <em>\u00absous la contrainte\u00bb.<\/em> Le procureur du proc\u00e8s d\u00e9ment toute interf\u00e9rence politique : <em>\u00abNous sommes totalement ind\u00e9pendants des deux gouvernements. Nous d\u00e9pendons du Haut Conseil de justice qui n\u2019est rattach\u00e9 \u00e0 aucun des deux minist\u00e8res de la Justice. Si nous r\u00e9cup\u00e9rons Sa\u00eff al-Islam, il aura le droit \u00e0 un nouveau proc\u00e8s.\u00bb<\/em> A titre personnel, il esp\u00e8re que les ex\u00e9cutions ne seront pas mises en \u0153uvre avant que ne soit form\u00e9 un gouvernement d\u2019union nationale. Human Rights Watch regrette l\u2019issue de ce proc\u00e8s : <em>\u00abLa Libye a rat\u00e9 une opportunit\u00e9 importante de faire appliquer la justice durant cette p\u00e9riode post-kadhafiste.\u00bb<\/em> L\u2019ONG demande \u00e0 la Cour supr\u00eame de r\u00e9viser le jugement.<\/p>\n<\/div>\n<div class=\"authors-container\"><span class=\"author\"><a href=\"http:\/\/www.liberation.fr\/auteur\/10440-mathieu-galtier\">Mathieu GALTIER Correspondant en Libye<\/a><\/span><\/div>\n<\/div>\n<div class=\"authors-container\"><\/div>\n<div class=\"authors-container\"><a href=\"http:\/\/www.liberation.fr\/monde\/2015\/07\/28\/un-fils-kadhafi-condamne-a-mort-a-tripoli_1355228\">Lib\u00e9ration<\/a><\/div>\n","protected":false},"excerpt":{"rendered":"<p>Mathieu GALTIER Correspondant en Libye &nbsp; Dans la capitale libyenne, o\u00f9 le gouvernement accus\u00e9 d&rsquo;\u00eatre proche des islamistes n&rsquo;est pas reconnu par la communaut\u00e9 internationale, le verdict du tribunal qui a jug\u00e9 Sa\u00eff al-Islam est consid\u00e9r\u00e9 comme ill\u00e9gal. Pas de surprise. Neuf des trente-sept accus\u00e9s dans le proc\u00e8s des kadhafistes ont \u00e9t\u00e9, mardi, condamn\u00e9s \u00e0<\/p>\n","protected":false},"author":123,"featured_media":2749,"comment_status":"open","ping_status":"open","sticky":false,"template":"","format":"standard","meta":{"_uf_show_specific_survey":0,"_uf_disable_surveys":false,"footnotes":""},"categories":[22],"tags":[],"class_list":{"0":"post-2748","1":"post","2":"type-post","3":"status-publish","4":"format-standard","5":"has-post-thumbnail","7":"category-actualites-fr"},"aioseo_notices":[],"_links":{"self":[{"href":"https:\/\/middleeasttransparent.com\/fr\/wp-json\/wp\/v2\/posts\/2748","targetHints":{"allow":["GET"]}}],"collection":[{"href":"https:\/\/middleeasttransparent.com\/fr\/wp-json\/wp\/v2\/posts"}],"about":[{"href":"https:\/\/middleeasttransparent.com\/fr\/wp-json\/wp\/v2\/types\/post"}],"author":[{"embeddable":true,"href":"https:\/\/middleeasttransparent.com\/fr\/wp-json\/wp\/v2\/users\/123"}],"replies":[{"embeddable":true,"href":"https:\/\/middleeasttransparent.com\/fr\/wp-json\/wp\/v2\/comments?post=2748"}],"version-history":[{"count":0,"href":"https:\/\/middleeasttransparent.com\/fr\/wp-json\/wp\/v2\/posts\/2748\/revisions"}],"wp:featuredmedia":[{"embeddable":true,"href":"https:\/\/middleeasttransparent.com\/fr\/wp-json\/wp\/v2\/media\/2749"}],"wp:attachment":[{"href":"https:\/\/middleeasttransparent.com\/fr\/wp-json\/wp\/v2\/media?parent=2748"}],"wp:term":[{"taxonomy":"category","embeddable":true,"href":"https:\/\/middleeasttransparent.com\/fr\/wp-json\/wp\/v2\/categories?post=2748"},{"taxonomy":"post_tag","embeddable":true,"href":"https:\/\/middleeasttransparent.com\/fr\/wp-json\/wp\/v2\/tags?post=2748"}],"curies":[{"name":"wp","href":"https:\/\/api.w.org\/{rel}","templated":true}]}}